{"id":39758,"date":"2019-12-20T09:00:20","date_gmt":"2019-12-20T12:00:20","guid":{"rendered":"http:\/\/blogdoeloiltoncajuhy.com.br\/site\/?p=39758"},"modified":"2019-12-20T09:00:26","modified_gmt":"2019-12-20T12:00:26","slug":"comissao-da-camara-aprova-prazo-para-elaboracao-de-laudos-de-exame-em-ate-24-horas-em-caso-de-violencia-domestica","status":"publish","type":"post","link":"https:\/\/blogdoeloiltoncajuhy.com.br\/site\/comissao-da-camara-aprova-prazo-para-elaboracao-de-laudos-de-exame-em-ate-24-horas-em-caso-de-violencia-domestica\/","title":{"rendered":"Comiss\u00e3o da C\u00e2mara aprova prazo para elabora\u00e7\u00e3o de laudos de exame em at\u00e9 24 horas em caso de viol\u00eancia dom\u00e9stica"},"content":{"rendered":"\n<p><strong>Da R\u00e1dio C\u00e2mara, de Bras\u00edlia, Nat\u00e1lia Ferreira<\/strong><\/p>\n\n\n\n<div class=\"wp-block-image\"><figure class=\"aligncenter size-large\"><img data-recalc-dims=\"1\" fetchpriority=\"high\" decoding=\"async\" width=\"550\" height=\"373\" src=\"https:\/\/i0.wp.com\/blogdoeloiltoncajuhy.com.br\/site\/wp-content\/uploads\/2017\/09\/violenciamulher.jpg?resize=550%2C373\" alt=\"\" class=\"wp-image-20271\" srcset=\"https:\/\/i0.wp.com\/blogdoeloiltoncajuhy.com.br\/site\/wp-content\/uploads\/2017\/09\/violenciamulher.jpg?w=550&amp;ssl=1 550w, https:\/\/i0.wp.com\/blogdoeloiltoncajuhy.com.br\/site\/wp-content\/uploads\/2017\/09\/violenciamulher.jpg?resize=300%2C203&amp;ssl=1 300w, https:\/\/i0.wp.com\/blogdoeloiltoncajuhy.com.br\/site\/wp-content\/uploads\/2017\/09\/violenciamulher.jpg?resize=250%2C170&amp;ssl=1 250w\" sizes=\"(max-width: 550px) 100vw, 550px\" \/><\/figure><\/div>\n\n\n\n<p>A Comiss\u00e3o de Defesa dos Direitos da Mulher da C\u00e2mara aprovou uma proposta (4471\/19) que determina que o laudo do exame de corpo de delito realizado em mulher v\u00edtima de viol\u00eancia dom\u00e9stica deve ser elaborado em at\u00e9 24 horas. O mesmo prazo valer\u00e1 para os casos de viol\u00eancia contra crian\u00e7a, adolescente, idoso ou pessoa com defici\u00eancia.<\/p>\n\n\n\n<p>Atualmente, o C\u00f3digo de Processo Penal (Decreto-Lei 3.689\/41) j\u00e1 prev\u00ea que v\u00edtimas desses crimes tenham prioridade de atendimento nos institutos m\u00e9dico-legais (IMLs). Mas n\u00e3o h\u00e1 prazo para a conclus\u00e3o dos laudos.<\/p>\n\n\n\n<p>Segundo a relatora do projeto na comiss\u00e3o, a deputada Erika Kokay, do PT do Distrito Federal, as v\u00edtimas de viol\u00eancia dom\u00e9stica precisam de celeridade no atendimento e na elabora\u00e7\u00e3o de laudos periciais.<\/p>\n\n\n\n<p><em>\u201cN\u00f3s temos que ter uma resposta r\u00e1pida do Estado. Por isso \u00e9 que n\u00f3s defendemos que tenhamos o maior n\u00famero poss\u00edvel de delegacias das mulheres e que n\u00f3s possamos ter o exame do IML o mais r\u00e1pido poss\u00edvel para que esse processo ele tenha uma resposta. Uma resposta, inclusive, no caso de viol\u00eancia dom\u00e9stica, que possa proteger a mulher de uma viol\u00eancia que \u00e9 recorrente\u201d<\/em>.<\/p>\n\n\n\n<p>Rita de Castro, coordenadora da Comiss\u00e3o dos Direitos da Mulher da Associa\u00e7\u00e3o dos Defensores P\u00fablicos (ANADEP), considera fundamental a r\u00e1pida elabora\u00e7\u00e3o do laudo para a responsabiliza\u00e7\u00e3o criminal do agressor.<\/p>\n\n\n\n<p><em>\u201c\u00c0s vezes a gente depende do laudo, inclusive, para ter uma certeza da qualifica\u00e7\u00e3o jur\u00eddica da conduta que a gente vai atribuir ao agressor. Ent\u00e3o, quanto mais r\u00e1pida essa resposta t\u00e9cnica vier para o sistema de justi\u00e7a, mais r\u00e1pido a gente tem condi\u00e7\u00f5es de fazer o processo dessa mulher tramitar\u201d<\/em>.<\/p>\n\n\n\n<p>A proposta que determina a elabora\u00e7\u00e3o de laudos de corpo de delito em at\u00e9 24 horas ainda ser\u00e1 analisada pelas comiss\u00f5es de Seguran\u00e7a P\u00fablica e Combate ao Crime Organizado; e de Constitui\u00e7\u00e3o e Justi\u00e7a.<\/p>\n","protected":false},"excerpt":{"rendered":"<p>Da R\u00e1dio C\u00e2mara, de Bras\u00edlia, Nat\u00e1lia Ferreira A Comiss\u00e3o de Defesa dos Direitos da Mulher da C\u00e2mara aprovou uma proposta (4471\/19) que determina que o laudo do exame de corpo de delito realizado em mulher v\u00edtima de viol\u00eancia dom\u00e9stica deve ser elaborado em at\u00e9 24 horas. O mesmo prazo valer\u00e1 para os casos de viol\u00eancia [&hellip;]<\/p>\n","protected":false},"author":2,"featured_media":0,"comment_status":"open","ping_status":"open","sticky":false,"template":"","format":"standard","meta":{"_acf_changed":false,"_monsterinsights_skip_tracking":false,"_monsterinsights_sitenote_active":false,"_monsterinsights_sitenote_note":"","_monsterinsights_sitenote_category":0,"_jetpack_memberships_contains_paid_content":false,"footnotes":"","jetpack_publicize_message":"","jetpack_publicize_feature_enabled":true,"jetpack_social_post_already_shared":true,"jetpack_social_options":{"image_generator_settings":{"template":"highway","default_image_id":0,"font":"","enabled":false},"version":2}},"categories":[3],"tags":[],"class_list":["post-39758","post","type-post","status-publish","format-standard","hentry","category-politica"],"acf":[],"jetpack_publicize_connections":[],"jetpack_featured_media_url":"","jetpack_sharing_enabled":true,"publishpress_future_workflow_manual_trigger":{"enabledWorkflows":[]},"_links":{"self":[{"href":"https:\/\/blogdoeloiltoncajuhy.com.br\/site\/wp-json\/wp\/v2\/posts\/39758","targetHints":{"allow":["GET"]}}],"collection":[{"href":"https:\/\/blogdoeloiltoncajuhy.com.br\/site\/wp-json\/wp\/v2\/posts"}],"about":[{"href":"https:\/\/blogdoeloiltoncajuhy.com.br\/site\/wp-json\/wp\/v2\/types\/post"}],"author":[{"embeddable":true,"href":"https:\/\/blogdoeloiltoncajuhy.com.br\/site\/wp-json\/wp\/v2\/users\/2"}],"replies":[{"embeddable":true,"href":"https:\/\/blogdoeloiltoncajuhy.com.br\/site\/wp-json\/wp\/v2\/comments?post=39758"}],"version-history":[{"count":1,"href":"https:\/\/blogdoeloiltoncajuhy.com.br\/site\/wp-json\/wp\/v2\/posts\/39758\/revisions"}],"predecessor-version":[{"id":39759,"href":"https:\/\/blogdoeloiltoncajuhy.com.br\/site\/wp-json\/wp\/v2\/posts\/39758\/revisions\/39759"}],"wp:attachment":[{"href":"https:\/\/blogdoeloiltoncajuhy.com.br\/site\/wp-json\/wp\/v2\/media?parent=39758"}],"wp:term":[{"taxonomy":"category","embeddable":true,"href":"https:\/\/blogdoeloiltoncajuhy.com.br\/site\/wp-json\/wp\/v2\/categories?post=39758"},{"taxonomy":"post_tag","embeddable":true,"href":"https:\/\/blogdoeloiltoncajuhy.com.br\/site\/wp-json\/wp\/v2\/tags?post=39758"}],"curies":[{"name":"wp","href":"https:\/\/api.w.org\/{rel}","templated":true}]}}