{"id":39755,"date":"2019-12-19T22:06:54","date_gmt":"2019-12-20T01:06:54","guid":{"rendered":"http:\/\/blogdoeloiltoncajuhy.com.br\/site\/?p=39755"},"modified":"2019-12-19T22:07:00","modified_gmt":"2019-12-20T01:07:00","slug":"reflexao-faca-hoje-nao-amanha","status":"publish","type":"post","link":"https:\/\/blogdoeloiltoncajuhy.com.br\/site\/reflexao-faca-hoje-nao-amanha\/","title":{"rendered":"Reflex\u00e3o: Fa\u00e7a hoje, n\u00e3o amanh\u00e3"},"content":{"rendered":"\n<p><strong>Mundo das Mensagens<\/strong><\/p>\n\n\n\n<div class=\"wp-block-image\"><figure class=\"aligncenter size-large is-resized\"><img data-recalc-dims=\"1\" fetchpriority=\"high\" decoding=\"async\" src=\"https:\/\/i0.wp.com\/blogdoeloiltoncajuhy.com.br\/site\/wp-content\/uploads\/2019\/07\/Reflex%C3%A3o_0705.jpg?resize=479%2C319\" alt=\"\" class=\"wp-image-35730\" width=\"479\" height=\"319\" srcset=\"https:\/\/i0.wp.com\/blogdoeloiltoncajuhy.com.br\/site\/wp-content\/uploads\/2019\/07\/Reflex%C3%A3o_0705.jpg?w=638&amp;ssl=1 638w, https:\/\/i0.wp.com\/blogdoeloiltoncajuhy.com.br\/site\/wp-content\/uploads\/2019\/07\/Reflex%C3%A3o_0705.jpg?resize=300%2C200&amp;ssl=1 300w, https:\/\/i0.wp.com\/blogdoeloiltoncajuhy.com.br\/site\/wp-content\/uploads\/2019\/07\/Reflex%C3%A3o_0705.jpg?resize=250%2C167&amp;ssl=1 250w\" sizes=\"(max-width: 479px) 100vw, 479px\" \/><\/figure><\/div>\n\n\n\n<p>Diz o pregui\u00e7oso: <em>&#8220;Amanh\u00e3 farei&#8221;<\/em>.<br>Exclama o fraco: <em>&#8220;Amanh\u00e3 terei for\u00e7as&#8221;<\/em>.<br>Assevera o delinquente: <em>&#8220;Amanh\u00e3 regenero-me&#8221;<\/em>.<\/p>\n\n\n\n<p>\u00c9 imperioso reconhecer, por\u00e9m, que a criatura adiando o esfor\u00e7o pessoal n\u00e3o alcan\u00e7ou, ainda, a no\u00e7\u00e3o real do tempo. Quem n\u00e3o aproveita a b\u00ean\u00e7\u00e3o do dia, vive distante da gl\u00f3ria do s\u00e9culo.<\/p>\n\n\n\n<p>A alma sem coragem de avan\u00e7ar cem passos n\u00e3o caminhar\u00e1 vinte mil. O lavrador que perde a hora de semear n\u00e3o consegue prever as consequ\u00eancias da procrastina\u00e7\u00e3o do servi\u00e7o a que se devota, porque, entre uma hora e outra, podem surgir impedimentos e lutas de indefin\u00edvel dura\u00e7\u00e3o.<\/p>\n\n\n\n<p>Muita gente aguarda a morte para entrar numa boa vida. Contudo, a lei \u00e9 clara quanto \u00e0 destina\u00e7\u00e3o de cada um de n\u00f3s. Alcan\u00e7aremos sempre os resultados a que nos propomos.<\/p>\n\n\n\n<p>Se todas as aves possuem asas, nem todas se ajustam \u00e0 mesma tarefa, nem planam no mesmo n\u00edvel. A andorinha voa na dire\u00e7\u00e3o do clima primaveril, mas o corvo, de modo geral, se consagra, em qualquer tempo, aos detritos do ch\u00e3o. Aquilo que o homem procura agora, surpreender\u00e1 amanh\u00e3 \u00e0 frente dos olhos e em torno do cora\u00e7\u00e3o.<\/p>\n\n\n\n<p>Cuida, pois, de fazer, sem delonga, quanto deve ser feito em benef\u00edcio de tua pr\u00f3pria felicidade, porque o amanh\u00e3 ser\u00e1 muito agrad\u00e1vel e ben\u00e9fico somente para aquele que trabalha no bem, que cresce no ideal superior e que aperfei\u00e7oa nas aben\u00e7oadas horas de hoje.<\/p>\n","protected":false},"excerpt":{"rendered":"<p>Mundo das Mensagens Diz o pregui\u00e7oso: &#8220;Amanh\u00e3 farei&#8221;.Exclama o fraco: &#8220;Amanh\u00e3 terei for\u00e7as&#8221;.Assevera o delinquente: &#8220;Amanh\u00e3 regenero-me&#8221;. \u00c9 imperioso reconhecer, por\u00e9m, que a criatura adiando o esfor\u00e7o pessoal n\u00e3o alcan\u00e7ou, ainda, a no\u00e7\u00e3o real do tempo. Quem n\u00e3o aproveita a b\u00ean\u00e7\u00e3o do dia, vive distante da gl\u00f3ria do s\u00e9culo. A alma sem coragem de avan\u00e7ar [&hellip;]<\/p>\n","protected":false},"author":2,"featured_media":0,"comment_status":"open","ping_status":"open","sticky":false,"template":"","format":"standard","meta":{"_acf_changed":false,"_monsterinsights_skip_tracking":false,"_monsterinsights_sitenote_active":false,"_monsterinsights_sitenote_note":"","_monsterinsights_sitenote_category":0,"_jetpack_memberships_contains_paid_content":false,"footnotes":"","jetpack_publicize_message":"","jetpack_publicize_feature_enabled":true,"jetpack_social_post_already_shared":true,"jetpack_social_options":{"image_generator_settings":{"template":"highway","default_image_id":0,"font":"","enabled":false},"version":2}},"categories":[1,9],"tags":[],"class_list":["post-39755","post","type-post","status-publish","format-standard","hentry","category-noticias","category-reflexao"],"acf":[],"jetpack_publicize_connections":[],"jetpack_featured_media_url":"","jetpack_sharing_enabled":true,"publishpress_future_workflow_manual_trigger":{"enabledWorkflows":[]},"_links":{"self":[{"href":"https:\/\/blogdoeloiltoncajuhy.com.br\/site\/wp-json\/wp\/v2\/posts\/39755","targetHints":{"allow":["GET"]}}],"collection":[{"href":"https:\/\/blogdoeloiltoncajuhy.com.br\/site\/wp-json\/wp\/v2\/posts"}],"about":[{"href":"https:\/\/blogdoeloiltoncajuhy.com.br\/site\/wp-json\/wp\/v2\/types\/post"}],"author":[{"embeddable":true,"href":"https:\/\/blogdoeloiltoncajuhy.com.br\/site\/wp-json\/wp\/v2\/users\/2"}],"replies":[{"embeddable":true,"href":"https:\/\/blogdoeloiltoncajuhy.com.br\/site\/wp-json\/wp\/v2\/comments?post=39755"}],"version-history":[{"count":1,"href":"https:\/\/blogdoeloiltoncajuhy.com.br\/site\/wp-json\/wp\/v2\/posts\/39755\/revisions"}],"predecessor-version":[{"id":39756,"href":"https:\/\/blogdoeloiltoncajuhy.com.br\/site\/wp-json\/wp\/v2\/posts\/39755\/revisions\/39756"}],"wp:attachment":[{"href":"https:\/\/blogdoeloiltoncajuhy.com.br\/site\/wp-json\/wp\/v2\/media?parent=39755"}],"wp:term":[{"taxonomy":"category","embeddable":true,"href":"https:\/\/blogdoeloiltoncajuhy.com.br\/site\/wp-json\/wp\/v2\/categories?post=39755"},{"taxonomy":"post_tag","embeddable":true,"href":"https:\/\/blogdoeloiltoncajuhy.com.br\/site\/wp-json\/wp\/v2\/tags?post=39755"}],"curies":[{"name":"wp","href":"https:\/\/api.w.org\/{rel}","templated":true}]}}