{"id":39745,"date":"2019-12-19T21:14:33","date_gmt":"2019-12-20T00:14:33","guid":{"rendered":"http:\/\/blogdoeloiltoncajuhy.com.br\/site\/?p=39745"},"modified":"2019-12-19T21:14:39","modified_gmt":"2019-12-20T00:14:39","slug":"sr-do-bonfim-criador-do-grupo-lume-da-unicamp-realiza-vivencia-com-estudantes-de-teatro-e-pedagogia-da-uneb","status":"publish","type":"post","link":"https:\/\/blogdoeloiltoncajuhy.com.br\/site\/sr-do-bonfim-criador-do-grupo-lume-da-unicamp-realiza-vivencia-com-estudantes-de-teatro-e-pedagogia-da-uneb\/","title":{"rendered":"Sr. do Bonfim: Criador do Grupo Lume da UNICAMP realiza viv\u00eancia com estudantes de Teatro e Pedagogia da UNEB"},"content":{"rendered":"\n<p><strong>Lorena Simas<\/strong><br>Coordenadora do N\u00facleo de Assessoria de Comunica\u00e7\u00e3o (NAC- DEDC\/ UNEB)<\/p>\n\n\n\n<div class=\"wp-block-image\"><figure class=\"aligncenter size-large\"><img fetchpriority=\"high\" decoding=\"async\" width=\"1080\" height=\"562\" src=\"https:\/\/i1.wp.com\/blogdoeloiltoncajuhy.com.br\/site\/wp-content\/uploads\/2019\/12\/UnebSimione.jpg?fit=590%2C307\" alt=\"\" class=\"wp-image-39746\" srcset=\"https:\/\/i0.wp.com\/blogdoeloiltoncajuhy.com.br\/site\/wp-content\/uploads\/2019\/12\/UnebSimione.jpg?w=1080&amp;ssl=1 1080w, https:\/\/i0.wp.com\/blogdoeloiltoncajuhy.com.br\/site\/wp-content\/uploads\/2019\/12\/UnebSimione.jpg?resize=300%2C156&amp;ssl=1 300w, https:\/\/i0.wp.com\/blogdoeloiltoncajuhy.com.br\/site\/wp-content\/uploads\/2019\/12\/UnebSimione.jpg?resize=1024%2C533&amp;ssl=1 1024w, https:\/\/i0.wp.com\/blogdoeloiltoncajuhy.com.br\/site\/wp-content\/uploads\/2019\/12\/UnebSimione.jpg?resize=768%2C400&amp;ssl=1 768w, https:\/\/i0.wp.com\/blogdoeloiltoncajuhy.com.br\/site\/wp-content\/uploads\/2019\/12\/UnebSimione.jpg?resize=250%2C130&amp;ssl=1 250w\" sizes=\"(max-width: 800px) 100vw, 800px\" \/><\/figure><\/div>\n\n\n\n<p>Na \u00faltima sexta-feira (13), o Departamento de Educa\u00e7\u00e3o (DEDC), Campus VII da UNEB, recebeu o criador do Grupo Lume N\u00facleo Interdisciplinar de Pesquisas Teatrais da Universidade Estadual de Campinas (UNICAMP), Carlos Simioni. O ator e diretor teatral realizou a viv\u00eancia intitulada <em><strong>\u201cA presen\u00e7a do ator e o campo magn\u00e9tico\u201d<\/strong><\/em> com estudantes dos cursos de Teatro e Pedagogia do DEDC VII.<\/p>\n\n\n\n<p>O professor do DEDC VII, Benedito Oliveira, ressaltou a import\u00e2ncia da viv\u00eancia com o criador do LUME por ser uma refer\u00eancia no Brasil, com mais de tr\u00eas d\u00e9cadas de trabalhos realizados em mais de 30 pa\u00edses, pesquisando e difundido as mais variadas t\u00e9cnicas de prepara\u00e7\u00e3o do ator e da atriz. <em>\u201cA semente plantada por Simioni vai germinar e os resultados poder\u00e3o ser acompanhados pelo p\u00fablico atrav\u00e9s de cada cena ou trabalho art\u00edstico dos iniciados na viv\u00eancia\u201d<\/em>, relatou Oliveira.<\/p>\n","protected":false},"excerpt":{"rendered":"<p>Lorena SimasCoordenadora do N\u00facleo de Assessoria de Comunica\u00e7\u00e3o (NAC- DEDC\/ UNEB) Na \u00faltima sexta-feira (13), o Departamento de Educa\u00e7\u00e3o (DEDC), Campus VII da UNEB, recebeu o criador do Grupo Lume N\u00facleo Interdisciplinar de Pesquisas Teatrais da Universidade Estadual de Campinas (UNICAMP), Carlos Simioni. O ator e diretor teatral realizou a viv\u00eancia intitulada \u201cA presen\u00e7a do [&hellip;]<\/p>\n","protected":false},"author":2,"featured_media":39746,"comment_status":"open","ping_status":"open","sticky":false,"template":"","format":"standard","meta":{"_acf_changed":false,"_monsterinsights_skip_tracking":false,"_monsterinsights_sitenote_active":false,"_monsterinsights_sitenote_note":"","_monsterinsights_sitenote_category":0,"_jetpack_memberships_contains_paid_content":false,"footnotes":"","jetpack_publicize_message":"","jetpack_publicize_feature_enabled":true,"jetpack_social_post_already_shared":true,"jetpack_social_options":{"image_generator_settings":{"template":"highway","default_image_id":0,"font":"","enabled":false},"version":2}},"categories":[8,14,1,4],"tags":[],"class_list":["post-39745","post","type-post","status-publish","format-standard","has-post-thumbnail","hentry","category-cultura","category-educacao","category-noticias","category-local"],"acf":[],"jetpack_publicize_connections":[],"jetpack_featured_media_url":"https:\/\/i0.wp.com\/blogdoeloiltoncajuhy.com.br\/site\/wp-content\/uploads\/2019\/12\/UnebSimione.jpg?fit=1080%2C562&ssl=1","jetpack_sharing_enabled":true,"publishpress_future_workflow_manual_trigger":{"enabledWorkflows":[]},"_links":{"self":[{"href":"https:\/\/blogdoeloiltoncajuhy.com.br\/site\/wp-json\/wp\/v2\/posts\/39745","targetHints":{"allow":["GET"]}}],"collection":[{"href":"https:\/\/blogdoeloiltoncajuhy.com.br\/site\/wp-json\/wp\/v2\/posts"}],"about":[{"href":"https:\/\/blogdoeloiltoncajuhy.com.br\/site\/wp-json\/wp\/v2\/types\/post"}],"author":[{"embeddable":true,"href":"https:\/\/blogdoeloiltoncajuhy.com.br\/site\/wp-json\/wp\/v2\/users\/2"}],"replies":[{"embeddable":true,"href":"https:\/\/blogdoeloiltoncajuhy.com.br\/site\/wp-json\/wp\/v2\/comments?post=39745"}],"version-history":[{"count":1,"href":"https:\/\/blogdoeloiltoncajuhy.com.br\/site\/wp-json\/wp\/v2\/posts\/39745\/revisions"}],"predecessor-version":[{"id":39747,"href":"https:\/\/blogdoeloiltoncajuhy.com.br\/site\/wp-json\/wp\/v2\/posts\/39745\/revisions\/39747"}],"wp:featuredmedia":[{"embeddable":true,"href":"https:\/\/blogdoeloiltoncajuhy.com.br\/site\/wp-json\/wp\/v2\/media\/39746"}],"wp:attachment":[{"href":"https:\/\/blogdoeloiltoncajuhy.com.br\/site\/wp-json\/wp\/v2\/media?parent=39745"}],"wp:term":[{"taxonomy":"category","embeddable":true,"href":"https:\/\/blogdoeloiltoncajuhy.com.br\/site\/wp-json\/wp\/v2\/categories?post=39745"},{"taxonomy":"post_tag","embeddable":true,"href":"https:\/\/blogdoeloiltoncajuhy.com.br\/site\/wp-json\/wp\/v2\/tags?post=39745"}],"curies":[{"name":"wp","href":"https:\/\/api.w.org\/{rel}","templated":true}]}}