{"id":39734,"date":"2019-12-19T11:50:51","date_gmt":"2019-12-19T14:50:51","guid":{"rendered":"http:\/\/blogdoeloiltoncajuhy.com.br\/site\/?p=39734"},"modified":"2019-12-19T11:50:57","modified_gmt":"2019-12-19T14:50:57","slug":"al-ba-aprova-por-unanimidade-medalha-2-de-julho-para-o-ex-deputado-paulo-braga","status":"publish","type":"post","link":"https:\/\/blogdoeloiltoncajuhy.com.br\/site\/al-ba-aprova-por-unanimidade-medalha-2-de-julho-para-o-ex-deputado-paulo-braga\/","title":{"rendered":"AL-BA aprova por unanimidade Medalha 2 de Julho para o ex-deputado Paulo Braga"},"content":{"rendered":"\n<p><strong>BLOG DO ELOILTON CAJUHY<\/strong><br>Com informa\u00e7\u00f5es do Blog do Cleber Vieira<\/p>\n\n\n\n<div class=\"wp-block-image\"><figure class=\"aligncenter size-large is-resized\"><img data-recalc-dims=\"1\" fetchpriority=\"high\" decoding=\"async\" src=\"https:\/\/i0.wp.com\/blogdoeloiltoncajuhy.com.br\/site\/wp-content\/uploads\/2019\/12\/PauloBraga_2019.jpg?resize=311%2C376\" alt=\"\" class=\"wp-image-39735\" width=\"311\" height=\"376\"\/><\/figure><\/div>\n\n\n\n<p>Na tarde desta quarta-feira (18), a Assembleia Legislativa da Bahia (AL-BA), aprovou por unanimidade, projeto de autoria do Deputado Bob\u00f3 do PCdoB, que concede a Paulo Braga de Miranda, ex-deputado estadual, pecuarista e empres\u00e1rio bonfinense, a maior condecora\u00e7\u00e3o do Estado da Bahia, a Medalha 2 de Julho.<\/p>\n\n\n\n<p>Paulo Braga recebeu vota\u00e7\u00e3o unanime dos deputados da Bahia em reconhecimento pelos relevantes servi\u00e7os prestados, n\u00e3o somente a Senhor do Bonfim, como todo o Territ\u00f3rio Norte do Itapicuru.<\/p>\n\n\n\n<p>Entre as a\u00e7\u00f5es, doa\u00e7\u00e3o de terrenos para constru\u00e7\u00e3o do IF Baiano, 28\u00aa Dires, Codetan, Cemit\u00e9rio Jardim da Saudade, Clube das \u00c1guas, Adelba, Gin\u00e1sio de Esportes que leva o seu nome e, por fim, a \u00e1rea para constru\u00e7\u00e3o da Policl\u00ednica Regional de Sa\u00fade.<\/p>\n\n\n\n<p>Recentemente Paulo Recebeu da C\u00e2mara Municipal de Senhor do Bonfim, a maior condecora\u00e7\u00e3o do munic\u00edpio, a Medalha Dr. Jos\u00e9 Gon\u00e7alves.<\/p>\n\n\n\n<p>A mesa diretora da AL-BA definir\u00e1 em breve a data para a entrega da condecora\u00e7\u00e3o a Paulo Braga, merecedor da homenagem.<\/p>\n","protected":false},"excerpt":{"rendered":"<p>BLOG DO ELOILTON CAJUHYCom informa\u00e7\u00f5es do Blog do Cleber Vieira Na tarde desta quarta-feira (18), a Assembleia Legislativa da Bahia (AL-BA), aprovou por unanimidade, projeto de autoria do Deputado Bob\u00f3 do PCdoB, que concede a Paulo Braga de Miranda, ex-deputado estadual, pecuarista e empres\u00e1rio bonfinense, a maior condecora\u00e7\u00e3o do Estado da Bahia, a Medalha 2 [&hellip;]<\/p>\n","protected":false},"author":2,"featured_media":39735,"comment_status":"open","ping_status":"open","sticky":false,"template":"","format":"standard","meta":{"_acf_changed":false,"_monsterinsights_skip_tracking":false,"_monsterinsights_sitenote_active":false,"_monsterinsights_sitenote_note":"","_monsterinsights_sitenote_category":0,"_jetpack_memberships_contains_paid_content":false,"footnotes":"","jetpack_publicize_message":"","jetpack_publicize_feature_enabled":true,"jetpack_social_post_already_shared":true,"jetpack_social_options":{"image_generator_settings":{"template":"highway","default_image_id":0,"font":"","enabled":false},"version":2}},"categories":[1,3,4],"tags":[],"class_list":["post-39734","post","type-post","status-publish","format-standard","has-post-thumbnail","hentry","category-noticias","category-politica","category-local"],"acf":[],"jetpack_publicize_connections":[],"jetpack_featured_media_url":"https:\/\/i0.wp.com\/blogdoeloiltoncajuhy.com.br\/site\/wp-content\/uploads\/2019\/12\/PauloBraga_2019.jpg?fit=204%2C247&ssl=1","jetpack_sharing_enabled":true,"publishpress_future_workflow_manual_trigger":{"enabledWorkflows":[]},"_links":{"self":[{"href":"https:\/\/blogdoeloiltoncajuhy.com.br\/site\/wp-json\/wp\/v2\/posts\/39734","targetHints":{"allow":["GET"]}}],"collection":[{"href":"https:\/\/blogdoeloiltoncajuhy.com.br\/site\/wp-json\/wp\/v2\/posts"}],"about":[{"href":"https:\/\/blogdoeloiltoncajuhy.com.br\/site\/wp-json\/wp\/v2\/types\/post"}],"author":[{"embeddable":true,"href":"https:\/\/blogdoeloiltoncajuhy.com.br\/site\/wp-json\/wp\/v2\/users\/2"}],"replies":[{"embeddable":true,"href":"https:\/\/blogdoeloiltoncajuhy.com.br\/site\/wp-json\/wp\/v2\/comments?post=39734"}],"version-history":[{"count":1,"href":"https:\/\/blogdoeloiltoncajuhy.com.br\/site\/wp-json\/wp\/v2\/posts\/39734\/revisions"}],"predecessor-version":[{"id":39736,"href":"https:\/\/blogdoeloiltoncajuhy.com.br\/site\/wp-json\/wp\/v2\/posts\/39734\/revisions\/39736"}],"wp:featuredmedia":[{"embeddable":true,"href":"https:\/\/blogdoeloiltoncajuhy.com.br\/site\/wp-json\/wp\/v2\/media\/39735"}],"wp:attachment":[{"href":"https:\/\/blogdoeloiltoncajuhy.com.br\/site\/wp-json\/wp\/v2\/media?parent=39734"}],"wp:term":[{"taxonomy":"category","embeddable":true,"href":"https:\/\/blogdoeloiltoncajuhy.com.br\/site\/wp-json\/wp\/v2\/categories?post=39734"},{"taxonomy":"post_tag","embeddable":true,"href":"https:\/\/blogdoeloiltoncajuhy.com.br\/site\/wp-json\/wp\/v2\/tags?post=39734"}],"curies":[{"name":"wp","href":"https:\/\/api.w.org\/{rel}","templated":true}]}}