{"id":39730,"date":"2019-12-19T11:38:24","date_gmt":"2019-12-19T14:38:24","guid":{"rendered":"http:\/\/blogdoeloiltoncajuhy.com.br\/site\/?p=39730"},"modified":"2019-12-19T11:38:30","modified_gmt":"2019-12-19T14:38:30","slug":"morre-em-salvador-o-ex-diretor-do-if-baiano-de-senhor-do-bonfim-professor-joao-batista","status":"publish","type":"post","link":"https:\/\/blogdoeloiltoncajuhy.com.br\/site\/morre-em-salvador-o-ex-diretor-do-if-baiano-de-senhor-do-bonfim-professor-joao-batista\/","title":{"rendered":"Morre em Salvador o ex-diretor do IF Baiano de Senhor do Bonfim, Professor Jo\u00e3o Batista"},"content":{"rendered":"\n<p><strong>BLOG DO ELOILTON CAJUHY<\/strong><br>Com informa\u00e7\u00f5es do Blog do Cleber Vieira<\/p>\n\n\n\n<div class=\"wp-block-image\"><figure class=\"aligncenter size-large is-resized\"><img data-recalc-dims=\"1\" fetchpriority=\"high\" decoding=\"async\" src=\"https:\/\/i0.wp.com\/blogdoeloiltoncajuhy.com.br\/site\/wp-content\/uploads\/2019\/12\/ProJoaoBatistaIFBaiano.jpg?resize=292%2C375\" alt=\"\" class=\"wp-image-39731\" width=\"292\" height=\"375\" srcset=\"https:\/\/i0.wp.com\/blogdoeloiltoncajuhy.com.br\/site\/wp-content\/uploads\/2019\/12\/ProJoaoBatistaIFBaiano.jpg?w=210&amp;ssl=1 210w, https:\/\/i0.wp.com\/blogdoeloiltoncajuhy.com.br\/site\/wp-content\/uploads\/2019\/12\/ProJoaoBatistaIFBaiano.jpg?resize=194%2C250&amp;ssl=1 194w\" sizes=\"(max-width: 292px) 100vw, 292px\" \/><\/figure><\/div>\n\n\n\n<p>Faleceu por volta das 3h da madrugada desta quinta-feira (18) o ex-diretor do IF Baiano, Campus Senhor do Bonfim, Professor Jo\u00e3o Batista Alves Novais, aos 70 anos. O vel\u00f3rio acontece na capital baiana, onde seu corpo ser\u00e1 sepultado.<\/p>\n\n\n\n<p>O IF em Senhor do Bonfim, emitiu nota de pesar em virtude do falecimento do Prof\u00ba Jo\u00e3o Batista. <strong>Confira:<\/strong><\/p>\n\n\n\n<div class=\"wp-block-image\"><figure class=\"aligncenter size-large is-resized\"><img data-recalc-dims=\"1\" decoding=\"async\" src=\"https:\/\/i0.wp.com\/blogdoeloiltoncajuhy.com.br\/site\/wp-content\/uploads\/2019\/12\/ProJoaoBatistaIFBaianoNota.jpg?resize=381%2C333\" alt=\"\" class=\"wp-image-39732\" width=\"381\" height=\"333\" srcset=\"https:\/\/i0.wp.com\/blogdoeloiltoncajuhy.com.br\/site\/wp-content\/uploads\/2019\/12\/ProJoaoBatistaIFBaianoNota.jpg?w=762&amp;ssl=1 762w, https:\/\/i0.wp.com\/blogdoeloiltoncajuhy.com.br\/site\/wp-content\/uploads\/2019\/12\/ProJoaoBatistaIFBaianoNota.jpg?resize=300%2C262&amp;ssl=1 300w, https:\/\/i0.wp.com\/blogdoeloiltoncajuhy.com.br\/site\/wp-content\/uploads\/2019\/12\/ProJoaoBatistaIFBaianoNota.jpg?resize=250%2C218&amp;ssl=1 250w\" sizes=\"(max-width: 381px) 100vw, 381px\" \/><\/figure><\/div>\n","protected":false},"excerpt":{"rendered":"<p>BLOG DO ELOILTON CAJUHYCom informa\u00e7\u00f5es do Blog do Cleber Vieira Faleceu por volta das 3h da madrugada desta quinta-feira (18) o ex-diretor do IF Baiano, Campus Senhor do Bonfim, Professor Jo\u00e3o Batista Alves Novais, aos 70 anos. O vel\u00f3rio acontece na capital baiana, onde seu corpo ser\u00e1 sepultado. O IF em Senhor do Bonfim, emitiu [&hellip;]<\/p>\n","protected":false},"author":2,"featured_media":39732,"comment_status":"open","ping_status":"open","sticky":false,"template":"","format":"standard","meta":{"_acf_changed":false,"_monsterinsights_skip_tracking":false,"_monsterinsights_sitenote_active":false,"_monsterinsights_sitenote_note":"","_monsterinsights_sitenote_category":0,"_jetpack_memberships_contains_paid_content":false,"footnotes":"","jetpack_publicize_message":"","jetpack_publicize_feature_enabled":true,"jetpack_social_post_already_shared":true,"jetpack_social_options":{"image_generator_settings":{"template":"highway","default_image_id":0,"font":"","enabled":false},"version":2}},"categories":[1,4],"tags":[],"class_list":["post-39730","post","type-post","status-publish","format-standard","has-post-thumbnail","hentry","category-noticias","category-local"],"acf":[],"jetpack_publicize_connections":[],"jetpack_featured_media_url":"https:\/\/i0.wp.com\/blogdoeloiltoncajuhy.com.br\/site\/wp-content\/uploads\/2019\/12\/ProJoaoBatistaIFBaianoNota.jpg?fit=762%2C665&ssl=1","jetpack_sharing_enabled":true,"publishpress_future_workflow_manual_trigger":{"enabledWorkflows":[]},"_links":{"self":[{"href":"https:\/\/blogdoeloiltoncajuhy.com.br\/site\/wp-json\/wp\/v2\/posts\/39730","targetHints":{"allow":["GET"]}}],"collection":[{"href":"https:\/\/blogdoeloiltoncajuhy.com.br\/site\/wp-json\/wp\/v2\/posts"}],"about":[{"href":"https:\/\/blogdoeloiltoncajuhy.com.br\/site\/wp-json\/wp\/v2\/types\/post"}],"author":[{"embeddable":true,"href":"https:\/\/blogdoeloiltoncajuhy.com.br\/site\/wp-json\/wp\/v2\/users\/2"}],"replies":[{"embeddable":true,"href":"https:\/\/blogdoeloiltoncajuhy.com.br\/site\/wp-json\/wp\/v2\/comments?post=39730"}],"version-history":[{"count":1,"href":"https:\/\/blogdoeloiltoncajuhy.com.br\/site\/wp-json\/wp\/v2\/posts\/39730\/revisions"}],"predecessor-version":[{"id":39733,"href":"https:\/\/blogdoeloiltoncajuhy.com.br\/site\/wp-json\/wp\/v2\/posts\/39730\/revisions\/39733"}],"wp:featuredmedia":[{"embeddable":true,"href":"https:\/\/blogdoeloiltoncajuhy.com.br\/site\/wp-json\/wp\/v2\/media\/39732"}],"wp:attachment":[{"href":"https:\/\/blogdoeloiltoncajuhy.com.br\/site\/wp-json\/wp\/v2\/media?parent=39730"}],"wp:term":[{"taxonomy":"category","embeddable":true,"href":"https:\/\/blogdoeloiltoncajuhy.com.br\/site\/wp-json\/wp\/v2\/categories?post=39730"},{"taxonomy":"post_tag","embeddable":true,"href":"https:\/\/blogdoeloiltoncajuhy.com.br\/site\/wp-json\/wp\/v2\/tags?post=39730"}],"curies":[{"name":"wp","href":"https:\/\/api.w.org\/{rel}","templated":true}]}}