{"id":39724,"date":"2019-12-19T08:50:48","date_gmt":"2019-12-19T11:50:48","guid":{"rendered":"http:\/\/blogdoeloiltoncajuhy.com.br\/site\/?p=39724"},"modified":"2019-12-19T08:50:55","modified_gmt":"2019-12-19T11:50:55","slug":"prefeitura-de-jaguarari-divulga-datas-das-matriculas-e-re-matriculas-para-a-rede-municipal-de-ensino-em-2020","status":"publish","type":"post","link":"https:\/\/blogdoeloiltoncajuhy.com.br\/site\/prefeitura-de-jaguarari-divulga-datas-das-matriculas-e-re-matriculas-para-a-rede-municipal-de-ensino-em-2020\/","title":{"rendered":"Prefeitura de Jaguarari divulga datas das matr\u00edculas e re-matr\u00edculas para a Rede Municipal de Ensino em 2020"},"content":{"rendered":"\n<p><strong>ASCOM \u2013 Prefeitura de Jaguarari-BA<\/strong><\/p>\n\n\n\n<div class=\"wp-block-image\"><figure class=\"aligncenter size-large is-resized\"><img fetchpriority=\"high\" decoding=\"async\" src=\"https:\/\/i1.wp.com\/blogdoeloiltoncajuhy.com.br\/site\/wp-content\/uploads\/2019\/12\/PMJ_Matriculas-2020.jpg?fit=590%2C716\" alt=\"\" class=\"wp-image-39725\" width=\"443\" height=\"537\" srcset=\"https:\/\/i0.wp.com\/blogdoeloiltoncajuhy.com.br\/site\/wp-content\/uploads\/2019\/12\/PMJ_Matriculas-2020.jpg?w=1055&amp;ssl=1 1055w, https:\/\/i0.wp.com\/blogdoeloiltoncajuhy.com.br\/site\/wp-content\/uploads\/2019\/12\/PMJ_Matriculas-2020.jpg?resize=247%2C300&amp;ssl=1 247w, https:\/\/i0.wp.com\/blogdoeloiltoncajuhy.com.br\/site\/wp-content\/uploads\/2019\/12\/PMJ_Matriculas-2020.jpg?resize=844%2C1024&amp;ssl=1 844w, https:\/\/i0.wp.com\/blogdoeloiltoncajuhy.com.br\/site\/wp-content\/uploads\/2019\/12\/PMJ_Matriculas-2020.jpg?resize=768%2C932&amp;ssl=1 768w, https:\/\/i0.wp.com\/blogdoeloiltoncajuhy.com.br\/site\/wp-content\/uploads\/2019\/12\/PMJ_Matriculas-2020.jpg?resize=206%2C250&amp;ssl=1 206w\" sizes=\"(max-width: 443px) 100vw, 443px\" \/><\/figure><\/div>\n\n\n\n<p>A Prefeitura de Jaguarari, por meio da Secretaria Municipal de Educa\u00e7\u00e3o, divulga o cronograma de matr\u00edcula dos alunos da Rede Municipal de Ensino nos cursos de Ensino Infantil, Educa\u00e7\u00e3o de Jovens e Adultos \u2013 EJA, e Ensino Fundamental para o ano letivo de 2020.<\/p>\n\n\n\n<p>No per\u00edodo de 16 a 20 de dezembro e de 06 a 10 de janeiro, das 8h \u00e0s 14h os pais e respons\u00e1veis dever\u00e3o comparecer at\u00e9 a unidade de ensino em que o filho frequenta para renova\u00e7\u00e3o da matr\u00edcula ou solicita\u00e7\u00e3o de transfer\u00eancia para outra escola dentro da rede.<\/p>\n\n\n\n<p>J\u00e1 para os alunos novos que ir\u00e3o ingressar na rede municipal de ensino a matr\u00edcula acontece no per\u00edodo de 06 a 10 de janeiro das 8h \u00e0s 14h. Fiquem atentos para n\u00e3o perderem o prazo para matricula.<\/p>\n\n\n\n<p class=\"has-medium-font-size\"><strong>A rede municipal de ensino oferece matr\u00edcula para:<\/strong><\/p>\n\n\n\n<p>Maternal I \u2013 crian\u00e7as de 02 anos e 06 meses de idade (sede e Pilar)<br>\nMaternal II \u2013 crian\u00e7as de 03 anos de idade (sede e Pilar)<br>\n1\u00ba Per\u00edodo \u2013 04 anos de idade<br>\n2\u00ba Per\u00edodo \u2013 05 anos de idade<br>\n1\u00ba ano do ensino fundamental\u2013 para crian\u00e7as de 06 anos de idade Educa\u00e7\u00e3o de Jovens e Adultos, a matr\u00edcula atender\u00e1 a idade m\u00ednima para ingresso a partir de 15 anos.<\/p>\n\n\n\n<p><em>Obs.: As idades estabelecidas para todos os cursos dever\u00e3o estar completas ou a completar at\u00e9 31\/03\/2020<\/em><\/p>\n\n\n\n<p class=\"has-medium-font-size\"><strong>Documenta\u00e7\u00e3o necess\u00e1ria:<\/strong><\/p>\n\n\n\n<p> \u2022 Hist\u00f3rico Escolar \u2013 original;<br> \u2022 Original e c\u00f3pia da Certid\u00e3o de Registro Civil ou C\u00e9dula de Identidade;<br> \u2022 Original e c\u00f3pia do comprovante de resid\u00eancia;<br> \u2022 01 (uma) foto 3X4;<br> \u2022 Original e c\u00f3pia da Caderneta de Vacina\u00e7\u00e3o de crian\u00e7as e adolescentes at\u00e9 18 (dezoito) anos de idade;<br> \u2022 Original e c\u00f3pia da C\u00e9dula de Identidade, contato telef\u00f4nico e CPF do respons\u00e1vel legal, no caso de estudantes menores de 18 anos;<br> \u2022 Original e c\u00f3pia do Cart\u00e3o do Bolsa Fam\u00edlia.<\/p>\n","protected":false},"excerpt":{"rendered":"<p>ASCOM \u2013 Prefeitura de Jaguarari-BA A Prefeitura de Jaguarari, por meio da Secretaria Municipal de Educa\u00e7\u00e3o, divulga o cronograma de matr\u00edcula dos alunos da Rede Municipal de Ensino nos cursos de Ensino Infantil, Educa\u00e7\u00e3o de Jovens e Adultos \u2013 EJA, e Ensino Fundamental para o ano letivo de 2020. No per\u00edodo de 16 a 20 [&hellip;]<\/p>\n","protected":false},"author":2,"featured_media":39725,"comment_status":"open","ping_status":"open","sticky":false,"template":"","format":"standard","meta":{"_acf_changed":false,"_monsterinsights_skip_tracking":false,"_monsterinsights_sitenote_active":false,"_monsterinsights_sitenote_note":"","_monsterinsights_sitenote_category":0,"_jetpack_memberships_contains_paid_content":false,"footnotes":"","jetpack_publicize_message":"","jetpack_publicize_feature_enabled":true,"jetpack_social_post_already_shared":true,"jetpack_social_options":{"image_generator_settings":{"template":"highway","default_image_id":0,"font":"","enabled":false},"version":2}},"categories":[14,1,11],"tags":[],"class_list":["post-39724","post","type-post","status-publish","format-standard","has-post-thumbnail","hentry","category-educacao","category-noticias","category-regional"],"acf":[],"jetpack_publicize_connections":[],"jetpack_featured_media_url":"https:\/\/i0.wp.com\/blogdoeloiltoncajuhy.com.br\/site\/wp-content\/uploads\/2019\/12\/PMJ_Matriculas-2020.jpg?fit=1055%2C1280&ssl=1","jetpack_sharing_enabled":true,"publishpress_future_workflow_manual_trigger":{"enabledWorkflows":[]},"_links":{"self":[{"href":"https:\/\/blogdoeloiltoncajuhy.com.br\/site\/wp-json\/wp\/v2\/posts\/39724","targetHints":{"allow":["GET"]}}],"collection":[{"href":"https:\/\/blogdoeloiltoncajuhy.com.br\/site\/wp-json\/wp\/v2\/posts"}],"about":[{"href":"https:\/\/blogdoeloiltoncajuhy.com.br\/site\/wp-json\/wp\/v2\/types\/post"}],"author":[{"embeddable":true,"href":"https:\/\/blogdoeloiltoncajuhy.com.br\/site\/wp-json\/wp\/v2\/users\/2"}],"replies":[{"embeddable":true,"href":"https:\/\/blogdoeloiltoncajuhy.com.br\/site\/wp-json\/wp\/v2\/comments?post=39724"}],"version-history":[{"count":1,"href":"https:\/\/blogdoeloiltoncajuhy.com.br\/site\/wp-json\/wp\/v2\/posts\/39724\/revisions"}],"predecessor-version":[{"id":39726,"href":"https:\/\/blogdoeloiltoncajuhy.com.br\/site\/wp-json\/wp\/v2\/posts\/39724\/revisions\/39726"}],"wp:featuredmedia":[{"embeddable":true,"href":"https:\/\/blogdoeloiltoncajuhy.com.br\/site\/wp-json\/wp\/v2\/media\/39725"}],"wp:attachment":[{"href":"https:\/\/blogdoeloiltoncajuhy.com.br\/site\/wp-json\/wp\/v2\/media?parent=39724"}],"wp:term":[{"taxonomy":"category","embeddable":true,"href":"https:\/\/blogdoeloiltoncajuhy.com.br\/site\/wp-json\/wp\/v2\/categories?post=39724"},{"taxonomy":"post_tag","embeddable":true,"href":"https:\/\/blogdoeloiltoncajuhy.com.br\/site\/wp-json\/wp\/v2\/tags?post=39724"}],"curies":[{"name":"wp","href":"https:\/\/api.w.org\/{rel}","templated":true}]}}