{"id":39713,"date":"2019-12-18T17:23:23","date_gmt":"2019-12-18T20:23:23","guid":{"rendered":"http:\/\/blogdoeloiltoncajuhy.com.br\/site\/?p=39713"},"modified":"2019-12-18T17:23:29","modified_gmt":"2019-12-18T20:23:29","slug":"sao-paulo-decide-rescindir-contrato-de-jean-preso-nos-eua","status":"publish","type":"post","link":"https:\/\/blogdoeloiltoncajuhy.com.br\/site\/sao-paulo-decide-rescindir-contrato-de-jean-preso-nos-eua\/","title":{"rendered":"S\u00e3o Paulo decide rescindir contrato de Jean, preso nos EUA"},"content":{"rendered":"\n<h5 class=\"has-text-align-center wp-block-heading\"><em>Goleiro \u00e9 acusado de agredir a esposa Milena Bemfica e n\u00e3o deve jogar mais pelo clube<\/em><\/h5>\n\n\n\n<p><strong>Por Joanna de Assis (GE) \u2014 S\u00e3o Paulo<\/strong><\/p>\n\n\n\n<div class=\"wp-block-image\"><figure class=\"aligncenter size-large\"><img data-recalc-dims=\"1\" fetchpriority=\"high\" decoding=\"async\" width=\"750\" height=\"543\" src=\"https:\/\/i0.wp.com\/blogdoeloiltoncajuhy.com.br\/site\/wp-content\/uploads\/2019\/12\/jean-sp.jpg?resize=750%2C543\" alt=\"\" class=\"wp-image-39714\" srcset=\"https:\/\/i0.wp.com\/blogdoeloiltoncajuhy.com.br\/site\/wp-content\/uploads\/2019\/12\/jean-sp.jpg?w=750&amp;ssl=1 750w, https:\/\/i0.wp.com\/blogdoeloiltoncajuhy.com.br\/site\/wp-content\/uploads\/2019\/12\/jean-sp.jpg?resize=300%2C217&amp;ssl=1 300w, https:\/\/i0.wp.com\/blogdoeloiltoncajuhy.com.br\/site\/wp-content\/uploads\/2019\/12\/jean-sp.jpg?resize=250%2C181&amp;ssl=1 250w\" sizes=\"(max-width: 750px) 100vw, 750px\" \/><\/figure><\/div>\n\n\n\n<p>Horas depois da pris\u00e3o do goleiro Jean nos EUA, acusado de agredir a esposa, o S\u00e3o Paulo decidiu pela rescis\u00e3o de contrato do jogador \u2013 que era v\u00e1lido at\u00e9 dezembro de 2022.<\/p>\n\n\n\n<p>A diretoria e os advogados do S\u00e3o Paulo querem o rompimento por justa causa, j\u00e1 que, segundo os dirigentes, Jean feriu a imagem e os valores do clube. O Tricolor tamb\u00e9m planeja publicar uma nota de rep\u00fadio \u00e0s agress\u00f5es. O goleiro foi contratado do Bahia no fim de 2017.<\/p>\n\n\n\n<p>Jean agrediu a esposa Milena Bemfica com oito socos e foi algemado pela pol\u00edcia, de acordo com a declara\u00e7\u00e3o de pris\u00e3o registrada pelo Xerife do Condado de Orange, na Florida. O <strong>GloboEsporte.com<\/strong> teve acesso ao documento que detalha o epis\u00f3dio <strong>(veja abaixo)<\/strong>.<\/p>\n\n\n\n<p>No registro, o policial respons\u00e1vel pela abordagem relata que Milena disse que os dois discutiram na madrugada desta quarta-feira (18) no quarto do hotel onde est\u00e3o hospedados em Orlando, e ela tentou acalmar Jean. Depois, os dois entraram no banheiro para discutir, mas uma das filhas quis ir para a cama.<\/p>\n\n\n\n<p>Nesse momento, o documento, baseado no relato de Milena, aponta que Jean seguiu a esposa e a puxou para a cama, onde subiu em cima da mulher e deu tr\u00eas socos no rosto dela. Depois, segundo o registro, o goleiro acertou outros cinco golpes na esposa.<\/p>\n\n\n\n<p>O documento tamb\u00e9m relata que Milena pegou uma chapinha de cabelo para se defender e com o objeto feriu Jean em ato de leg\u00edtima defesa. A chapinha quebrou ao atingir a cabe\u00e7a de Jean.<\/p>\n\n\n\n<p>O registro tem tarjas em informa\u00e7\u00f5es consideradas confidenciais \u2013 entre elas, todo o relato de Jean feito ao policial no local do crime.<\/p>\n\n\n\n<p>O policial que atendeu a ocorr\u00eancia encaminhou Jean para a penitenci\u00e1ria do Condado de Orange e n\u00e3o apresentou acusa\u00e7\u00f5es contra Milena, por entender que ela agiu em leg\u00edtima defesa.<\/p>\n\n\n\n<p>Jean est\u00e1 preso nos Estados Unidos e sua ficha j\u00e1 aparece no sistema do Departamento de Corre\u00e7\u00f5es do Condado de Orange, na Florida <strong>(veja abaixo)<\/strong>.<\/p>\n\n\n\n<div class=\"wp-block-image\"><figure class=\"aligncenter size-large\"><img data-recalc-dims=\"1\" decoding=\"async\" width=\"600\" height=\"822\" src=\"https:\/\/i0.wp.com\/blogdoeloiltoncajuhy.com.br\/site\/wp-content\/uploads\/2019\/12\/jean-preso.jpg?resize=600%2C822\" alt=\"\" class=\"wp-image-39715\" srcset=\"https:\/\/i0.wp.com\/blogdoeloiltoncajuhy.com.br\/site\/wp-content\/uploads\/2019\/12\/jean-preso.jpg?w=600&amp;ssl=1 600w, https:\/\/i0.wp.com\/blogdoeloiltoncajuhy.com.br\/site\/wp-content\/uploads\/2019\/12\/jean-preso.jpg?resize=219%2C300&amp;ssl=1 219w, https:\/\/i0.wp.com\/blogdoeloiltoncajuhy.com.br\/site\/wp-content\/uploads\/2019\/12\/jean-preso.jpg?resize=182%2C250&amp;ssl=1 182w\" sizes=\"(max-width: 600px) 100vw, 600px\" \/><figcaption><em>Jean, goleiro do S\u00e3o Paulo, \u00e9 preso na Fl\u00f3rida acusado de viol\u00eancia dom\u00e9stica \u2014 Foto: Reprodu\u00e7\u00e3o<\/em><\/figcaption><\/figure><\/div>\n\n\n\n<p class=\"has-medium-font-size\"><strong>Veja a tradu\u00e7\u00e3o do documento<\/strong><\/p>\n\n\n\n<p><em>&#8220;Em 18 de dezembro de 2019, aproximadamente \u00e0s 4h35, eu, Xerife Adjunto Edgar Castillo, fui acionado por causa de um caso de viol\u00eancia dom\u00e9stica. Eu encontrei com (\u2026) e Jean Fernandes. Jean foi considerado o agressor e preso por viol\u00eancia dom\u00e9stica.<\/em><\/p>\n\n\n\n<p><em>(\u2026) Assim que cheguei ao local, a seguran\u00e7a do hotel j\u00e1 estava l\u00e1 e me direcionou a (\u2026). Quando cheguei a (\u2026) um homem branco (Jean Paulo Fernandes) e uma mulher branca vieram \u00e0 porta. Notei que a face (\u2026) estava inchada e com hematomas abaixo dos olhos. Jean tamb\u00e9m tinha um pequeno hematoma na testa. Ao tentar falar com os dois, Jean n\u00e3o estava colaborando e foi preso com algemas durante minha investiga\u00e7\u00e3o. Por estar com algemas, eu li a ele seu Direito de Miranda (advert\u00eancia dada a um suspeito quando est\u00e1 sob cust\u00f3dia da Pol\u00edcia dos EUA) antes de lhe questionar sobre o incidente.<\/em><\/p>\n\n\n\n<p><em>Ent\u00e3o eu falei com (\u2026), que me disse tanto verbalmente quanto num testemunho escrito, sob juramento. (\u2026) disse que ela e Jean estavam discutindo no quarto e ela estava tentando acalmar Jean porque (\u2026). Eles foram ao banheiro discutir, mas (\u2026) quis ir para a cama. Quando (\u2026) foi para cama, Jean a seguiu e a empurrou na dire\u00e7\u00e3o da cama. Ele ent\u00e3o subiu nela e deu tr\u00eas socos no rosto dela. (\u2026)<\/em><\/p>\n\n\n\n<p><em>Me disse que ela pegou a chapinha e acertou Jean na cabe\u00e7a como autodefesa. A chapinha quebrou quando acertou a cabe\u00e7a de Jean. Os dois ficaram de p\u00e9, e Jean continuava sendo agressivo com ela. Jean ent\u00e3o partiu para cima dela de novo, ent\u00e3o ela arremessou a chapinha nele, acertando-o na perna e cortando-a.<\/em><\/p>\n\n\n\n<p><em>(\u2026) tentou deixar o quarto, mas Jean a segurou pelo cabelo e a levou ao banheiro, onde ele a socou no rosto mais cinco vezes. (\u2026) Ela n\u00e3o quer process\u00e1-lo quanto a este incidente. (\u2026) Ela preencheu um formul\u00e1rio e recebeu um cart\u00e3o com o n\u00famero do caso relativo ao incidente. Eu falei com (\u2026) quando eles se acalmaram. Ambos me contaram vers\u00f5es similares na qual viram\u2026 (Jean) socou (\u2026) no rosto. Fotos de (\u2026) e les\u00f5es de Jean foram colhidas como evid\u00eancia.<\/em><\/p>\n\n\n\n<p><em>(\u2026) recebeu aten\u00e7\u00e3o m\u00e9dica no local, e Jean foi levado ao Dr. Phillips hospital para ter seus ferimentos tratados. Baseado na minha investiga\u00e7\u00e3o, al\u00e9m de depoimentos e observa\u00e7\u00f5es na cena, estabeleci como prov\u00e1vel acreditar que Jean foi o agressor prim\u00e1rio no incidente e intencionalmente causou ferimentos no corpo de (\u2026).<\/em><\/p>\n\n\n\n<p><em>Porque Jean e (\u2026) constitui viol\u00eancia dom\u00e9stica. Al\u00e9m disso, os ferimentos que Jean recebeu foram de (\u2026) agindo em autodefesa, e a ela n\u00e3o foi imputado nenhum crime. Jean foi transportado para a Pris\u00e3o de Orange County sem incidentes. Ele n\u00e3o quis notificar o Consulado Brasileiro&#8221;<\/em>.<\/p>\n\n\n\n<p class=\"has-medium-font-size\"><strong>Os pr\u00f3ximos passos<\/strong><\/p>\n\n\n\n<p>Segundo o advogado brasileiro Alvaro Gubert, que atua no estado americano, em casos semelhantes a justi\u00e7a americana determina um valor de fian\u00e7a a ser pago pelo acusado. O valor geralmente varia de US$ 1,5 mil (cerca de R$ 6 mil) a US$ 5 mil (R$ 20 mil), segundo o advogado, a depender do pedido da promotoria, que leva em considera\u00e7\u00e3o o tipo de crime, a viol\u00eancia empregada e a condi\u00e7\u00e3o econ\u00f4mica de quem est\u00e1 preso.<\/p>\n\n\n\n<p>Uma vez paga a fian\u00e7a, Jean poder\u00e1 retornar ao Brasil. O processo ser\u00e1 levado \u00e0 frente \u2013 e isso independe de a v\u00edtima voltar atr\u00e1s nas acusa\u00e7\u00f5es. O goleiro poder\u00e1 constituir advogado na Fl\u00f3rida para defend\u00ea-lo por procura\u00e7\u00e3o.<\/p>\n\n\n\n<p>Advogada especializada em direito de imigra\u00e7\u00e3o e professora doutora de direito nos Estados Unidos, a brasileira Fl\u00e1via Santos Lloyd explicou que \u00e9 prov\u00e1vel que uma fian\u00e7a seja estabelecida para Jean sair da pris\u00e3o, pois ele \u00e9 r\u00e9u prim\u00e1rio.<\/p>\n\n\n\n<p>Neste momento, segundo Fl\u00e1via, o caso est\u00e1 na esfera criminal. Dependendo da gravidade da acusa\u00e7\u00e3o e dos c\u00f3digos nos quais Jean for enquadrado, a imigra\u00e7\u00e3o pode ou n\u00e3o entrar no caso, o que elevaria a quest\u00e3o para esfera federal.<\/p>\n\n\n\n<p><em>\u2013 Nesse caso, a imigra\u00e7\u00e3o pode mandar uma notifica\u00e7\u00e3o de que h\u00e1 uma audi\u00eancia. Se ele estiver em cust\u00f3dia criminal vai para a outra (de imigra\u00e7\u00e3o). Caso tenha voltado ao Brasil, ele pode avisar ao juiz que j\u00e1 saiu do pa\u00eds (e um advogado seria o respons\u00e1vel por defend\u00ea-lo nos Estados Unidos)<\/em> \u2013 disse a advogada Fl\u00e1via Santos.<\/p>\n\n\n\n<p>A condena\u00e7\u00e3o prev\u00ea pena de pris\u00e3o, mas \u00e9 comum que a pena seja convertida em presta\u00e7\u00e3o de servi\u00e7os \u00e0 comunidade \u2013 podendo, inclusive, ser cumprida no Brasil.<\/p>\n\n\n\n<p>A pris\u00e3o e ou condena\u00e7\u00e3o de Jean poder\u00e1 afetar seu visto de turista nos Estados Unidos e \u00e9 poss\u00edvel que o documento seja revogado.<\/p>\n","protected":false},"excerpt":{"rendered":"<p>Goleiro \u00e9 acusado de agredir a esposa Milena Bemfica e n\u00e3o deve jogar mais pelo clube Por Joanna de Assis (GE) \u2014 S\u00e3o Paulo Horas depois da pris\u00e3o do goleiro Jean nos EUA, acusado de agredir a esposa, o S\u00e3o Paulo decidiu pela rescis\u00e3o de contrato do jogador \u2013 que era v\u00e1lido at\u00e9 dezembro de [&hellip;]<\/p>\n","protected":false},"author":2,"featured_media":39715,"comment_status":"open","ping_status":"open","sticky":false,"template":"","format":"standard","meta":{"_acf_changed":false,"_monsterinsights_skip_tracking":false,"_monsterinsights_sitenote_active":false,"_monsterinsights_sitenote_note":"","_monsterinsights_sitenote_category":0,"_jetpack_memberships_contains_paid_content":false,"footnotes":"","jetpack_publicize_message":"","jetpack_publicize_feature_enabled":true,"jetpack_social_post_already_shared":true,"jetpack_social_options":{"image_generator_settings":{"template":"highway","default_image_id":0,"font":"","enabled":false},"version":2}},"categories":[5,6,1],"tags":[],"class_list":["post-39713","post","type-post","status-publish","format-standard","has-post-thumbnail","hentry","category-cotidiano","category-esportes","category-noticias"],"acf":[],"jetpack_publicize_connections":[],"jetpack_featured_media_url":"https:\/\/i0.wp.com\/blogdoeloiltoncajuhy.com.br\/site\/wp-content\/uploads\/2019\/12\/jean-preso.jpg?fit=600%2C822&ssl=1","jetpack_sharing_enabled":true,"publishpress_future_workflow_manual_trigger":{"enabledWorkflows":[]},"_links":{"self":[{"href":"https:\/\/blogdoeloiltoncajuhy.com.br\/site\/wp-json\/wp\/v2\/posts\/39713","targetHints":{"allow":["GET"]}}],"collection":[{"href":"https:\/\/blogdoeloiltoncajuhy.com.br\/site\/wp-json\/wp\/v2\/posts"}],"about":[{"href":"https:\/\/blogdoeloiltoncajuhy.com.br\/site\/wp-json\/wp\/v2\/types\/post"}],"author":[{"embeddable":true,"href":"https:\/\/blogdoeloiltoncajuhy.com.br\/site\/wp-json\/wp\/v2\/users\/2"}],"replies":[{"embeddable":true,"href":"https:\/\/blogdoeloiltoncajuhy.com.br\/site\/wp-json\/wp\/v2\/comments?post=39713"}],"version-history":[{"count":1,"href":"https:\/\/blogdoeloiltoncajuhy.com.br\/site\/wp-json\/wp\/v2\/posts\/39713\/revisions"}],"predecessor-version":[{"id":39716,"href":"https:\/\/blogdoeloiltoncajuhy.com.br\/site\/wp-json\/wp\/v2\/posts\/39713\/revisions\/39716"}],"wp:featuredmedia":[{"embeddable":true,"href":"https:\/\/blogdoeloiltoncajuhy.com.br\/site\/wp-json\/wp\/v2\/media\/39715"}],"wp:attachment":[{"href":"https:\/\/blogdoeloiltoncajuhy.com.br\/site\/wp-json\/wp\/v2\/media?parent=39713"}],"wp:term":[{"taxonomy":"category","embeddable":true,"href":"https:\/\/blogdoeloiltoncajuhy.com.br\/site\/wp-json\/wp\/v2\/categories?post=39713"},{"taxonomy":"post_tag","embeddable":true,"href":"https:\/\/blogdoeloiltoncajuhy.com.br\/site\/wp-json\/wp\/v2\/tags?post=39713"}],"curies":[{"name":"wp","href":"https:\/\/api.w.org\/{rel}","templated":true}]}}