{"id":39706,"date":"2019-12-18T15:21:04","date_gmt":"2019-12-18T18:21:04","guid":{"rendered":"http:\/\/blogdoeloiltoncajuhy.com.br\/site\/?p=39706"},"modified":"2019-12-18T15:21:10","modified_gmt":"2019-12-18T18:21:10","slug":"poeta-e-escritor-helio-freitas-sera-homenageado-na-1a-flisbom","status":"publish","type":"post","link":"https:\/\/blogdoeloiltoncajuhy.com.br\/site\/poeta-e-escritor-helio-freitas-sera-homenageado-na-1a-flisbom\/","title":{"rendered":"Poeta e escritor H\u00e9lio Freitas ser\u00e1 homenageado na 1\u00aa Flisbom"},"content":{"rendered":"\n<p><strong>Minha Cidade &#8211; Senhor do Bonfim<\/strong><\/p>\n\n\n\n<div class=\"wp-block-image\"><figure class=\"aligncenter size-large is-resized\"><img data-recalc-dims=\"1\" fetchpriority=\"high\" decoding=\"async\" src=\"https:\/\/i0.wp.com\/blogdoeloiltoncajuhy.com.br\/site\/wp-content\/uploads\/2019\/12\/PMSB_FlisbomHelioFreitas.png?resize=390%2C390\" alt=\"\" class=\"wp-image-39707\" width=\"390\" height=\"390\" srcset=\"https:\/\/i0.wp.com\/blogdoeloiltoncajuhy.com.br\/site\/wp-content\/uploads\/2019\/12\/PMSB_FlisbomHelioFreitas.png?w=960&amp;ssl=1 960w, https:\/\/i0.wp.com\/blogdoeloiltoncajuhy.com.br\/site\/wp-content\/uploads\/2019\/12\/PMSB_FlisbomHelioFreitas.png?resize=300%2C300&amp;ssl=1 300w, https:\/\/i0.wp.com\/blogdoeloiltoncajuhy.com.br\/site\/wp-content\/uploads\/2019\/12\/PMSB_FlisbomHelioFreitas.png?resize=150%2C150&amp;ssl=1 150w, https:\/\/i0.wp.com\/blogdoeloiltoncajuhy.com.br\/site\/wp-content\/uploads\/2019\/12\/PMSB_FlisbomHelioFreitas.png?resize=768%2C768&amp;ssl=1 768w, https:\/\/i0.wp.com\/blogdoeloiltoncajuhy.com.br\/site\/wp-content\/uploads\/2019\/12\/PMSB_FlisbomHelioFreitas.png?resize=250%2C250&amp;ssl=1 250w, https:\/\/i0.wp.com\/blogdoeloiltoncajuhy.com.br\/site\/wp-content\/uploads\/2019\/12\/PMSB_FlisbomHelioFreitas.png?resize=48%2C48&amp;ssl=1 48w\" sizes=\"(max-width: 390px) 100vw, 390px\" \/><\/figure><\/div>\n\n\n\n<p>A primeira Festa Liter\u00e1ria de Senhor do Bonfim &#8211; FLISBOM, far\u00e1 uma homenagem especial ao poeta e escritor bonfinense H\u00e9lio Freitas, que no s\u00e1bado (21) estar\u00e1 em sua resid\u00eancia para um bate papo descontra\u00eddo sobre as mem\u00f3rias de Bonfim.<\/p>\n\n\n\n<p>Na ocasi\u00e3o, tamb\u00e9m ser\u00e1 comercializado seu livro, <strong><em>&#8220;Uns textos mambembes (Quase todos sobre coisas e gentes da velha aldeia)\u201d<\/em><\/strong>, que ter\u00e1 toda renda da venda destinada ao Lar dos Idosos Fabiano de Cristo.<\/p>\n\n\n\n<p>&#x1f4da; Feira Liter\u00e1ria de Sr. do Bonfim &#8211; FLISBOM<\/p>\n\n\n\n<p>&#x1f5e3; Uma viagem nas mem\u00f3rias de Bonfim com H\u00e9lio Freitas<\/p>\n\n\n\n<p>&#x1f4c5; 21 de dezembro de 2019<\/p>\n\n\n\n<p>&#x23f0; 19:30 horas<\/p>\n\n\n\n<p>&#x1f4cc; Rua Juv\u00eancio Fialho &#8211; Derba<\/p>\n","protected":false},"excerpt":{"rendered":"<p>Minha Cidade &#8211; Senhor do Bonfim A primeira Festa Liter\u00e1ria de Senhor do Bonfim &#8211; FLISBOM, far\u00e1 uma homenagem especial ao poeta e escritor bonfinense H\u00e9lio Freitas, que no s\u00e1bado (21) estar\u00e1 em sua resid\u00eancia para um bate papo descontra\u00eddo sobre as mem\u00f3rias de Bonfim. Na ocasi\u00e3o, tamb\u00e9m ser\u00e1 comercializado seu livro, &#8220;Uns textos mambembes [&hellip;]<\/p>\n","protected":false},"author":2,"featured_media":39707,"comment_status":"open","ping_status":"open","sticky":false,"template":"","format":"standard","meta":{"_acf_changed":false,"_monsterinsights_skip_tracking":false,"_monsterinsights_sitenote_active":false,"_monsterinsights_sitenote_note":"","_monsterinsights_sitenote_category":0,"_jetpack_memberships_contains_paid_content":false,"footnotes":"","jetpack_publicize_message":"","jetpack_publicize_feature_enabled":true,"jetpack_social_post_already_shared":true,"jetpack_social_options":{"image_generator_settings":{"template":"highway","default_image_id":0,"font":"","enabled":false},"version":2}},"categories":[8,1,4],"tags":[],"class_list":["post-39706","post","type-post","status-publish","format-standard","has-post-thumbnail","hentry","category-cultura","category-noticias","category-local"],"acf":[],"jetpack_publicize_connections":[],"jetpack_featured_media_url":"https:\/\/i0.wp.com\/blogdoeloiltoncajuhy.com.br\/site\/wp-content\/uploads\/2019\/12\/PMSB_FlisbomHelioFreitas.png?fit=960%2C960&ssl=1","jetpack_sharing_enabled":true,"publishpress_future_workflow_manual_trigger":{"enabledWorkflows":[]},"_links":{"self":[{"href":"https:\/\/blogdoeloiltoncajuhy.com.br\/site\/wp-json\/wp\/v2\/posts\/39706","targetHints":{"allow":["GET"]}}],"collection":[{"href":"https:\/\/blogdoeloiltoncajuhy.com.br\/site\/wp-json\/wp\/v2\/posts"}],"about":[{"href":"https:\/\/blogdoeloiltoncajuhy.com.br\/site\/wp-json\/wp\/v2\/types\/post"}],"author":[{"embeddable":true,"href":"https:\/\/blogdoeloiltoncajuhy.com.br\/site\/wp-json\/wp\/v2\/users\/2"}],"replies":[{"embeddable":true,"href":"https:\/\/blogdoeloiltoncajuhy.com.br\/site\/wp-json\/wp\/v2\/comments?post=39706"}],"version-history":[{"count":1,"href":"https:\/\/blogdoeloiltoncajuhy.com.br\/site\/wp-json\/wp\/v2\/posts\/39706\/revisions"}],"predecessor-version":[{"id":39708,"href":"https:\/\/blogdoeloiltoncajuhy.com.br\/site\/wp-json\/wp\/v2\/posts\/39706\/revisions\/39708"}],"wp:featuredmedia":[{"embeddable":true,"href":"https:\/\/blogdoeloiltoncajuhy.com.br\/site\/wp-json\/wp\/v2\/media\/39707"}],"wp:attachment":[{"href":"https:\/\/blogdoeloiltoncajuhy.com.br\/site\/wp-json\/wp\/v2\/media?parent=39706"}],"wp:term":[{"taxonomy":"category","embeddable":true,"href":"https:\/\/blogdoeloiltoncajuhy.com.br\/site\/wp-json\/wp\/v2\/categories?post=39706"},{"taxonomy":"post_tag","embeddable":true,"href":"https:\/\/blogdoeloiltoncajuhy.com.br\/site\/wp-json\/wp\/v2\/tags?post=39706"}],"curies":[{"name":"wp","href":"https:\/\/api.w.org\/{rel}","templated":true}]}}