{"id":39704,"date":"2019-12-18T15:08:50","date_gmt":"2019-12-18T18:08:50","guid":{"rendered":"http:\/\/blogdoeloiltoncajuhy.com.br\/site\/?p=39704"},"modified":"2019-12-18T15:08:56","modified_gmt":"2019-12-18T18:08:56","slug":"2020-tera-nove-feriados-nacionais-e-seis-prolongados","status":"publish","type":"post","link":"https:\/\/blogdoeloiltoncajuhy.com.br\/site\/2020-tera-nove-feriados-nacionais-e-seis-prolongados\/","title":{"rendered":"2020 ter\u00e1 nove feriados nacionais e seis prolongados"},"content":{"rendered":"\n<h5 class=\"has-text-align-center wp-block-heading\"><em>Carnaval e Corpus Christi n\u00e3o s\u00e3o feriados nacionais e n\u00e3o entram nessa conta<\/em><\/h5>\n\n\n\n<p><strong>Por G1<\/strong><\/p>\n\n\n\n<div class=\"wp-block-image\"><figure class=\"aligncenter size-large\"><img data-recalc-dims=\"1\" fetchpriority=\"high\" decoding=\"async\" width=\"600\" height=\"400\" src=\"https:\/\/i0.wp.com\/blogdoeloiltoncajuhy.com.br\/site\/wp-content\/uploads\/2016\/11\/cbf-calend%C3%A1rio-e1479214514407.jpeg?resize=600%2C400\" alt=\"\" class=\"wp-image-13441\"\/><\/figure><\/div>\n\n\n\n<p>O calend\u00e1rio de 2020 ter\u00e1 9 feriados nacionais, sem contar os feriados estaduais e municipais como o do Dia da Consci\u00eancia Negra e anivers\u00e1rios das cidades. Destes, seis ser\u00e3o prolongados \u2013 isto \u00e9, v\u00e3o cair em segundas ou sextas-feiras, e &#8216;emendar&#8217; com o final de semana. S\u00f3 um deles vai cair em um final de semana: 15 de novembro, Proclama\u00e7\u00e3o da Rep\u00fablica, cai em um domingo.<\/p>\n\n\n\n<p>O segundo semestre ser\u00e1 mais farto: ser\u00e3o quatro feriados prolongados, contra apenas dois entre janeiro e junho.<\/p>\n\n\n\n<p>Diferente do que muita gente pensa, <strong>Carnaval e Corpus Christi<\/strong> n\u00e3o s\u00e3o feriados nacionais. As duas datas costumam ser consideradas ponto facultativo no servi\u00e7o p\u00fablico federal, e s\u00e3o feriados estaduais ou municipais em muitos locais.<\/p>\n\n\n\n<p>Assim, quem gozar dessas datas, ter\u00e1 dois feriados a mais: 25 de fevereiro (Carnaval, ter\u00e7a-feira) e 11 de junho (Corpus Christi, quinta-feira). E quem puder emendar essas datas vai acabar com mais dois &#8216;feriad\u00f5es&#8217; prolongados: de 22 a 25 de fevereiro (Carnaval), e de 11 a 14 de junho (Corpus Christi).<\/p>\n\n\n\n<p class=\"has-medium-font-size\"><strong>Veja a lista de feriados nacionais<\/strong><\/p>\n\n\n\n<p><strong>1\u00ba de janeiro (quarta):<\/strong> Confraterniza\u00e7\u00e3o Universal<\/p>\n\n\n\n<p><strong>10, 11 e 12 de abril (sexta a domingo):<\/strong> Paix\u00e3o de Cristo \u00e9 dia 10<\/p>\n\n\n\n<p><strong>21 de abril (ter\u00e7a-feira):<\/strong> Tiradentes<\/p>\n\n\n\n<p><strong>1\u00ba, 2 e 3 de maio (sexta a domingo):<\/strong> Dia Mundial do Trabalho \u00e9 dia 1\u00ba<\/p>\n\n\n\n<p><strong>5, 6 e 7 de setembro (s\u00e1bado a segunda):<\/strong> Independ\u00eancia do Brasil \u00e9 dia 7<\/p>\n\n\n\n<p><strong>10, 11 e 12 de outubro (s\u00e1bado a segunda):<\/strong> Nossa Senhora Aparecida \u00e9 dia 12<\/p>\n\n\n\n<p><strong>31 de outubro, 1\u00ba e 2 de novembro (s\u00e1bado a segunda):<\/strong> Finados \u00e9 dia 2<\/p>\n\n\n\n<p><strong>15 de novembro (domingo):<\/strong> Proclama\u00e7\u00e3o da Rep\u00fablica<\/p>\n\n\n\n<p><strong>25, 26 e 27 de dezembro (sexta a domingo):<\/strong> Natal \u00e9 dia 25<\/p>\n","protected":false},"excerpt":{"rendered":"<p>Carnaval e Corpus Christi n\u00e3o s\u00e3o feriados nacionais e n\u00e3o entram nessa conta Por G1 O calend\u00e1rio de 2020 ter\u00e1 9 feriados nacionais, sem contar os feriados estaduais e municipais como o do Dia da Consci\u00eancia Negra e anivers\u00e1rios das cidades. Destes, seis ser\u00e3o prolongados \u2013 isto \u00e9, v\u00e3o cair em segundas ou sextas-feiras, e [&hellip;]<\/p>\n","protected":false},"author":2,"featured_media":0,"comment_status":"open","ping_status":"open","sticky":false,"template":"","format":"standard","meta":{"_acf_changed":false,"_monsterinsights_skip_tracking":false,"_monsterinsights_sitenote_active":false,"_monsterinsights_sitenote_note":"","_monsterinsights_sitenote_category":0,"_jetpack_memberships_contains_paid_content":false,"footnotes":"","jetpack_publicize_message":"","jetpack_publicize_feature_enabled":true,"jetpack_social_post_already_shared":true,"jetpack_social_options":{"image_generator_settings":{"template":"highway","default_image_id":0,"font":"","enabled":false},"version":2}},"categories":[5,1],"tags":[],"class_list":["post-39704","post","type-post","status-publish","format-standard","hentry","category-cotidiano","category-noticias"],"acf":[],"jetpack_publicize_connections":[],"jetpack_featured_media_url":"","jetpack_sharing_enabled":true,"publishpress_future_workflow_manual_trigger":{"enabledWorkflows":[]},"_links":{"self":[{"href":"https:\/\/blogdoeloiltoncajuhy.com.br\/site\/wp-json\/wp\/v2\/posts\/39704","targetHints":{"allow":["GET"]}}],"collection":[{"href":"https:\/\/blogdoeloiltoncajuhy.com.br\/site\/wp-json\/wp\/v2\/posts"}],"about":[{"href":"https:\/\/blogdoeloiltoncajuhy.com.br\/site\/wp-json\/wp\/v2\/types\/post"}],"author":[{"embeddable":true,"href":"https:\/\/blogdoeloiltoncajuhy.com.br\/site\/wp-json\/wp\/v2\/users\/2"}],"replies":[{"embeddable":true,"href":"https:\/\/blogdoeloiltoncajuhy.com.br\/site\/wp-json\/wp\/v2\/comments?post=39704"}],"version-history":[{"count":1,"href":"https:\/\/blogdoeloiltoncajuhy.com.br\/site\/wp-json\/wp\/v2\/posts\/39704\/revisions"}],"predecessor-version":[{"id":39705,"href":"https:\/\/blogdoeloiltoncajuhy.com.br\/site\/wp-json\/wp\/v2\/posts\/39704\/revisions\/39705"}],"wp:attachment":[{"href":"https:\/\/blogdoeloiltoncajuhy.com.br\/site\/wp-json\/wp\/v2\/media?parent=39704"}],"wp:term":[{"taxonomy":"category","embeddable":true,"href":"https:\/\/blogdoeloiltoncajuhy.com.br\/site\/wp-json\/wp\/v2\/categories?post=39704"},{"taxonomy":"post_tag","embeddable":true,"href":"https:\/\/blogdoeloiltoncajuhy.com.br\/site\/wp-json\/wp\/v2\/tags?post=39704"}],"curies":[{"name":"wp","href":"https:\/\/api.w.org\/{rel}","templated":true}]}}