{"id":39697,"date":"2019-12-18T10:06:57","date_gmt":"2019-12-18T13:06:57","guid":{"rendered":"http:\/\/blogdoeloiltoncajuhy.com.br\/site\/?p=39697"},"modified":"2019-12-18T10:07:03","modified_gmt":"2019-12-18T13:07:03","slug":"flisbom-tera-espaco-exclusivo-para-escritores-bonfinenses","status":"publish","type":"post","link":"https:\/\/blogdoeloiltoncajuhy.com.br\/site\/flisbom-tera-espaco-exclusivo-para-escritores-bonfinenses\/","title":{"rendered":"Flisbom ter\u00e1 espa\u00e7o exclusivo para escritores bonfinenses"},"content":{"rendered":"\n<p><strong>Minha Cidade &#8211; Senhor do Bonfim<\/strong><\/p>\n\n\n\n<div class=\"wp-block-image\"><figure class=\"aligncenter size-large is-resized\"><img data-recalc-dims=\"1\" fetchpriority=\"high\" decoding=\"async\" src=\"https:\/\/i0.wp.com\/blogdoeloiltoncajuhy.com.br\/site\/wp-content\/uploads\/2019\/12\/PMSB_Flisbom_Espa%C3%A7oEscritoresBonfinenses.png?resize=480%2C480\" alt=\"\" class=\"wp-image-39698\" width=\"480\" height=\"480\" srcset=\"https:\/\/i0.wp.com\/blogdoeloiltoncajuhy.com.br\/site\/wp-content\/uploads\/2019\/12\/PMSB_Flisbom_Espa%C3%A7oEscritoresBonfinenses.png?w=960&amp;ssl=1 960w, https:\/\/i0.wp.com\/blogdoeloiltoncajuhy.com.br\/site\/wp-content\/uploads\/2019\/12\/PMSB_Flisbom_Espa%C3%A7oEscritoresBonfinenses.png?resize=300%2C300&amp;ssl=1 300w, https:\/\/i0.wp.com\/blogdoeloiltoncajuhy.com.br\/site\/wp-content\/uploads\/2019\/12\/PMSB_Flisbom_Espa%C3%A7oEscritoresBonfinenses.png?resize=150%2C150&amp;ssl=1 150w, https:\/\/i0.wp.com\/blogdoeloiltoncajuhy.com.br\/site\/wp-content\/uploads\/2019\/12\/PMSB_Flisbom_Espa%C3%A7oEscritoresBonfinenses.png?resize=768%2C768&amp;ssl=1 768w, https:\/\/i0.wp.com\/blogdoeloiltoncajuhy.com.br\/site\/wp-content\/uploads\/2019\/12\/PMSB_Flisbom_Espa%C3%A7oEscritoresBonfinenses.png?resize=250%2C250&amp;ssl=1 250w, https:\/\/i0.wp.com\/blogdoeloiltoncajuhy.com.br\/site\/wp-content\/uploads\/2019\/12\/PMSB_Flisbom_Espa%C3%A7oEscritoresBonfinenses.png?resize=48%2C48&amp;ssl=1 48w\" sizes=\"(max-width: 480px) 100vw, 480px\" \/><\/figure><\/div>\n\n\n\n<p>A primeira Festa Liter\u00e1ria de Senhor do Bonfim &#8211; FLISBOM, ter\u00e1 um espa\u00e7o exclusivo para os escritores bonfinenses. Estar\u00e3o presentes autores como Edvan Cajuhy, Leonice Souza, Ant\u00f4nio Jos\u00e9 de Souza, Eur\u00eddice de Carvalho, Andreilto Almeida, Ana Luzia, Rafael Carneiro, Cristina Viana, Jotac\u00ea Freitas, Peu Rios, Benedito Oliveira, Andr\u00e9 Jesus Neves, Tiago Silva, Daniel Gomez e uma homenagem especial ao saudoso professor Paulo Machado.<\/p>\n\n\n\n<p>A curadoria da primeira Festa Liter\u00e1ria de Senhor do Bonfim, ficou sobre a tutela de Cristiane Maia, Mestra e Secret\u00e1ria Municipal de Educa\u00e7\u00e3o de Bonfim, e de Reginaldo Carvalho, Doutor em Artes C\u00eanicas e professor do curso de Teatro da UNEB. A dupla, anteriormente, atou junta na execu\u00e7\u00e3o do projeto Bonfim: um museu de grandes novidades.<\/p>\n\n\n\n<p>Organizada pela Prefeitura Municipal, atrav\u00e9s da Secretaria de Educa\u00e7\u00e3o e do projeto Ler, Produzir e Interpretar \u2013 LEPI, a FLISBOM conta com o apoio da Secretaria Estadual de Promo\u00e7\u00e3o da Igualdade Racial, Funda\u00e7\u00e3o Pedro Calmon, Universidade do Estado da Bahia \u2013 UNEB, Instituto Federal Baiano, Complexo E\u00f3lico Folha Larga Norte e projeto Minha Cidade.<\/p>\n\n\n\n<p>Al\u00e9m de diversos eventos liter\u00e1rios, a FLISBOM contar\u00e1 com mesas tem\u00e1ticas, comercializa\u00e7\u00e3o de livros, apresenta\u00e7\u00f5es teatrais e musicais, exposi\u00e7\u00f5es de arte, saraus po\u00e9ticos e espa\u00e7o gastron\u00f4mico, que prometem fomentar a cultura e a economia do munic\u00edpio.<\/p>\n\n\n\n<div class=\"wp-block-image\"><figure class=\"aligncenter size-large is-resized\"><img data-recalc-dims=\"1\" decoding=\"async\" src=\"https:\/\/i0.wp.com\/blogdoeloiltoncajuhy.com.br\/site\/wp-content\/uploads\/2019\/12\/PMSB_Flisbom_Curadoria.png?resize=480%2C480\" alt=\"\" class=\"wp-image-39699\" width=\"480\" height=\"480\" srcset=\"https:\/\/i0.wp.com\/blogdoeloiltoncajuhy.com.br\/site\/wp-content\/uploads\/2019\/12\/PMSB_Flisbom_Curadoria.png?w=960&amp;ssl=1 960w, https:\/\/i0.wp.com\/blogdoeloiltoncajuhy.com.br\/site\/wp-content\/uploads\/2019\/12\/PMSB_Flisbom_Curadoria.png?resize=300%2C300&amp;ssl=1 300w, https:\/\/i0.wp.com\/blogdoeloiltoncajuhy.com.br\/site\/wp-content\/uploads\/2019\/12\/PMSB_Flisbom_Curadoria.png?resize=150%2C150&amp;ssl=1 150w, https:\/\/i0.wp.com\/blogdoeloiltoncajuhy.com.br\/site\/wp-content\/uploads\/2019\/12\/PMSB_Flisbom_Curadoria.png?resize=768%2C768&amp;ssl=1 768w, https:\/\/i0.wp.com\/blogdoeloiltoncajuhy.com.br\/site\/wp-content\/uploads\/2019\/12\/PMSB_Flisbom_Curadoria.png?resize=250%2C250&amp;ssl=1 250w, https:\/\/i0.wp.com\/blogdoeloiltoncajuhy.com.br\/site\/wp-content\/uploads\/2019\/12\/PMSB_Flisbom_Curadoria.png?resize=48%2C48&amp;ssl=1 48w\" sizes=\"(max-width: 480px) 100vw, 480px\" \/><\/figure><\/div>\n\n\n\n<p>&#x1f4da; Festa Liter\u00e1ria de Senhor do Bonfim &#8211; FLISBOM<\/p>\n\n\n\n<p>&#x1f4c5; 19 a 21 de Dezembro de 2019<\/p>\n\n\n\n<p>&#x1f4cc; Pra\u00e7a Nova do Congresso &#8211; Sr. do Bonfim &#8211; BA<\/p>\n","protected":false},"excerpt":{"rendered":"<p>Minha Cidade &#8211; Senhor do Bonfim A primeira Festa Liter\u00e1ria de Senhor do Bonfim &#8211; FLISBOM, ter\u00e1 um espa\u00e7o exclusivo para os escritores bonfinenses. Estar\u00e3o presentes autores como Edvan Cajuhy, Leonice Souza, Ant\u00f4nio Jos\u00e9 de Souza, Eur\u00eddice de Carvalho, Andreilto Almeida, Ana Luzia, Rafael Carneiro, Cristina Viana, Jotac\u00ea Freitas, Peu Rios, Benedito Oliveira, Andr\u00e9 Jesus [&hellip;]<\/p>\n","protected":false},"author":2,"featured_media":39699,"comment_status":"open","ping_status":"open","sticky":false,"template":"","format":"standard","meta":{"_acf_changed":false,"_monsterinsights_skip_tracking":false,"_monsterinsights_sitenote_active":false,"_monsterinsights_sitenote_note":"","_monsterinsights_sitenote_category":0,"_jetpack_memberships_contains_paid_content":false,"footnotes":"","jetpack_publicize_message":"","jetpack_publicize_feature_enabled":true,"jetpack_social_post_already_shared":true,"jetpack_social_options":{"image_generator_settings":{"template":"highway","default_image_id":0,"font":"","enabled":false},"version":2}},"categories":[8,1,4],"tags":[],"class_list":["post-39697","post","type-post","status-publish","format-standard","has-post-thumbnail","hentry","category-cultura","category-noticias","category-local"],"acf":[],"jetpack_publicize_connections":[],"jetpack_featured_media_url":"https:\/\/i0.wp.com\/blogdoeloiltoncajuhy.com.br\/site\/wp-content\/uploads\/2019\/12\/PMSB_Flisbom_Curadoria.png?fit=960%2C960&ssl=1","jetpack_sharing_enabled":true,"publishpress_future_workflow_manual_trigger":{"enabledWorkflows":[]},"_links":{"self":[{"href":"https:\/\/blogdoeloiltoncajuhy.com.br\/site\/wp-json\/wp\/v2\/posts\/39697","targetHints":{"allow":["GET"]}}],"collection":[{"href":"https:\/\/blogdoeloiltoncajuhy.com.br\/site\/wp-json\/wp\/v2\/posts"}],"about":[{"href":"https:\/\/blogdoeloiltoncajuhy.com.br\/site\/wp-json\/wp\/v2\/types\/post"}],"author":[{"embeddable":true,"href":"https:\/\/blogdoeloiltoncajuhy.com.br\/site\/wp-json\/wp\/v2\/users\/2"}],"replies":[{"embeddable":true,"href":"https:\/\/blogdoeloiltoncajuhy.com.br\/site\/wp-json\/wp\/v2\/comments?post=39697"}],"version-history":[{"count":1,"href":"https:\/\/blogdoeloiltoncajuhy.com.br\/site\/wp-json\/wp\/v2\/posts\/39697\/revisions"}],"predecessor-version":[{"id":39700,"href":"https:\/\/blogdoeloiltoncajuhy.com.br\/site\/wp-json\/wp\/v2\/posts\/39697\/revisions\/39700"}],"wp:featuredmedia":[{"embeddable":true,"href":"https:\/\/blogdoeloiltoncajuhy.com.br\/site\/wp-json\/wp\/v2\/media\/39699"}],"wp:attachment":[{"href":"https:\/\/blogdoeloiltoncajuhy.com.br\/site\/wp-json\/wp\/v2\/media?parent=39697"}],"wp:term":[{"taxonomy":"category","embeddable":true,"href":"https:\/\/blogdoeloiltoncajuhy.com.br\/site\/wp-json\/wp\/v2\/categories?post=39697"},{"taxonomy":"post_tag","embeddable":true,"href":"https:\/\/blogdoeloiltoncajuhy.com.br\/site\/wp-json\/wp\/v2\/tags?post=39697"}],"curies":[{"name":"wp","href":"https:\/\/api.w.org\/{rel}","templated":true}]}}