{"id":39695,"date":"2019-12-18T09:50:14","date_gmt":"2019-12-18T12:50:14","guid":{"rendered":"http:\/\/blogdoeloiltoncajuhy.com.br\/site\/?p=39695"},"modified":"2019-12-18T09:50:21","modified_gmt":"2019-12-18T12:50:21","slug":"ipva-fica-356-mais-barato-para-os-baianos-em-2020","status":"publish","type":"post","link":"https:\/\/blogdoeloiltoncajuhy.com.br\/site\/ipva-fica-356-mais-barato-para-os-baianos-em-2020\/","title":{"rendered":"IPVA fica 3,56% mais barato para os baianos em 2020"},"content":{"rendered":"\n<p><strong>Secom-BA<\/strong><\/p>\n\n\n\n<div class=\"wp-block-image\"><figure class=\"aligncenter size-large\"><img data-recalc-dims=\"1\" fetchpriority=\"high\" decoding=\"async\" width=\"491\" height=\"323\" src=\"https:\/\/i0.wp.com\/blogdoeloiltoncajuhy.com.br\/site\/wp-content\/uploads\/2016\/03\/ipva.jpg?resize=491%2C323\" alt=\"\" class=\"wp-image-8492\" srcset=\"https:\/\/i0.wp.com\/blogdoeloiltoncajuhy.com.br\/site\/wp-content\/uploads\/2016\/03\/ipva.jpg?w=491&amp;ssl=1 491w, https:\/\/i0.wp.com\/blogdoeloiltoncajuhy.com.br\/site\/wp-content\/uploads\/2016\/03\/ipva.jpg?resize=300%2C197&amp;ssl=1 300w, https:\/\/i0.wp.com\/blogdoeloiltoncajuhy.com.br\/site\/wp-content\/uploads\/2016\/03\/ipva.jpg?resize=250%2C164&amp;ssl=1 250w\" sizes=\"(max-width: 491px) 100vw, 491px\" \/><\/figure><\/div>\n\n\n\n<p>O Imposto sobre Propriedade de Ve\u00edculos Automotores (IPVA) ficar\u00e1 em m\u00e9dia 3,56% mais barato para os contribuintes baianos em 2020. Os valores constam em tabela a ser divulgada nesta quarta-feira (18), pela Secretaria da Fazenda do Estado (Sefaz-BA), com o calend\u00e1rio de pagamento do imposto. <\/p>\n\n\n\n<p>A queda mais acentuada com rela\u00e7\u00e3o ao IPVA 2019 beneficiou os utilit\u00e1rios, que v\u00e3o pagar 4,35% a menos. Em seguida, v\u00eam os autom\u00f3veis, com 4,20%. Para \u00f4nibus e micro-\u00f4nibus, o imposto ficar\u00e1 3,93% menor. J\u00e1 para as motos e caminh\u00f5es, a queda no valor do imposto ser\u00e1 de 2,72% e 2,62%, respectivamente.<\/p>\n\n\n\n<p>Os novos valores baseiam-se em pesquisa realizada pela Funda\u00e7\u00e3o Instituto de Pesquisas Econ\u00f4micas (Fipe), com base nos pre\u00e7os praticados no Estado em outubro de 2019. As informa\u00e7\u00f5es estar\u00e3o dispon\u00edveis tamb\u00e9m no site da Sefaz-BA.<\/p>\n\n\n\n<p>O IPVA \u00e9 a segunda fonte de arrecada\u00e7\u00e3o tribut\u00e1ria do Governo do Estado. A frota tribut\u00e1vel da Bahia \u00e9 de cerca de dois milh\u00f5es de ve\u00edculos. O secret\u00e1rio da Fazenda do Estado, Manoel Vit\u00f3rio, ressalta que o valor arrecadado \u00e9 dividido meio a meio com o munic\u00edpio onde o ve\u00edculo foi emplacado.<\/p>\n\n\n\n<p class=\"has-medium-font-size\"><strong>Descontos<\/strong><\/p>\n\n\n\n<p>Quem pagar o imposto antecipadamente tem desconto. O prazo final para a obten\u00e7\u00e3o de 10% de desconto, em cota \u00fanica, \u00e9 10 de fevereiro. Existe ainda a op\u00e7\u00e3o de pagamento com 5% de desconto para quem fizer a quita\u00e7\u00e3o do valor integral do imposto no dia do vencimento da primeira das tr\u00eas cotas do parcelamento padr\u00e3o do imposto, data que varia de acordo com o n\u00famero final da placa do ve\u00edculo.<\/p>\n\n\n\n<p>Parcelar o imposto em tr\u00eas vezes, por fim, \u00e9 outra op\u00e7\u00e3o para os propriet\u00e1rios de ve\u00edculos, bastando para isso observar a data de vencimento da primeira cota na tabela, de acordo com o n\u00famero final da placa. O pagamento pode ser feito em qualquer ag\u00eancia do Banco do Brasil, Bradesco ou Bancoob, bastando apenas apresentar o n\u00famero do Renavam. <\/p>\n\n\n\n<p>Diferentemente da maioria dos Estados, que iniciam o calend\u00e1rio de pagamento do IPVA em janeiro ou fevereiro, na Bahia o imposto come\u00e7a a ser quitado no fim do m\u00eas de mar\u00e7o, para os propriet\u00e1rios de autom\u00f3veis com placas terminadas em 1 e 2. O cronograma se estende at\u00e9 o fim do m\u00eas de outubro.<\/p>\n\n\n\n<p>Os d\u00e9bitos referentes \u00e0 taxa de licenciamento e \u00e0s multas de tr\u00e2nsito dever\u00e3o ser pagos at\u00e9 a data de vencimento da terceira parcela, e os d\u00e9bitos anteriores do IPVA ainda n\u00e3o notificados tamb\u00e9m podem ser divididos em tr\u00eas vezes, juntamente com o IPVA 2020. Vale ressaltar que o propriet\u00e1rio que perder o prazo da primeira cota deixa de ter o direito ao parcelamento em tr\u00eas vezes.<\/p>\n\n\n\n<p>O pagamento do tributo referente a embarca\u00e7\u00f5es e aeronaves dever\u00e1 ser efetuado at\u00e9 1\u00ba de junho de 2020. Todas as informa\u00e7\u00f5es poder\u00e3o ser consultadas por meio do site da Sefaz-BA, Canal Inspetoria Eletr\u00f4nica, IPVA ou do call center da secretaria, pelo 0800 071 0071.<\/p>\n\n\n\n<p class=\"has-medium-font-size\"><strong>Isen\u00e7\u00e3o e imunidade<\/strong><\/p>\n\n\n\n<p>Est\u00e3o isentos do pagamento do IPVA os ve\u00edculos de empresas concession\u00e1rias de servi\u00e7o p\u00fablico de transporte coletivo, aqueles com mais de 15 anos de fabrica\u00e7\u00e3o, ve\u00edculos terrestres com motor de pot\u00eancia inferior a 50 cilindradas e embarca\u00e7\u00f5es com motor de pot\u00eancia inferior a 25 HP.<\/p>\n\n\n\n<p>Tamb\u00e9m est\u00e3o na faixa de isen\u00e7\u00e3o m\u00e1quinas agr\u00edcolas, t\u00e1xis de propriedade de motoristas profissionais aut\u00f4nomos, e ve\u00edculos pertencentes a embaixadas, a representa\u00e7\u00f5es consulares, a funcion\u00e1rios de carreira diplom\u00e1tica e a pessoas jur\u00eddicas de direito privado institu\u00eddas pelo poder p\u00fablico estadual ou municipal.<\/p>\n\n\n\n<p>S\u00e3o imunes ao IPVA, por sua vez, os ve\u00edculos da Uni\u00e3o, dos Estados, do Distrito Federal, dos Munic\u00edpios, dos partidos pol\u00edticos, inclusive suas funda\u00e7\u00f5es, e das entidades sindicais, institui\u00e7\u00f5es de educa\u00e7\u00e3o ou assist\u00eancia social sem fins lucrativos e dos templos religiosos.<\/p>\n","protected":false},"excerpt":{"rendered":"<p>Secom-BA O Imposto sobre Propriedade de Ve\u00edculos Automotores (IPVA) ficar\u00e1 em m\u00e9dia 3,56% mais barato para os contribuintes baianos em 2020. Os valores constam em tabela a ser divulgada nesta quarta-feira (18), pela Secretaria da Fazenda do Estado (Sefaz-BA), com o calend\u00e1rio de pagamento do imposto. A queda mais acentuada com rela\u00e7\u00e3o ao IPVA 2019 [&hellip;]<\/p>\n","protected":false},"author":2,"featured_media":0,"comment_status":"open","ping_status":"open","sticky":false,"template":"","format":"standard","meta":{"_acf_changed":false,"_monsterinsights_skip_tracking":false,"_monsterinsights_sitenote_active":false,"_monsterinsights_sitenote_note":"","_monsterinsights_sitenote_category":0,"_jetpack_memberships_contains_paid_content":false,"footnotes":"","jetpack_publicize_message":"","jetpack_publicize_feature_enabled":true,"jetpack_social_post_already_shared":true,"jetpack_social_options":{"image_generator_settings":{"template":"highway","default_image_id":0,"font":"","enabled":false},"version":2}},"categories":[5,1],"tags":[],"class_list":["post-39695","post","type-post","status-publish","format-standard","hentry","category-cotidiano","category-noticias"],"acf":[],"jetpack_publicize_connections":[],"jetpack_featured_media_url":"","jetpack_sharing_enabled":true,"publishpress_future_workflow_manual_trigger":{"enabledWorkflows":[]},"_links":{"self":[{"href":"https:\/\/blogdoeloiltoncajuhy.com.br\/site\/wp-json\/wp\/v2\/posts\/39695","targetHints":{"allow":["GET"]}}],"collection":[{"href":"https:\/\/blogdoeloiltoncajuhy.com.br\/site\/wp-json\/wp\/v2\/posts"}],"about":[{"href":"https:\/\/blogdoeloiltoncajuhy.com.br\/site\/wp-json\/wp\/v2\/types\/post"}],"author":[{"embeddable":true,"href":"https:\/\/blogdoeloiltoncajuhy.com.br\/site\/wp-json\/wp\/v2\/users\/2"}],"replies":[{"embeddable":true,"href":"https:\/\/blogdoeloiltoncajuhy.com.br\/site\/wp-json\/wp\/v2\/comments?post=39695"}],"version-history":[{"count":1,"href":"https:\/\/blogdoeloiltoncajuhy.com.br\/site\/wp-json\/wp\/v2\/posts\/39695\/revisions"}],"predecessor-version":[{"id":39696,"href":"https:\/\/blogdoeloiltoncajuhy.com.br\/site\/wp-json\/wp\/v2\/posts\/39695\/revisions\/39696"}],"wp:attachment":[{"href":"https:\/\/blogdoeloiltoncajuhy.com.br\/site\/wp-json\/wp\/v2\/media?parent=39695"}],"wp:term":[{"taxonomy":"category","embeddable":true,"href":"https:\/\/blogdoeloiltoncajuhy.com.br\/site\/wp-json\/wp\/v2\/categories?post=39695"},{"taxonomy":"post_tag","embeddable":true,"href":"https:\/\/blogdoeloiltoncajuhy.com.br\/site\/wp-json\/wp\/v2\/tags?post=39695"}],"curies":[{"name":"wp","href":"https:\/\/api.w.org\/{rel}","templated":true}]}}