{"id":39688,"date":"2019-12-17T20:45:16","date_gmt":"2019-12-17T23:45:16","guid":{"rendered":"http:\/\/blogdoeloiltoncajuhy.com.br\/site\/?p=39688"},"modified":"2019-12-17T20:45:23","modified_gmt":"2019-12-17T23:45:23","slug":"uneb-participara-da-i-flisbom","status":"publish","type":"post","link":"https:\/\/blogdoeloiltoncajuhy.com.br\/site\/uneb-participara-da-i-flisbom\/","title":{"rendered":"UNEB participar\u00e1 da I FLISBOM"},"content":{"rendered":"\n<p><strong>Lorena Simas<\/strong><br>Coordenadora do N\u00facleo de Assessoria de Comunica\u00e7\u00e3o (NAC-DEDC\/ UNEB)<br><em>Com informa\u00e7\u00f5es do Minha Cidade<\/em><\/p>\n\n\n\n<div class=\"wp-block-image\"><figure class=\"aligncenter size-large is-resized\"><img data-recalc-dims=\"1\" fetchpriority=\"high\" decoding=\"async\" src=\"https:\/\/i0.wp.com\/blogdoeloiltoncajuhy.com.br\/site\/wp-content\/uploads\/2019\/12\/UnebFlisbom.jpg?resize=387%2C388\" alt=\"\" class=\"wp-image-39689\" width=\"387\" height=\"388\" srcset=\"https:\/\/i0.wp.com\/blogdoeloiltoncajuhy.com.br\/site\/wp-content\/uploads\/2019\/12\/UnebFlisbom.jpg?w=357&amp;ssl=1 357w, https:\/\/i0.wp.com\/blogdoeloiltoncajuhy.com.br\/site\/wp-content\/uploads\/2019\/12\/UnebFlisbom.jpg?resize=300%2C300&amp;ssl=1 300w, https:\/\/i0.wp.com\/blogdoeloiltoncajuhy.com.br\/site\/wp-content\/uploads\/2019\/12\/UnebFlisbom.jpg?resize=150%2C150&amp;ssl=1 150w, https:\/\/i0.wp.com\/blogdoeloiltoncajuhy.com.br\/site\/wp-content\/uploads\/2019\/12\/UnebFlisbom.jpg?resize=250%2C250&amp;ssl=1 250w, https:\/\/i0.wp.com\/blogdoeloiltoncajuhy.com.br\/site\/wp-content\/uploads\/2019\/12\/UnebFlisbom.jpg?resize=48%2C48&amp;ssl=1 48w\" sizes=\"(max-width: 387px) 100vw, 387px\" \/><\/figure><\/div>\n\n\n\n<p>O Departamento de Educa\u00e7\u00e3o (DEDC), Campus VII da UNEB participar\u00e1 da primeira edi\u00e7\u00e3o da <strong><em>Festa Liter\u00e1ria de Senhor do Bonfim (FLISBOM)<\/em><\/strong> nesta quinta (19) e sexta-feira (20), na Pra\u00e7a Nova do Congresso.<\/p>\n\n\n\n<p>A Festa Liter\u00e1ria traz como tema <strong><em>\u201cEntre Am\u00e9ricas e \u00c1frica: a literatura negra do bonfinense Ant\u00f4nio Vieira\u201d<\/em><\/strong>, em homenagem ao professor e literato, neto de escravos e nascido no distrito de Tijua\u00e7u, que foi professor da Universidade de Ife, na Nig\u00e9ria e da Universidade do Kansas, nos Estados Unidos.<\/p>\n\n\n\n<p>A FLISBOM contar\u00e1 com oficinas, mostras, comercializa\u00e7\u00e3o de livros, encena\u00e7\u00f5es teatrais, m\u00fasicas, artes, saraus po\u00e9ticos, mesas tem\u00e1ticas e gastronomia. Uma programa\u00e7\u00e3o vasta que ter\u00e1 a participa\u00e7\u00e3o de professores e estudantes do DEDC VII da UNEB em diversas atividades, colaborando com a realiza\u00e7\u00e3o da FLISBOM.<\/p>\n\n\n\n<p>A diretora do DEDC VII, Suzzana Alice Lima, destacou sobre a import\u00e2ncia da participa\u00e7\u00e3o da UNEB na FLISBOM. <em>\u201cOs nossos professores est\u00e3o desde a organiza\u00e7\u00e3o do pensar o evento at\u00e9 a execu\u00e7\u00e3o com uma participa\u00e7\u00e3o forte em toda a programa\u00e7\u00e3o. Estaremos com um stand mostrando algumas atividades dentro das rela\u00e7\u00f5es raciais e com outras produ\u00e7\u00f5es que temos em rela\u00e7\u00e3o \u00e0 escrita, leitura e a constru\u00e7\u00e3o do pensamento cr\u00edtico\u201d<\/em>.<\/p>\n\n\n\n<p>Suzzana frisou ainda que <em>\u201ca FLISBOM \u00e9 um espa\u00e7o que precisamos ocupar, pois iniciativas com este formato e proposta complementam o que n\u00f3s pensamos acerca da educa\u00e7\u00e3o\u201d<\/em>.<\/p>\n\n\n\n<div class=\"wp-block-image\"><figure class=\"aligncenter size-large is-resized\"><img data-recalc-dims=\"1\" decoding=\"async\" src=\"https:\/\/i0.wp.com\/blogdoeloiltoncajuhy.com.br\/site\/wp-content\/uploads\/2019\/12\/UNEB_Campus-Senhor-do-Bonfim.jpg?resize=490%2C322\" alt=\"\" class=\"wp-image-39690\" width=\"490\" height=\"322\" srcset=\"https:\/\/i0.wp.com\/blogdoeloiltoncajuhy.com.br\/site\/wp-content\/uploads\/2019\/12\/UNEB_Campus-Senhor-do-Bonfim.jpg?w=979&amp;ssl=1 979w, https:\/\/i0.wp.com\/blogdoeloiltoncajuhy.com.br\/site\/wp-content\/uploads\/2019\/12\/UNEB_Campus-Senhor-do-Bonfim.jpg?resize=300%2C197&amp;ssl=1 300w, https:\/\/i0.wp.com\/blogdoeloiltoncajuhy.com.br\/site\/wp-content\/uploads\/2019\/12\/UNEB_Campus-Senhor-do-Bonfim.jpg?resize=768%2C504&amp;ssl=1 768w, https:\/\/i0.wp.com\/blogdoeloiltoncajuhy.com.br\/site\/wp-content\/uploads\/2019\/12\/UNEB_Campus-Senhor-do-Bonfim.jpg?resize=250%2C164&amp;ssl=1 250w\" sizes=\"(max-width: 490px) 100vw, 490px\" \/><figcaption><em>Campus da Uneb em Senhor do Bonfim<\/em><\/figcaption><\/figure><\/div>\n\n\n\n<p class=\"has-medium-font-size\"><strong>Confira a programa\u00e7\u00e3o da UNEB na FLISBOM:<\/strong><\/p>\n\n\n\n<p><strong>Quinta-feira (19)<\/strong><br>9h \u00e0s 13h<br>Exposi\u00e7\u00e3o dos laborat\u00f3rios:<\/p>\n\n\n\n<ul class=\"wp-block-list\"><li>Micologia<\/li><li>Zoologia Marinha<\/li><li>Brinquedoteca<\/li><li>Exposi\u00e7\u00e3o de livros e produ\u00e7\u00e3o acad\u00eamico cient\u00edfica do Campus VII<\/li><\/ul>\n\n\n\n<p>13h \u00e0s 18h<\/p>\n\n\n\n<ul class=\"wp-block-list\"><li>Tert\u00falia na FLISBOM<\/li><li>Oficina de Turbantes e maquiagem<\/li><li>Exposi\u00e7\u00e3o de livros e produ\u00e7\u00e3o acad\u00eamico cient\u00edfica do Campus VII<\/li><\/ul>\n\n\n\n<p>19h \u00e0s 22h<\/p>\n\n\n\n<ul class=\"wp-block-list\"><li>Ter\u00e7a C\u00eanica<\/li><li>Exposi\u00e7\u00e3o de livros e produ\u00e7\u00e3o acad\u00eamico cient\u00edfica do Campus VII<\/li><\/ul>\n\n\n\n<p><strong>Sexta-feira (20)<\/strong><br>9h \u00e0s 13h<\/p>\n\n\n\n<p>Exposi\u00e7\u00e3o dos laborat\u00f3rios:<\/p>\n\n\n\n<ul class=\"wp-block-list\"><li>Micologia<\/li><li>Zoologia Marinha<\/li><li>Brinquedoteca<\/li><li>Exposi\u00e7\u00e3o de livros e produ\u00e7\u00e3o acad\u00eamico cient\u00edfica do Campus VII<\/li><\/ul>\n\n\n\n<p>13h \u00e0s 19h<\/p>\n\n\n\n<ul class=\"wp-block-list\"><li>Oficina da Abayomi<\/li><li>Tert\u00falia na FLISBOM<\/li><li>Apresenta\u00e7\u00e3o teatral e musical<\/li><li>Oficina: Ra\u00e7a, etnia, diversidade sexual e de g\u00eanero<\/li><li>Exposi\u00e7\u00e3o de livros e produ\u00e7\u00e3o acad\u00eamico cient\u00edfica do Campus VII<\/li><li>Interven\u00e7\u00e3o filos\u00f3fica (discentes de Enfermagem e Pedagogia)<\/li><\/ul>\n\n\n\n<p>19h \u00e0s 22h<\/p>\n\n\n\n<ul class=\"wp-block-list\"><li>Apresenta\u00e7\u00f5es: teatral, musical<\/li><li>Lan\u00e7amento de livros<\/li><\/ul>\n","protected":false},"excerpt":{"rendered":"<p>Lorena SimasCoordenadora do N\u00facleo de Assessoria de Comunica\u00e7\u00e3o (NAC-DEDC\/ UNEB)Com informa\u00e7\u00f5es do Minha Cidade O Departamento de Educa\u00e7\u00e3o (DEDC), Campus VII da UNEB participar\u00e1 da primeira edi\u00e7\u00e3o da Festa Liter\u00e1ria de Senhor do Bonfim (FLISBOM) nesta quinta (19) e sexta-feira (20), na Pra\u00e7a Nova do Congresso. A Festa Liter\u00e1ria traz como tema \u201cEntre Am\u00e9ricas e [&hellip;]<\/p>\n","protected":false},"author":2,"featured_media":39690,"comment_status":"open","ping_status":"open","sticky":false,"template":"","format":"standard","meta":{"_acf_changed":false,"_monsterinsights_skip_tracking":false,"_monsterinsights_sitenote_active":false,"_monsterinsights_sitenote_note":"","_monsterinsights_sitenote_category":0,"_jetpack_memberships_contains_paid_content":false,"footnotes":"","jetpack_publicize_message":"","jetpack_publicize_feature_enabled":true,"jetpack_social_post_already_shared":true,"jetpack_social_options":{"image_generator_settings":{"template":"highway","default_image_id":0,"font":"","enabled":false},"version":2}},"categories":[8,1,4],"tags":[],"class_list":["post-39688","post","type-post","status-publish","format-standard","has-post-thumbnail","hentry","category-cultura","category-noticias","category-local"],"acf":[],"jetpack_publicize_connections":[],"jetpack_featured_media_url":"https:\/\/i0.wp.com\/blogdoeloiltoncajuhy.com.br\/site\/wp-content\/uploads\/2019\/12\/UNEB_Campus-Senhor-do-Bonfim.jpg?fit=979%2C643&ssl=1","jetpack_sharing_enabled":true,"publishpress_future_workflow_manual_trigger":{"enabledWorkflows":[]},"_links":{"self":[{"href":"https:\/\/blogdoeloiltoncajuhy.com.br\/site\/wp-json\/wp\/v2\/posts\/39688","targetHints":{"allow":["GET"]}}],"collection":[{"href":"https:\/\/blogdoeloiltoncajuhy.com.br\/site\/wp-json\/wp\/v2\/posts"}],"about":[{"href":"https:\/\/blogdoeloiltoncajuhy.com.br\/site\/wp-json\/wp\/v2\/types\/post"}],"author":[{"embeddable":true,"href":"https:\/\/blogdoeloiltoncajuhy.com.br\/site\/wp-json\/wp\/v2\/users\/2"}],"replies":[{"embeddable":true,"href":"https:\/\/blogdoeloiltoncajuhy.com.br\/site\/wp-json\/wp\/v2\/comments?post=39688"}],"version-history":[{"count":1,"href":"https:\/\/blogdoeloiltoncajuhy.com.br\/site\/wp-json\/wp\/v2\/posts\/39688\/revisions"}],"predecessor-version":[{"id":39691,"href":"https:\/\/blogdoeloiltoncajuhy.com.br\/site\/wp-json\/wp\/v2\/posts\/39688\/revisions\/39691"}],"wp:featuredmedia":[{"embeddable":true,"href":"https:\/\/blogdoeloiltoncajuhy.com.br\/site\/wp-json\/wp\/v2\/media\/39690"}],"wp:attachment":[{"href":"https:\/\/blogdoeloiltoncajuhy.com.br\/site\/wp-json\/wp\/v2\/media?parent=39688"}],"wp:term":[{"taxonomy":"category","embeddable":true,"href":"https:\/\/blogdoeloiltoncajuhy.com.br\/site\/wp-json\/wp\/v2\/categories?post=39688"},{"taxonomy":"post_tag","embeddable":true,"href":"https:\/\/blogdoeloiltoncajuhy.com.br\/site\/wp-json\/wp\/v2\/tags?post=39688"}],"curies":[{"name":"wp","href":"https:\/\/api.w.org\/{rel}","templated":true}]}}