{"id":39663,"date":"2019-12-17T11:19:05","date_gmt":"2019-12-17T14:19:05","guid":{"rendered":"http:\/\/blogdoeloiltoncajuhy.com.br\/site\/?p=39663"},"modified":"2019-12-17T11:19:12","modified_gmt":"2019-12-17T14:19:12","slug":"suspeito-de-ordenar-chacina-em-salvador-e-encontrado-morto-diz-ssp-quatro-motoristas-por-aplicativo-foram-mortos","status":"publish","type":"post","link":"https:\/\/blogdoeloiltoncajuhy.com.br\/site\/suspeito-de-ordenar-chacina-em-salvador-e-encontrado-morto-diz-ssp-quatro-motoristas-por-aplicativo-foram-mortos\/","title":{"rendered":"Suspeito de ordenar chacina em Salvador \u00e9 encontrado morto, diz SSP; quatro motoristas por aplicativo foram mortos"},"content":{"rendered":"\n<h5 class=\"has-text-align-center wp-block-heading\"><em>Crime aconteceu no bairro de Santo In\u00e1cio, na manh\u00e3 de sexta-feira (13), e \u00e9 investigado pela Pol\u00edcia Civil. V\u00edtimas tinham sinais de tortura<\/em><\/h5>\n\n\n\n<p><strong>Por G1 BA<\/strong><\/p>\n\n\n\n<div class=\"wp-block-image\"><figure class=\"aligncenter size-large is-resized\"><img data-recalc-dims=\"1\" fetchpriority=\"high\" decoding=\"async\" src=\"https:\/\/i0.wp.com\/blogdoeloiltoncajuhy.com.br\/site\/wp-content\/uploads\/2019\/12\/ChacinaSalvadorBarraco.jpg?resize=607%2C254\" alt=\"\" class=\"wp-image-39664\" width=\"607\" height=\"254\" srcset=\"https:\/\/i0.wp.com\/blogdoeloiltoncajuhy.com.br\/site\/wp-content\/uploads\/2019\/12\/ChacinaSalvadorBarraco.jpg?w=984&amp;ssl=1 984w, https:\/\/i0.wp.com\/blogdoeloiltoncajuhy.com.br\/site\/wp-content\/uploads\/2019\/12\/ChacinaSalvadorBarraco.jpg?resize=300%2C125&amp;ssl=1 300w, https:\/\/i0.wp.com\/blogdoeloiltoncajuhy.com.br\/site\/wp-content\/uploads\/2019\/12\/ChacinaSalvadorBarraco.jpg?resize=768%2C321&amp;ssl=1 768w, https:\/\/i0.wp.com\/blogdoeloiltoncajuhy.com.br\/site\/wp-content\/uploads\/2019\/12\/ChacinaSalvadorBarraco.jpg?resize=250%2C104&amp;ssl=1 250w\" sizes=\"(max-width: 607px) 100vw, 607px\" \/><figcaption><em>Corpo de suspeito de mandar matar motoristas por aplicativo \u00e9 encontrado na BA-525 \u2014 Foto: Reprodu\u00e7\u00e3o\/ TV Bahia<\/em><\/figcaption><\/figure><\/div>\n\n\n\n<p>O homem suspeito de ser mandante da<a href=\"https:\/\/g1.globo.com\/ba\/bahia\/noticia\/2019\/12\/13\/dois-dos-quatro-homens-encontrados-mortos-no-bairro-do-santo-inacio-sao-identificados-vitimas-eram-motoristas-por-aplicativos.ghtml\">\u00a0<\/a><a href=\"http:\/\/blogdoeloiltoncajuhy.com.br\/site\/motorista-de-aplicativo-natural-de-itiuba-esta-entre-as-vitimas-de-chacina-de-salvador\/\"><strong><em>chacina de motoristas por aplicativo em Salvador<\/em><\/strong><\/a>, foi encontrado morto na BA-525, no domingo (15). A informa\u00e7\u00e3o foi divulgada pela Secretaria de Seguran\u00e7a P\u00fablica da Bahia (SSP-BA) nesta segunda-feira (16).<\/p>\n\n\n\n<ul class=\"wp-block-list\"><li><a href=\"https:\/\/g1.globo.com\/ba\/bahia\/noticia\/2019\/12\/16\/motorista-que-sobreviveu-a-chacina-na-ba-revela-momentos-de-terror-saco-que-a-gente-vai-colocar-os-corpos-de-voces.ghtml\"><strong><em>Motorista que sobreviveu a chacina revela momentos de terror: &#8216;Voc\u00ea vai morrer&#8217;<\/em><\/strong><\/a><\/li><\/ul>\n\n\n\n<p>Segundo informa\u00e7\u00f5es da SSP, o suspeito foi identificado como <strong>Jeferson Palmeira Soares Santos<\/strong>, conhecido como <strong>&#8220;Jel&#8221;<\/strong>. O corpo dele foi encontrado com marcas de tiros e com o pesco\u00e7o e as m\u00e3os amarradas.<\/p>\n\n\n\n<p>A chacina aconteceu na manh\u00e3 de sexta-feira (13), na Rua do Nepal, no bairro do Jardim Santo In\u00e1cio. No mesmo dia,\u00a0<a href=\"https:\/\/g1.globo.com\/ba\/bahia\/noticia\/2019\/12\/14\/suspeito-de-envolvimento-em-chacina-de-motoristas-por-aplicativo-morre-em-confronto-com-a-pm.ghtml\"><strong><em>outros dois suspeitos do crime morreram em confronto com policiais militares<\/em><\/strong>,<\/a>\u00a0em Lauro de Freitas, regi\u00e3o metropolitana da capital.<\/p>\n\n\n\n<p>Inicialmente, no domingo (15), a pol\u00edcia havia divulgado que apenas um dos homens tinha envolvimento com o caso, por\u00e9m a informa\u00e7\u00e3o foi atualizada na segunda-feira, ap\u00f3s investiga\u00e7\u00f5es.<\/p>\n\n\n\n<p>A dupla foi identificada como <strong>Ant\u00f4nio Carlos Santos de Carvalho<\/strong>, de 19 anos, e <strong>Marcos Moura de Jesus<\/strong>, de 30 anos.<\/p>\n\n\n\n<p class=\"has-medium-font-size\"><strong>\u00danico sobrevivente<\/strong><\/p>\n\n\n\n<div class=\"wp-block-image\"><figure class=\"aligncenter size-large\"><img data-recalc-dims=\"1\" decoding=\"async\" width=\"800\" height=\"501\" src=\"https:\/\/i0.wp.com\/blogdoeloiltoncajuhy.com.br\/site\/wp-content\/uploads\/2019\/12\/ChacinaSalvadorSobrevivente.jpg?resize=800%2C501\" alt=\"\" class=\"wp-image-39665\" srcset=\"https:\/\/i0.wp.com\/blogdoeloiltoncajuhy.com.br\/site\/wp-content\/uploads\/2019\/12\/ChacinaSalvadorSobrevivente.jpg?w=984&amp;ssl=1 984w, https:\/\/i0.wp.com\/blogdoeloiltoncajuhy.com.br\/site\/wp-content\/uploads\/2019\/12\/ChacinaSalvadorSobrevivente.jpg?resize=300%2C188&amp;ssl=1 300w, https:\/\/i0.wp.com\/blogdoeloiltoncajuhy.com.br\/site\/wp-content\/uploads\/2019\/12\/ChacinaSalvadorSobrevivente.jpg?resize=768%2C481&amp;ssl=1 768w, https:\/\/i0.wp.com\/blogdoeloiltoncajuhy.com.br\/site\/wp-content\/uploads\/2019\/12\/ChacinaSalvadorSobrevivente.jpg?resize=250%2C157&amp;ssl=1 250w\" sizes=\"(max-width: 800px) 100vw, 800px\" \/><figcaption><em>Motorista que sobreviveu a chacina em Salvador revela trauma e tortura em a\u00e7\u00e3o de criminosos \u2014 Foto: Reprodu\u00e7\u00e3o\/TV Bahia<\/em><\/figcaption><\/figure><\/div>\n\n\n\n<p>Em entrevista exclusiva \u00e0 TV Bahia, o sobrevivente da chacina contou que n\u00e3o&nbsp;<a href=\"https:\/\/g1.globo.com\/ba\/bahia\/noticia\/2019\/12\/16\/motorista-que-sobreviveu-a-chacina-na-ba-revela-momentos-de-terror-saco-que-a-gente-vai-colocar-os-corpos-de-voces.ghtml\">consegue dormir por conta do trauma<\/a>. Ele tamb\u00e9m relembrou como foi abordado pelos criminosos, disse que pediu para n\u00e3o ser morto e falou do momento em que foi torturado.<\/p>\n\n\n\n<p>O motorista\u00a0<a href=\"https:\/\/g1.globo.com\/ba\/bahia\/noticia\/2019\/12\/14\/motorista-que-sobreviveu-a-chacina-na-ba-escapou-depois-que-outra-vitima-lutou-com-criminosos-dizem-familiares.ghtml\">conseguiu escapar dos criminosos depois que uma das v\u00edtimas lutou com os suspeitos<\/a>.<\/p>\n\n\n\n<p>O motorista contou que saiu \u00e0s 5h para abastecer o carro e come\u00e7ou a trabalhar. A primeira corrida foi no bairro de Pau da Lima, tamb\u00e9m na capital baiana. Em seguida ele foi para o bairro de Santo In\u00e1cio, onde foi abordado pelos criminosos.<\/p>\n\n\n\n<p>O homem disse que quando chegou em um barraco, viu uma pessoa deitada, morta e outro rapaz amarrado nos p\u00e9s e nas m\u00e3os. O homem disse que pediu para n\u00e3o morrer, e um dos criminosos perguntou se ele ele tinha dinheiro. Diante da negativa da v\u00edtima, o homem disse: <em>&#8220;Ent\u00e3o voc\u00ea vai morrer&#8221;<\/em>.<\/p>\n\n\n\n<p>A v\u00edtima resolveu perguntar a um homem, chamado de Coroa pelos comparsas, o motivo do crime.<\/p>\n\n\n\n<p><em>&#8220;Irm\u00e3o, por qu\u00ea? Eu sempre trabalhei de Uber, n\u00e3o discrimino quem quer que seja. E teve o Coroa que me respondeu: &#8220;Mataram toda minha fam\u00edlia e eu vou matar voc\u00eas. A todo momento eu percebia que eles tinham a inten\u00e7\u00e3o s\u00f3 de matar. Porque eles deixavam ver o rosto deles. Diziam: Olhe pra mim. Olhe pra mim, que voc\u00ea vai pro inferno primeiro e depois, num dia, a gente se encontra l\u00e1 na frente&#8221;<\/em>, contou.<\/p>\n\n\n\n<div class=\"wp-block-image\"><figure class=\"aligncenter size-large\"><img data-recalc-dims=\"1\" decoding=\"async\" width=\"800\" height=\"501\" src=\"https:\/\/i0.wp.com\/blogdoeloiltoncajuhy.com.br\/site\/wp-content\/uploads\/2019\/12\/ChacinaSalvadorVitimas.jpg?resize=800%2C501\" alt=\"\" class=\"wp-image-39666\" srcset=\"https:\/\/i0.wp.com\/blogdoeloiltoncajuhy.com.br\/site\/wp-content\/uploads\/2019\/12\/ChacinaSalvadorVitimas.jpg?w=984&amp;ssl=1 984w, https:\/\/i0.wp.com\/blogdoeloiltoncajuhy.com.br\/site\/wp-content\/uploads\/2019\/12\/ChacinaSalvadorVitimas.jpg?resize=300%2C188&amp;ssl=1 300w, https:\/\/i0.wp.com\/blogdoeloiltoncajuhy.com.br\/site\/wp-content\/uploads\/2019\/12\/ChacinaSalvadorVitimas.jpg?resize=768%2C481&amp;ssl=1 768w, https:\/\/i0.wp.com\/blogdoeloiltoncajuhy.com.br\/site\/wp-content\/uploads\/2019\/12\/ChacinaSalvadorVitimas.jpg?resize=250%2C157&amp;ssl=1 250w\" sizes=\"(max-width: 800px) 100vw, 800px\" \/><figcaption><em>S\u00e1vio da Silva Dias, Alisson Silva Damasceno, Daniel Santos da Silva e Genivaldo da Silva F\u00e9lix foram mortos em Salvador \u2014 Foto: Arte G1<\/em><\/figcaption><\/figure><\/div>\n\n\n\n<p class=\"has-medium-font-size\"><strong>Os mortos s\u00e3o:<\/strong><\/p>\n\n\n\n<ul class=\"wp-block-list\"><li>S\u00e1vio da Silva Dias, de 23 anos (natural de Iti\u00faba)<\/li><\/ul>\n\n\n\n<ul class=\"wp-block-list\"><li>Alisson Silva Damasceno, de 27 anos<\/li><\/ul>\n\n\n\n<ul class=\"wp-block-list\"><li>Daniel Santos da Silva, de 31 anos<\/li><\/ul>\n\n\n\n<ul class=\"wp-block-list\"><li>Genivaldo da Silva F\u00e9lix, de 48 anos<\/li><\/ul>\n","protected":false},"excerpt":{"rendered":"<p>Crime aconteceu no bairro de Santo In\u00e1cio, na manh\u00e3 de sexta-feira (13), e \u00e9 investigado pela Pol\u00edcia Civil. V\u00edtimas tinham sinais de tortura Por G1 BA O homem suspeito de ser mandante da\u00a0chacina de motoristas por aplicativo em Salvador, foi encontrado morto na BA-525, no domingo (15). A informa\u00e7\u00e3o foi divulgada pela Secretaria de Seguran\u00e7a [&hellip;]<\/p>\n","protected":false},"author":2,"featured_media":39666,"comment_status":"open","ping_status":"open","sticky":false,"template":"","format":"standard","meta":{"_acf_changed":false,"_monsterinsights_skip_tracking":false,"_monsterinsights_sitenote_active":false,"_monsterinsights_sitenote_note":"","_monsterinsights_sitenote_category":0,"_jetpack_memberships_contains_paid_content":false,"footnotes":"","jetpack_publicize_message":"","jetpack_publicize_feature_enabled":true,"jetpack_social_post_already_shared":true,"jetpack_social_options":{"image_generator_settings":{"template":"highway","default_image_id":0,"font":"","enabled":false},"version":2}},"categories":[5,1],"tags":[],"class_list":["post-39663","post","type-post","status-publish","format-standard","has-post-thumbnail","hentry","category-cotidiano","category-noticias"],"acf":[],"jetpack_publicize_connections":[],"jetpack_featured_media_url":"https:\/\/i0.wp.com\/blogdoeloiltoncajuhy.com.br\/site\/wp-content\/uploads\/2019\/12\/ChacinaSalvadorVitimas.jpg?fit=984%2C616&ssl=1","jetpack_sharing_enabled":true,"publishpress_future_workflow_manual_trigger":{"enabledWorkflows":[]},"_links":{"self":[{"href":"https:\/\/blogdoeloiltoncajuhy.com.br\/site\/wp-json\/wp\/v2\/posts\/39663","targetHints":{"allow":["GET"]}}],"collection":[{"href":"https:\/\/blogdoeloiltoncajuhy.com.br\/site\/wp-json\/wp\/v2\/posts"}],"about":[{"href":"https:\/\/blogdoeloiltoncajuhy.com.br\/site\/wp-json\/wp\/v2\/types\/post"}],"author":[{"embeddable":true,"href":"https:\/\/blogdoeloiltoncajuhy.com.br\/site\/wp-json\/wp\/v2\/users\/2"}],"replies":[{"embeddable":true,"href":"https:\/\/blogdoeloiltoncajuhy.com.br\/site\/wp-json\/wp\/v2\/comments?post=39663"}],"version-history":[{"count":1,"href":"https:\/\/blogdoeloiltoncajuhy.com.br\/site\/wp-json\/wp\/v2\/posts\/39663\/revisions"}],"predecessor-version":[{"id":39667,"href":"https:\/\/blogdoeloiltoncajuhy.com.br\/site\/wp-json\/wp\/v2\/posts\/39663\/revisions\/39667"}],"wp:featuredmedia":[{"embeddable":true,"href":"https:\/\/blogdoeloiltoncajuhy.com.br\/site\/wp-json\/wp\/v2\/media\/39666"}],"wp:attachment":[{"href":"https:\/\/blogdoeloiltoncajuhy.com.br\/site\/wp-json\/wp\/v2\/media?parent=39663"}],"wp:term":[{"taxonomy":"category","embeddable":true,"href":"https:\/\/blogdoeloiltoncajuhy.com.br\/site\/wp-json\/wp\/v2\/categories?post=39663"},{"taxonomy":"post_tag","embeddable":true,"href":"https:\/\/blogdoeloiltoncajuhy.com.br\/site\/wp-json\/wp\/v2\/tags?post=39663"}],"curies":[{"name":"wp","href":"https:\/\/api.w.org\/{rel}","templated":true}]}}