{"id":39648,"date":"2019-12-17T08:41:20","date_gmt":"2019-12-17T11:41:20","guid":{"rendered":"http:\/\/blogdoeloiltoncajuhy.com.br\/site\/?p=39648"},"modified":"2019-12-17T08:41:27","modified_gmt":"2019-12-17T11:41:27","slug":"comissao-da-camara-aprova-projeto-que-reconhece-o-transporte-de-romeiros-em-pau-de-arara-como-manifestacao-da-cultura-nacional","status":"publish","type":"post","link":"https:\/\/blogdoeloiltoncajuhy.com.br\/site\/comissao-da-camara-aprova-projeto-que-reconhece-o-transporte-de-romeiros-em-pau-de-arara-como-manifestacao-da-cultura-nacional\/","title":{"rendered":"Comiss\u00e3o da C\u00e2mara aprova projeto que reconhece o transporte de romeiros em &#8220;pau de arara&#8221; como manifesta\u00e7\u00e3o da cultura nacional"},"content":{"rendered":"\n<p><strong>Da R\u00e1dio C\u00e2mara, de Bras\u00edlia, No\u00e9li Nobre<\/strong><\/p>\n\n\n\n<div class=\"wp-block-image\"><figure class=\"aligncenter size-large\"><img fetchpriority=\"high\" decoding=\"async\" width=\"1280\" height=\"720\" src=\"https:\/\/i0.wp.com\/blogdoeloiltoncajuhy.com.br\/site\/wp-content\/uploads\/2019\/12\/PauDeArara.jpg?fit=590%2C332\" alt=\"\" class=\"wp-image-39649\" srcset=\"https:\/\/i0.wp.com\/blogdoeloiltoncajuhy.com.br\/site\/wp-content\/uploads\/2019\/12\/PauDeArara.jpg?w=1280&amp;ssl=1 1280w, https:\/\/i0.wp.com\/blogdoeloiltoncajuhy.com.br\/site\/wp-content\/uploads\/2019\/12\/PauDeArara.jpg?resize=300%2C169&amp;ssl=1 300w, https:\/\/i0.wp.com\/blogdoeloiltoncajuhy.com.br\/site\/wp-content\/uploads\/2019\/12\/PauDeArara.jpg?resize=1024%2C576&amp;ssl=1 1024w, https:\/\/i0.wp.com\/blogdoeloiltoncajuhy.com.br\/site\/wp-content\/uploads\/2019\/12\/PauDeArara.jpg?resize=768%2C432&amp;ssl=1 768w, https:\/\/i0.wp.com\/blogdoeloiltoncajuhy.com.br\/site\/wp-content\/uploads\/2019\/12\/PauDeArara.jpg?resize=250%2C141&amp;ssl=1 250w\" sizes=\"(max-width: 800px) 100vw, 800px\" \/><\/figure><\/div>\n\n\n\n<p>A Comiss\u00e3o de Constitui\u00e7\u00e3o e Justi\u00e7a da C\u00e2mara dos Deputados aprovou projeto (PL 3643\/15) que declara como manifesta\u00e7\u00e3o da cultura nacional a tradi\u00e7\u00e3o do uso, em romarias religiosas, do transporte de passageiros nos caminh\u00f5es conhecidos como pau de arara.<\/p>\n\n\n\n<p>O relator, deputado Alencar Santana Braga, do PT de S\u00e3o Paulo, recomendou a aprova\u00e7\u00e3o. Segundo ele, a declara\u00e7\u00e3o poder\u00e1 levar \u00e0 obriga\u00e7\u00e3o de o poder p\u00fablico proteger e incentivar a manifesta\u00e7\u00e3o cultural.<\/p>\n\n\n\n<p>A proposta \u00e9 do deputado Jos\u00e9 Guimar\u00e3es, do PT do Cear\u00e1. Ele explicou que o pau de arara se consolidou como parte integrante da cultura nordestina, notadamente nas romarias a Juazeiro do Norte, no Cear\u00e1.<\/p>\n\n\n\n<p><em>\u201cA romaria de padre C\u00edcero, em Juazeiro do Norte, \u00e9 uma das maiores do Brasil. \u00c9 ponto tur\u00edstico, \u00e9 ponto de f\u00e9 e \u00e9 ponto de uni\u00e3o das pessoas mais pobres. Frente \u00e0 dificuldade de pagar um transporte mais caro, ou pegar um \u00f4nibus, ou pegar um avi\u00e3o para o aeroporto de Juazeiro do Norte, essas pessoas h\u00e1 d\u00e9cadas e d\u00e9cadas usam o pau de arara como fator cultural de acesso \u00e0 romaria de padre C\u00edcero, em Juazeiro do Norte\u201d<\/em>.<\/p>\n\n\n\n<p>O deputado Gilson Marques, do Novo de Santa Catarina, criticou o projeto. <em>\u201cN\u00e3o tem sentido algum n\u00f3s termos uma lei para dizer que o pau de arara \u00e9 uma cultura. Porque se \u00e9 cultura, n\u00e3o precisa de lei. E mais: se acaso tiver uma lei dizendo, o que altera na vida dele? O que n\u00f3s precisamos \u00e9 tirar das pessoas a necessidade de andar de pau de arara\u201d<\/em>.<\/p>\n\n\n\n<p>O texto segue para o Senado, a menos que haja recurso para an\u00e1lise pelo Plen\u00e1rio da C\u00e2mara.<\/p>\n","protected":false},"excerpt":{"rendered":"<p>Da R\u00e1dio C\u00e2mara, de Bras\u00edlia, No\u00e9li Nobre A Comiss\u00e3o de Constitui\u00e7\u00e3o e Justi\u00e7a da C\u00e2mara dos Deputados aprovou projeto (PL 3643\/15) que declara como manifesta\u00e7\u00e3o da cultura nacional a tradi\u00e7\u00e3o do uso, em romarias religiosas, do transporte de passageiros nos caminh\u00f5es conhecidos como pau de arara. O relator, deputado Alencar Santana Braga, do PT de [&hellip;]<\/p>\n","protected":false},"author":2,"featured_media":39649,"comment_status":"open","ping_status":"open","sticky":false,"template":"","format":"standard","meta":{"_acf_changed":false,"_monsterinsights_skip_tracking":false,"_monsterinsights_sitenote_active":false,"_monsterinsights_sitenote_note":"","_monsterinsights_sitenote_category":0,"_jetpack_memberships_contains_paid_content":false,"footnotes":"","jetpack_publicize_message":"","jetpack_publicize_feature_enabled":true,"jetpack_social_post_already_shared":true,"jetpack_social_options":{"image_generator_settings":{"template":"highway","default_image_id":0,"font":"","enabled":false},"version":2}},"categories":[1,3],"tags":[],"class_list":["post-39648","post","type-post","status-publish","format-standard","has-post-thumbnail","hentry","category-noticias","category-politica"],"acf":[],"jetpack_publicize_connections":[],"jetpack_featured_media_url":"https:\/\/i0.wp.com\/blogdoeloiltoncajuhy.com.br\/site\/wp-content\/uploads\/2019\/12\/PauDeArara.jpg?fit=1280%2C720&ssl=1","jetpack_sharing_enabled":true,"publishpress_future_workflow_manual_trigger":{"enabledWorkflows":[]},"_links":{"self":[{"href":"https:\/\/blogdoeloiltoncajuhy.com.br\/site\/wp-json\/wp\/v2\/posts\/39648","targetHints":{"allow":["GET"]}}],"collection":[{"href":"https:\/\/blogdoeloiltoncajuhy.com.br\/site\/wp-json\/wp\/v2\/posts"}],"about":[{"href":"https:\/\/blogdoeloiltoncajuhy.com.br\/site\/wp-json\/wp\/v2\/types\/post"}],"author":[{"embeddable":true,"href":"https:\/\/blogdoeloiltoncajuhy.com.br\/site\/wp-json\/wp\/v2\/users\/2"}],"replies":[{"embeddable":true,"href":"https:\/\/blogdoeloiltoncajuhy.com.br\/site\/wp-json\/wp\/v2\/comments?post=39648"}],"version-history":[{"count":1,"href":"https:\/\/blogdoeloiltoncajuhy.com.br\/site\/wp-json\/wp\/v2\/posts\/39648\/revisions"}],"predecessor-version":[{"id":39650,"href":"https:\/\/blogdoeloiltoncajuhy.com.br\/site\/wp-json\/wp\/v2\/posts\/39648\/revisions\/39650"}],"wp:featuredmedia":[{"embeddable":true,"href":"https:\/\/blogdoeloiltoncajuhy.com.br\/site\/wp-json\/wp\/v2\/media\/39649"}],"wp:attachment":[{"href":"https:\/\/blogdoeloiltoncajuhy.com.br\/site\/wp-json\/wp\/v2\/media?parent=39648"}],"wp:term":[{"taxonomy":"category","embeddable":true,"href":"https:\/\/blogdoeloiltoncajuhy.com.br\/site\/wp-json\/wp\/v2\/categories?post=39648"},{"taxonomy":"post_tag","embeddable":true,"href":"https:\/\/blogdoeloiltoncajuhy.com.br\/site\/wp-json\/wp\/v2\/tags?post=39648"}],"curies":[{"name":"wp","href":"https:\/\/api.w.org\/{rel}","templated":true}]}}