{"id":39643,"date":"2019-12-16T22:23:38","date_gmt":"2019-12-17T01:23:38","guid":{"rendered":"http:\/\/blogdoeloiltoncajuhy.com.br\/site\/?p=39643"},"modified":"2019-12-16T22:23:45","modified_gmt":"2019-12-17T01:23:45","slug":"prefeito-de-jaguarari-entrega-a-tao-aguardada-antena-de-telefonia-movel-no-distrito-de-flamengo","status":"publish","type":"post","link":"https:\/\/blogdoeloiltoncajuhy.com.br\/site\/prefeito-de-jaguarari-entrega-a-tao-aguardada-antena-de-telefonia-movel-no-distrito-de-flamengo\/","title":{"rendered":"Prefeito de Jaguarari entrega a t\u00e3o aguardada antena de telefonia m\u00f3vel no distrito de Flamengo"},"content":{"rendered":"\n<p><strong>ASCOM &#8211; Prefeitura de Jaguarari-BA<\/strong><\/p>\n\n\n\n<div class=\"wp-block-image\"><figure class=\"aligncenter size-large\"><img fetchpriority=\"high\" decoding=\"async\" width=\"1200\" height=\"800\" src=\"https:\/\/i0.wp.com\/blogdoeloiltoncajuhy.com.br\/site\/wp-content\/uploads\/2019\/12\/PMJ_SinalCelularFlamengo-2.jpg?fit=590%2C394\" alt=\"\" class=\"wp-image-39644\" srcset=\"https:\/\/i0.wp.com\/blogdoeloiltoncajuhy.com.br\/site\/wp-content\/uploads\/2019\/12\/PMJ_SinalCelularFlamengo-2.jpg?w=1200&amp;ssl=1 1200w, https:\/\/i0.wp.com\/blogdoeloiltoncajuhy.com.br\/site\/wp-content\/uploads\/2019\/12\/PMJ_SinalCelularFlamengo-2.jpg?resize=300%2C200&amp;ssl=1 300w, https:\/\/i0.wp.com\/blogdoeloiltoncajuhy.com.br\/site\/wp-content\/uploads\/2019\/12\/PMJ_SinalCelularFlamengo-2.jpg?resize=1024%2C683&amp;ssl=1 1024w, https:\/\/i0.wp.com\/blogdoeloiltoncajuhy.com.br\/site\/wp-content\/uploads\/2019\/12\/PMJ_SinalCelularFlamengo-2.jpg?resize=768%2C512&amp;ssl=1 768w, https:\/\/i0.wp.com\/blogdoeloiltoncajuhy.com.br\/site\/wp-content\/uploads\/2019\/12\/PMJ_SinalCelularFlamengo-2.jpg?resize=250%2C167&amp;ssl=1 250w\" sizes=\"(max-width: 800px) 100vw, 800px\" \/><\/figure><\/div>\n\n\n\n<p>Na manh\u00e3 desta segunda-feira (16), o prefeito de Jaguarari Everton Rocha, acompanhado pelo deputado estadual Roberto Carlos, do vereador Louri da Barrinha e todo seu secretariado, realizou a entrega simb\u00f3lica da antena de telefonia m\u00f3vel, que desde a ultima sexta-feira (13), vem operando em fase de testes com a tecnologia de Internet M\u00f3vel e sinal da Operadora Claro. <\/p>\n\n\n\n<p>Diante dos moradores do distrito, o gestor realizou uma liga\u00e7\u00e3o utilizando a operadora em funcionamento no distrito para agradecer ao Superintendente de Energia e Comunica\u00e7\u00f5es, Celso Rodrigues, por essa a\u00e7\u00e3o que chegou ao munic\u00edpio e beneficia a popula\u00e7\u00e3o.<\/p>\n\n\n\n<p><em>&#8220;Quero agradecer o empenho de toda equipe t\u00e9cnica, ao Diretor de Comunica\u00e7\u00f5es, Rob\u00e9rio Ronald, ao Coordenador do Projeto Fala Bahia, Jorge Andrade, a voc\u00ea Celso e todos que contribu\u00edram para que a gente conseguisse esse sinal de celular aqui para o Flamengo. Agradecer todo o empenho do governo da Bahia. \u00c9 uma parceria com a prefeitura de Jaguarari para que a comunidade esteja conectada com o Brasil e com o mundo&#8221;<\/em>, agradeceu o prefeito.<\/p>\n\n\n\n<p>Em sua fala o deputado estadual enalteceu o esfor\u00e7o do prefeito e a luta do vereador Louri para que esse benef\u00edcio chegasse ao munic\u00edpio. <em>&#8220;O prefeito Everton Rocha n\u00e3o tem medido esfor\u00e7os para passar demandas e buscar a\u00e7\u00f5es para Jaguarari. \u00c9 por esse esfor\u00e7o dele que estamos aqui hoje com a antena de telefonia podendo fazer liga\u00e7\u00f5es e acessar a internet. Gostaria de parabenizar tamb\u00e9m o nosso vereador Louri pela insist\u00eancia e luta para que esse equipamento chegasse ao Flamengo. Esse \u00e9 o inicio de muitas coisas boas que vem por ai&#8221;<\/em>, anunciou o deputado.<\/p>\n\n\n\n<p>Ao encerrar a entrega do equipamento, o prefeito anunciou que nos primeiros dias do pr\u00f3ximo ano os distritos de Pilar e Santa Rosa estar\u00e3o recebendo o sinal da TIM. J\u00e1 o distrito de Gameleira estar\u00e1 sendo contemplado com o sinal da operadora Claro.<\/p>\n","protected":false},"excerpt":{"rendered":"<p>ASCOM &#8211; Prefeitura de Jaguarari-BA Na manh\u00e3 desta segunda-feira (16), o prefeito de Jaguarari Everton Rocha, acompanhado pelo deputado estadual Roberto Carlos, do vereador Louri da Barrinha e todo seu secretariado, realizou a entrega simb\u00f3lica da antena de telefonia m\u00f3vel, que desde a ultima sexta-feira (13), vem operando em fase de testes com a tecnologia [&hellip;]<\/p>\n","protected":false},"author":2,"featured_media":39644,"comment_status":"open","ping_status":"open","sticky":false,"template":"","format":"standard","meta":{"_acf_changed":false,"_monsterinsights_skip_tracking":false,"_monsterinsights_sitenote_active":false,"_monsterinsights_sitenote_note":"","_monsterinsights_sitenote_category":0,"_jetpack_memberships_contains_paid_content":false,"footnotes":"","jetpack_publicize_message":"","jetpack_publicize_feature_enabled":true,"jetpack_social_post_already_shared":true,"jetpack_social_options":{"image_generator_settings":{"template":"highway","default_image_id":0,"font":"","enabled":false},"version":2}},"categories":[1,3,11],"tags":[],"class_list":["post-39643","post","type-post","status-publish","format-standard","has-post-thumbnail","hentry","category-noticias","category-politica","category-regional"],"acf":[],"jetpack_publicize_connections":[],"jetpack_featured_media_url":"https:\/\/i0.wp.com\/blogdoeloiltoncajuhy.com.br\/site\/wp-content\/uploads\/2019\/12\/PMJ_SinalCelularFlamengo-2.jpg?fit=1200%2C800&ssl=1","jetpack_sharing_enabled":true,"publishpress_future_workflow_manual_trigger":{"enabledWorkflows":[]},"_links":{"self":[{"href":"https:\/\/blogdoeloiltoncajuhy.com.br\/site\/wp-json\/wp\/v2\/posts\/39643","targetHints":{"allow":["GET"]}}],"collection":[{"href":"https:\/\/blogdoeloiltoncajuhy.com.br\/site\/wp-json\/wp\/v2\/posts"}],"about":[{"href":"https:\/\/blogdoeloiltoncajuhy.com.br\/site\/wp-json\/wp\/v2\/types\/post"}],"author":[{"embeddable":true,"href":"https:\/\/blogdoeloiltoncajuhy.com.br\/site\/wp-json\/wp\/v2\/users\/2"}],"replies":[{"embeddable":true,"href":"https:\/\/blogdoeloiltoncajuhy.com.br\/site\/wp-json\/wp\/v2\/comments?post=39643"}],"version-history":[{"count":1,"href":"https:\/\/blogdoeloiltoncajuhy.com.br\/site\/wp-json\/wp\/v2\/posts\/39643\/revisions"}],"predecessor-version":[{"id":39645,"href":"https:\/\/blogdoeloiltoncajuhy.com.br\/site\/wp-json\/wp\/v2\/posts\/39643\/revisions\/39645"}],"wp:featuredmedia":[{"embeddable":true,"href":"https:\/\/blogdoeloiltoncajuhy.com.br\/site\/wp-json\/wp\/v2\/media\/39644"}],"wp:attachment":[{"href":"https:\/\/blogdoeloiltoncajuhy.com.br\/site\/wp-json\/wp\/v2\/media?parent=39643"}],"wp:term":[{"taxonomy":"category","embeddable":true,"href":"https:\/\/blogdoeloiltoncajuhy.com.br\/site\/wp-json\/wp\/v2\/categories?post=39643"},{"taxonomy":"post_tag","embeddable":true,"href":"https:\/\/blogdoeloiltoncajuhy.com.br\/site\/wp-json\/wp\/v2\/tags?post=39643"}],"curies":[{"name":"wp","href":"https:\/\/api.w.org\/{rel}","templated":true}]}}