{"id":39632,"date":"2019-12-16T15:06:43","date_gmt":"2019-12-16T18:06:43","guid":{"rendered":"http:\/\/blogdoeloiltoncajuhy.com.br\/site\/?p=39632"},"modified":"2019-12-16T21:59:56","modified_gmt":"2019-12-17T00:59:56","slug":"nota-de-pesar-da-prefeitura-de-senhor-do-bonfim-3","status":"publish","type":"post","link":"https:\/\/blogdoeloiltoncajuhy.com.br\/site\/nota-de-pesar-da-prefeitura-de-senhor-do-bonfim-3\/","title":{"rendered":"Nota de Pesar da Prefeitura de Senhor do Bonfim"},"content":{"rendered":"\n<div class=\"wp-block-image\"><figure class=\"aligncenter size-large\"><img data-recalc-dims=\"1\" fetchpriority=\"high\" decoding=\"async\" width=\"800\" height=\"525\" src=\"https:\/\/i0.wp.com\/blogdoeloiltoncajuhy.com.br\/site\/wp-content\/uploads\/2019\/12\/PMSB_NotaPesarDonaZelia.jpg?resize=800%2C525\" alt=\"\" class=\"wp-image-39641\" srcset=\"https:\/\/i0.wp.com\/blogdoeloiltoncajuhy.com.br\/site\/wp-content\/uploads\/2019\/12\/PMSB_NotaPesarDonaZelia.jpg?resize=1024%2C672&amp;ssl=1 1024w, https:\/\/i0.wp.com\/blogdoeloiltoncajuhy.com.br\/site\/wp-content\/uploads\/2019\/12\/PMSB_NotaPesarDonaZelia.jpg?resize=300%2C197&amp;ssl=1 300w, https:\/\/i0.wp.com\/blogdoeloiltoncajuhy.com.br\/site\/wp-content\/uploads\/2019\/12\/PMSB_NotaPesarDonaZelia.jpg?resize=768%2C504&amp;ssl=1 768w, https:\/\/i0.wp.com\/blogdoeloiltoncajuhy.com.br\/site\/wp-content\/uploads\/2019\/12\/PMSB_NotaPesarDonaZelia.jpg?resize=250%2C164&amp;ssl=1 250w, https:\/\/i0.wp.com\/blogdoeloiltoncajuhy.com.br\/site\/wp-content\/uploads\/2019\/12\/PMSB_NotaPesarDonaZelia.jpg?w=1280&amp;ssl=1 1280w\" sizes=\"(max-width: 800px) 100vw, 800px\" \/><\/figure><\/div>\n\n\n\n<p>A Prefeitura de Senhor do Bonfim manifesta o mais profundo pesar pelo falecimento da Ilustre bonfinense, Sr\u00aa. Maria C\u00e9lia Vieira S\u00e1, esposa de Sebasti\u00e3o Soares Pinto, m\u00e3e do Exm\u00ba. Presidente da C\u00e2mara de Municipal, Sr. Cleiton Vieira Pinto, de Clezia Maria, Cleia Maria, Claudio Vieira, (in memorian), Cleide Maria, Cla\u00fadia Maria, Cl\u00f3vis Vieira (in memorian), Clebiston Vieira e Cleriston Vieira (in memorian).<\/p>\n\n\n\n<p>Nesse momento de dor e saudade, a Administra\u00e7\u00e3o Municipal se solidariza com os familiares e amigos, rogando a Deus pelo conforto e amparo.<\/p>\n\n\n\n<p><em>Nossas condol\u00eancias<\/em><\/p>\n\n\n\n<p><strong><em>Carlos Alberto Lopes Brasileiro &#8211; Prefeito<br>Jos\u00e9 Ant\u00f4nio de Souza Oliveira &#8211; Vice-Prefeito<\/em><\/strong><\/p>\n","protected":false},"excerpt":{"rendered":"<p>A Prefeitura de Senhor do Bonfim manifesta o mais profundo pesar pelo falecimento da Ilustre bonfinense, Sr\u00aa. Maria C\u00e9lia Vieira S\u00e1, esposa de Sebasti\u00e3o Soares Pinto, m\u00e3e do Exm\u00ba. Presidente da C\u00e2mara de Municipal, Sr. Cleiton Vieira Pinto, de Clezia Maria, Cleia Maria, Claudio Vieira, (in memorian), Cleide Maria, Cla\u00fadia Maria, Cl\u00f3vis Vieira (in memorian), [&hellip;]<\/p>\n","protected":false},"author":2,"featured_media":39641,"comment_status":"open","ping_status":"open","sticky":false,"template":"","format":"standard","meta":{"_acf_changed":false,"_monsterinsights_skip_tracking":false,"_monsterinsights_sitenote_active":false,"_monsterinsights_sitenote_note":"","_monsterinsights_sitenote_category":0,"_jetpack_memberships_contains_paid_content":false,"footnotes":"","jetpack_publicize_message":"","jetpack_publicize_feature_enabled":true,"jetpack_social_post_already_shared":true,"jetpack_social_options":{"image_generator_settings":{"template":"highway","default_image_id":0,"font":"","enabled":false},"version":2}},"categories":[1,4],"tags":[],"class_list":["post-39632","post","type-post","status-publish","format-standard","has-post-thumbnail","hentry","category-noticias","category-local"],"acf":[],"jetpack_publicize_connections":[],"jetpack_featured_media_url":"https:\/\/i0.wp.com\/blogdoeloiltoncajuhy.com.br\/site\/wp-content\/uploads\/2019\/12\/PMSB_NotaPesarDonaZelia.jpg?fit=1280%2C840&ssl=1","jetpack_sharing_enabled":true,"publishpress_future_workflow_manual_trigger":{"enabledWorkflows":[]},"_links":{"self":[{"href":"https:\/\/blogdoeloiltoncajuhy.com.br\/site\/wp-json\/wp\/v2\/posts\/39632","targetHints":{"allow":["GET"]}}],"collection":[{"href":"https:\/\/blogdoeloiltoncajuhy.com.br\/site\/wp-json\/wp\/v2\/posts"}],"about":[{"href":"https:\/\/blogdoeloiltoncajuhy.com.br\/site\/wp-json\/wp\/v2\/types\/post"}],"author":[{"embeddable":true,"href":"https:\/\/blogdoeloiltoncajuhy.com.br\/site\/wp-json\/wp\/v2\/users\/2"}],"replies":[{"embeddable":true,"href":"https:\/\/blogdoeloiltoncajuhy.com.br\/site\/wp-json\/wp\/v2\/comments?post=39632"}],"version-history":[{"count":2,"href":"https:\/\/blogdoeloiltoncajuhy.com.br\/site\/wp-json\/wp\/v2\/posts\/39632\/revisions"}],"predecessor-version":[{"id":39642,"href":"https:\/\/blogdoeloiltoncajuhy.com.br\/site\/wp-json\/wp\/v2\/posts\/39632\/revisions\/39642"}],"wp:featuredmedia":[{"embeddable":true,"href":"https:\/\/blogdoeloiltoncajuhy.com.br\/site\/wp-json\/wp\/v2\/media\/39641"}],"wp:attachment":[{"href":"https:\/\/blogdoeloiltoncajuhy.com.br\/site\/wp-json\/wp\/v2\/media?parent=39632"}],"wp:term":[{"taxonomy":"category","embeddable":true,"href":"https:\/\/blogdoeloiltoncajuhy.com.br\/site\/wp-json\/wp\/v2\/categories?post=39632"},{"taxonomy":"post_tag","embeddable":true,"href":"https:\/\/blogdoeloiltoncajuhy.com.br\/site\/wp-json\/wp\/v2\/tags?post=39632"}],"curies":[{"name":"wp","href":"https:\/\/api.w.org\/{rel}","templated":true}]}}