{"id":39626,"date":"2019-12-16T11:25:42","date_gmt":"2019-12-16T14:25:42","guid":{"rendered":"http:\/\/blogdoeloiltoncajuhy.com.br\/site\/?p=39626"},"modified":"2019-12-16T11:25:48","modified_gmt":"2019-12-16T14:25:48","slug":"embasa-implanta-viveiro-de-mudas-na-area-verde-da-barragem-do-rio-da-prata","status":"publish","type":"post","link":"https:\/\/blogdoeloiltoncajuhy.com.br\/site\/embasa-implanta-viveiro-de-mudas-na-area-verde-da-barragem-do-rio-da-prata\/","title":{"rendered":"Embasa implanta viveiro de mudas na \u00e1rea verde da Barragem do Rio da Prata"},"content":{"rendered":"\n<p><strong>Assessoria de Comunica\u00e7\u00e3o da Embasa<\/strong><br>Unidade Regional de Senhor do Bonfim<br>74 &#8211; 3541 8400<br>74- 99129 3746 (Tim\/WhatsApp)<\/p>\n\n\n\n<div class=\"wp-block-image\"><figure class=\"aligncenter size-large is-resized\"><img data-recalc-dims=\"1\" fetchpriority=\"high\" decoding=\"async\" src=\"https:\/\/i0.wp.com\/blogdoeloiltoncajuhy.com.br\/site\/wp-content\/uploads\/2019\/12\/EmbasaViveiro-01.jpg?resize=512%2C384\" alt=\"\" class=\"wp-image-39627\" width=\"512\" height=\"384\" srcset=\"https:\/\/i0.wp.com\/blogdoeloiltoncajuhy.com.br\/site\/wp-content\/uploads\/2019\/12\/EmbasaViveiro-01.jpg?resize=1024%2C768&amp;ssl=1 1024w, https:\/\/i0.wp.com\/blogdoeloiltoncajuhy.com.br\/site\/wp-content\/uploads\/2019\/12\/EmbasaViveiro-01.jpg?resize=300%2C225&amp;ssl=1 300w, https:\/\/i0.wp.com\/blogdoeloiltoncajuhy.com.br\/site\/wp-content\/uploads\/2019\/12\/EmbasaViveiro-01.jpg?resize=768%2C576&amp;ssl=1 768w, https:\/\/i0.wp.com\/blogdoeloiltoncajuhy.com.br\/site\/wp-content\/uploads\/2019\/12\/EmbasaViveiro-01.jpg?resize=250%2C188&amp;ssl=1 250w, https:\/\/i0.wp.com\/blogdoeloiltoncajuhy.com.br\/site\/wp-content\/uploads\/2019\/12\/EmbasaViveiro-01.jpg?w=1200&amp;ssl=1 1200w\" sizes=\"(max-width: 512px) 100vw, 512px\" \/><figcaption><em>Da esquerda para a direita: Valdirene Lima, Jo\u00e3o Batista (Operador de ETA), Sheila Guirra (CGA) e Raimundo Santos (auxiliar de produ\u00e7\u00e3o)<\/em><\/figcaption><\/figure><\/div>\n\n\n\n<p>Foi implantado na \u00e1rea verde da Esta\u00e7\u00e3o de Tratamento de \u00c1gua (ETA) do Rio da Prata (Senhor do Bonfim) o Viveiro Educador da Embasa. O equipamento foi estruturado com eucalipto tratado, telas de sombrite em nylon, areia e britagem e deve produzir cerca de 30 mil mudas de plantas nativas por ano.<\/p>\n\n\n\n<p><em>\u201cA ideia \u00e9 utilizar estas mudas no reflorestamento e na recupera\u00e7\u00e3o de mata ciliar em \u00e1reas de nascentes, barragens e unidades operacionais da Embasa, al\u00e9m de aproveitar o local como instrumento de conscientiza\u00e7\u00e3o ambiental com a sociedade\u201d<\/em>, afirmou a bi\u00f3loga e membro do Comit\u00ea de Gest\u00e3o Ambiental (CGA) da Embasa &#8211; Unidade Regional de Senhor do Bonfim, Valdirene Lima.<\/p>\n\n\n\n<p>De acordo com a bi\u00f3loga, est\u00e3o previstas a produ\u00e7\u00e3o de mudas de Jurema, Aroeira, Tamboril, Angico, Ip\u00eas, Umbuzeiro, Pau d\u2019Arco, Moringa e outras esp\u00e9cies dos biomas caatinga e de transi\u00e7\u00e3o.<\/p>\n\n\n\n<div class=\"wp-block-image\"><figure class=\"aligncenter size-large is-resized\"><img decoding=\"async\" src=\"https:\/\/i1.wp.com\/blogdoeloiltoncajuhy.com.br\/site\/wp-content\/uploads\/2019\/12\/EmbasaViveiro-02.jpg?fit=590%2C443\" alt=\"\" class=\"wp-image-39628\" width=\"443\" height=\"332\" srcset=\"https:\/\/i0.wp.com\/blogdoeloiltoncajuhy.com.br\/site\/wp-content\/uploads\/2019\/12\/EmbasaViveiro-02.jpg?w=1200&amp;ssl=1 1200w, https:\/\/i0.wp.com\/blogdoeloiltoncajuhy.com.br\/site\/wp-content\/uploads\/2019\/12\/EmbasaViveiro-02.jpg?resize=300%2C225&amp;ssl=1 300w, https:\/\/i0.wp.com\/blogdoeloiltoncajuhy.com.br\/site\/wp-content\/uploads\/2019\/12\/EmbasaViveiro-02.jpg?resize=1024%2C768&amp;ssl=1 1024w, https:\/\/i0.wp.com\/blogdoeloiltoncajuhy.com.br\/site\/wp-content\/uploads\/2019\/12\/EmbasaViveiro-02.jpg?resize=768%2C576&amp;ssl=1 768w, https:\/\/i0.wp.com\/blogdoeloiltoncajuhy.com.br\/site\/wp-content\/uploads\/2019\/12\/EmbasaViveiro-02.jpg?resize=250%2C188&amp;ssl=1 250w\" sizes=\"(max-width: 443px) 100vw, 443px\" \/><\/figure><\/div>\n","protected":false},"excerpt":{"rendered":"<p>Assessoria de Comunica\u00e7\u00e3o da EmbasaUnidade Regional de Senhor do Bonfim74 &#8211; 3541 840074- 99129 3746 (Tim\/WhatsApp) Foi implantado na \u00e1rea verde da Esta\u00e7\u00e3o de Tratamento de \u00c1gua (ETA) do Rio da Prata (Senhor do Bonfim) o Viveiro Educador da Embasa. O equipamento foi estruturado com eucalipto tratado, telas de sombrite em nylon, areia e britagem [&hellip;]<\/p>\n","protected":false},"author":2,"featured_media":39628,"comment_status":"open","ping_status":"open","sticky":false,"template":"","format":"standard","meta":{"_acf_changed":false,"_monsterinsights_skip_tracking":false,"_monsterinsights_sitenote_active":false,"_monsterinsights_sitenote_note":"","_monsterinsights_sitenote_category":0,"_jetpack_memberships_contains_paid_content":false,"footnotes":"","jetpack_publicize_message":"","jetpack_publicize_feature_enabled":true,"jetpack_social_post_already_shared":true,"jetpack_social_options":{"image_generator_settings":{"template":"highway","default_image_id":0,"font":"","enabled":false},"version":2}},"categories":[1,4],"tags":[],"class_list":["post-39626","post","type-post","status-publish","format-standard","has-post-thumbnail","hentry","category-noticias","category-local"],"acf":[],"jetpack_publicize_connections":[],"jetpack_featured_media_url":"https:\/\/i0.wp.com\/blogdoeloiltoncajuhy.com.br\/site\/wp-content\/uploads\/2019\/12\/EmbasaViveiro-02.jpg?fit=1200%2C900&ssl=1","jetpack_sharing_enabled":true,"publishpress_future_workflow_manual_trigger":{"enabledWorkflows":[]},"_links":{"self":[{"href":"https:\/\/blogdoeloiltoncajuhy.com.br\/site\/wp-json\/wp\/v2\/posts\/39626","targetHints":{"allow":["GET"]}}],"collection":[{"href":"https:\/\/blogdoeloiltoncajuhy.com.br\/site\/wp-json\/wp\/v2\/posts"}],"about":[{"href":"https:\/\/blogdoeloiltoncajuhy.com.br\/site\/wp-json\/wp\/v2\/types\/post"}],"author":[{"embeddable":true,"href":"https:\/\/blogdoeloiltoncajuhy.com.br\/site\/wp-json\/wp\/v2\/users\/2"}],"replies":[{"embeddable":true,"href":"https:\/\/blogdoeloiltoncajuhy.com.br\/site\/wp-json\/wp\/v2\/comments?post=39626"}],"version-history":[{"count":1,"href":"https:\/\/blogdoeloiltoncajuhy.com.br\/site\/wp-json\/wp\/v2\/posts\/39626\/revisions"}],"predecessor-version":[{"id":39629,"href":"https:\/\/blogdoeloiltoncajuhy.com.br\/site\/wp-json\/wp\/v2\/posts\/39626\/revisions\/39629"}],"wp:featuredmedia":[{"embeddable":true,"href":"https:\/\/blogdoeloiltoncajuhy.com.br\/site\/wp-json\/wp\/v2\/media\/39628"}],"wp:attachment":[{"href":"https:\/\/blogdoeloiltoncajuhy.com.br\/site\/wp-json\/wp\/v2\/media?parent=39626"}],"wp:term":[{"taxonomy":"category","embeddable":true,"href":"https:\/\/blogdoeloiltoncajuhy.com.br\/site\/wp-json\/wp\/v2\/categories?post=39626"},{"taxonomy":"post_tag","embeddable":true,"href":"https:\/\/blogdoeloiltoncajuhy.com.br\/site\/wp-json\/wp\/v2\/tags?post=39626"}],"curies":[{"name":"wp","href":"https:\/\/api.w.org\/{rel}","templated":true}]}}