{"id":39619,"date":"2019-12-16T09:13:20","date_gmt":"2019-12-16T12:13:20","guid":{"rendered":"http:\/\/blogdoeloiltoncajuhy.com.br\/site\/?p=39619"},"modified":"2019-12-16T09:13:26","modified_gmt":"2019-12-16T12:13:26","slug":"nota-de-pesar-pelo-falecimento-da-sra-maria-celia-vieira-sa-mae-do-vereador-cleiton-vieira","status":"publish","type":"post","link":"https:\/\/blogdoeloiltoncajuhy.com.br\/site\/nota-de-pesar-pelo-falecimento-da-sra-maria-celia-vieira-sa-mae-do-vereador-cleiton-vieira\/","title":{"rendered":"Nota de Pesar pelo falecimento da Sr\u00aa Maria C\u00e9lia Vieira S\u00e1, m\u00e3e do Vereador Cleiton Vieira"},"content":{"rendered":"\n<p><strong>ASCOM &#8211; C\u00e2mara Municipal de Senhor do Bonfim-BA<\/strong><\/p>\n\n\n\n<div class=\"wp-block-image\"><figure class=\"aligncenter size-large is-resized\"><img data-recalc-dims=\"1\" fetchpriority=\"high\" decoding=\"async\" src=\"https:\/\/i0.wp.com\/blogdoeloiltoncajuhy.com.br\/site\/wp-content\/uploads\/2019\/09\/PMSB_nota-de-pesar-seu-ozio.jpg?resize=428%2C285\" alt=\"\" class=\"wp-image-37328\" width=\"428\" height=\"285\" srcset=\"https:\/\/i0.wp.com\/blogdoeloiltoncajuhy.com.br\/site\/wp-content\/uploads\/2019\/09\/PMSB_nota-de-pesar-seu-ozio.jpg?w=570&amp;ssl=1 570w, https:\/\/i0.wp.com\/blogdoeloiltoncajuhy.com.br\/site\/wp-content\/uploads\/2019\/09\/PMSB_nota-de-pesar-seu-ozio.jpg?resize=300%2C200&amp;ssl=1 300w, https:\/\/i0.wp.com\/blogdoeloiltoncajuhy.com.br\/site\/wp-content\/uploads\/2019\/09\/PMSB_nota-de-pesar-seu-ozio.jpg?resize=250%2C167&amp;ssl=1 250w\" sizes=\"(max-width: 428px) 100vw, 428px\" \/><\/figure><\/div>\n\n\n\n<p>A C\u00e2mara Municipal de Senhor do Bonfim, em nome de todos que comp\u00f5em a Casa Legislativa, com muita tristeza, emite Nota de Pesar e Solidariedade em virtude do falecimento da m\u00e3e do Presidente da C\u00e2mara Municipal de Senhor do Bonfim, Cleiton Vieira, Sr.\u00aa Maria C\u00e9lia Vieira S\u00e1, ocorrido na madrugada desta segunda-feira, 16 de dezembro de 2019, no Hospital Regional Dom Ant\u00f4nio Monteiro. A C\u00e2mara Municipal decretou luto oficial e suspendeu seus trabalhos administrativos no dia de hoje.<\/p>\n\n\n\n<p>Maria C\u00e9lia Vieira S\u00e1 formou sua fam\u00edlia sempre com muito amor e dedica\u00e7\u00e3o, primando sempre pelos princ\u00edpios de uma fam\u00edlia unida. Deixando com seu falecimento uma grande saudade no cora\u00e7\u00e3o de todos que a conheceram e tiveram o prazer de desfrutar da sua viv\u00eancia.<\/p>\n\n\n\n<p>O vel\u00f3rio est\u00e1 acontecendo em sua resid\u00eancia, na Rua Jos\u00e9 Jorge, 185, Centro. O sepultamento ser\u00e1 \u00e1s 15 horas, no cemit\u00e9rio do povoado de Passagem Velha, no munic\u00edpio de Senhor do Bonfim.<\/p>\n\n\n\n<p>Aos familiares, principalmente aos seus filhos e netos, as nossas mais sinceras condol\u00eancias, reiterando que todos da C\u00e2mara de Municipal n\u00e3o poderiam deixar de unificar ao pesar da fam\u00edlia. Manifestando assim o mais profundo respeito, rogando a Deus que traga conforto aos cora\u00e7\u00f5es enlutados.<\/p>\n\n\n\n<p><strong><em>Que a for\u00e7a da f\u00e9 reine no meio de todos. Descanse em paz<\/em><\/strong>.<\/p>\n","protected":false},"excerpt":{"rendered":"<p>ASCOM &#8211; C\u00e2mara Municipal de Senhor do Bonfim-BA A C\u00e2mara Municipal de Senhor do Bonfim, em nome de todos que comp\u00f5em a Casa Legislativa, com muita tristeza, emite Nota de Pesar e Solidariedade em virtude do falecimento da m\u00e3e do Presidente da C\u00e2mara Municipal de Senhor do Bonfim, Cleiton Vieira, Sr.\u00aa Maria C\u00e9lia Vieira S\u00e1, [&hellip;]<\/p>\n","protected":false},"author":2,"featured_media":0,"comment_status":"open","ping_status":"open","sticky":false,"template":"","format":"standard","meta":{"_acf_changed":false,"_monsterinsights_skip_tracking":false,"_monsterinsights_sitenote_active":false,"_monsterinsights_sitenote_note":"","_monsterinsights_sitenote_category":0,"_jetpack_memberships_contains_paid_content":false,"footnotes":"","jetpack_publicize_message":"","jetpack_publicize_feature_enabled":true,"jetpack_social_post_already_shared":true,"jetpack_social_options":{"image_generator_settings":{"template":"highway","default_image_id":0,"font":"","enabled":false},"version":2}},"categories":[1,4],"tags":[],"class_list":["post-39619","post","type-post","status-publish","format-standard","hentry","category-noticias","category-local"],"acf":[],"jetpack_publicize_connections":[],"jetpack_featured_media_url":"","jetpack_sharing_enabled":true,"publishpress_future_workflow_manual_trigger":{"enabledWorkflows":[]},"_links":{"self":[{"href":"https:\/\/blogdoeloiltoncajuhy.com.br\/site\/wp-json\/wp\/v2\/posts\/39619","targetHints":{"allow":["GET"]}}],"collection":[{"href":"https:\/\/blogdoeloiltoncajuhy.com.br\/site\/wp-json\/wp\/v2\/posts"}],"about":[{"href":"https:\/\/blogdoeloiltoncajuhy.com.br\/site\/wp-json\/wp\/v2\/types\/post"}],"author":[{"embeddable":true,"href":"https:\/\/blogdoeloiltoncajuhy.com.br\/site\/wp-json\/wp\/v2\/users\/2"}],"replies":[{"embeddable":true,"href":"https:\/\/blogdoeloiltoncajuhy.com.br\/site\/wp-json\/wp\/v2\/comments?post=39619"}],"version-history":[{"count":1,"href":"https:\/\/blogdoeloiltoncajuhy.com.br\/site\/wp-json\/wp\/v2\/posts\/39619\/revisions"}],"predecessor-version":[{"id":39620,"href":"https:\/\/blogdoeloiltoncajuhy.com.br\/site\/wp-json\/wp\/v2\/posts\/39619\/revisions\/39620"}],"wp:attachment":[{"href":"https:\/\/blogdoeloiltoncajuhy.com.br\/site\/wp-json\/wp\/v2\/media?parent=39619"}],"wp:term":[{"taxonomy":"category","embeddable":true,"href":"https:\/\/blogdoeloiltoncajuhy.com.br\/site\/wp-json\/wp\/v2\/categories?post=39619"},{"taxonomy":"post_tag","embeddable":true,"href":"https:\/\/blogdoeloiltoncajuhy.com.br\/site\/wp-json\/wp\/v2\/tags?post=39619"}],"curies":[{"name":"wp","href":"https:\/\/api.w.org\/{rel}","templated":true}]}}