{"id":39617,"date":"2019-12-16T07:42:52","date_gmt":"2019-12-16T10:42:52","guid":{"rendered":"http:\/\/blogdoeloiltoncajuhy.com.br\/site\/?p=39617"},"modified":"2019-12-16T07:42:58","modified_gmt":"2019-12-16T10:42:58","slug":"sismusb-fara-assembleia-nesta-segunda-feira-16-para-discutir-pauta-salarial","status":"publish","type":"post","link":"https:\/\/blogdoeloiltoncajuhy.com.br\/site\/sismusb-fara-assembleia-nesta-segunda-feira-16-para-discutir-pauta-salarial\/","title":{"rendered":"Sismusb far\u00e1 assembleia nesta segunda-feira (16) para discutir pauta salarial"},"content":{"rendered":"\n<div class=\"wp-block-image\"><figure class=\"aligncenter size-large is-resized\"><img data-recalc-dims=\"1\" decoding=\"async\" src=\"https:\/\/i0.wp.com\/blogdoeloiltoncajuhy.com.br\/site\/wp-content\/uploads\/2015\/06\/assembleia.jpg?resize=369%2C111\" alt=\"\" class=\"wp-image-1822\" width=\"369\" height=\"111\" srcset=\"https:\/\/i0.wp.com\/blogdoeloiltoncajuhy.com.br\/site\/wp-content\/uploads\/2015\/06\/assembleia.jpg?w=279&amp;ssl=1 279w, https:\/\/i0.wp.com\/blogdoeloiltoncajuhy.com.br\/site\/wp-content\/uploads\/2015\/06\/assembleia.jpg?resize=250%2C75&amp;ssl=1 250w\" sizes=\"(max-width: 369px) 100vw, 369px\" \/><\/figure><\/div>\n\n\n\n<p>O Sismusb &#8211; Sindicato dos Servidores P\u00fablicos Municipais de Senhor do Bonfim &#8211; convoca todos os servidores para uma assembleia extraordin\u00e1ria, que ser\u00e1 realizada nesta segunda-feira, dia 16\/12\/19, na sede do Sindiferro, \u00e0s 16h30, para apresentar proposta de reajuste salarial e uma discuss\u00e3o mais aprofundada sobre a pauta de reivindica\u00e7\u00e3o.<\/p>\n\n\n\n<p>Agradece a presen\u00e7a de todos,<\/p>\n\n\n\n<p class=\"has-text-align-center\"><strong>A Diretoria<\/strong><\/p>\n","protected":false},"excerpt":{"rendered":"<p>O Sismusb &#8211; Sindicato dos Servidores P\u00fablicos Municipais de Senhor do Bonfim &#8211; convoca todos os servidores para uma assembleia extraordin\u00e1ria, que ser\u00e1 realizada nesta segunda-feira, dia 16\/12\/19, na sede do Sindiferro, \u00e0s 16h30, para apresentar proposta de reajuste salarial e uma discuss\u00e3o mais aprofundada sobre a pauta de reivindica\u00e7\u00e3o. Agradece a presen\u00e7a de todos, [&hellip;]<\/p>\n","protected":false},"author":2,"featured_media":0,"comment_status":"open","ping_status":"open","sticky":false,"template":"","format":"standard","meta":{"_acf_changed":false,"_monsterinsights_skip_tracking":false,"_monsterinsights_sitenote_active":false,"_monsterinsights_sitenote_note":"","_monsterinsights_sitenote_category":0,"_jetpack_memberships_contains_paid_content":false,"footnotes":"","jetpack_publicize_message":"","jetpack_publicize_feature_enabled":true,"jetpack_social_post_already_shared":true,"jetpack_social_options":{"image_generator_settings":{"template":"highway","default_image_id":0,"font":"","enabled":false},"version":2}},"categories":[1,4],"tags":[],"class_list":["post-39617","post","type-post","status-publish","format-standard","hentry","category-noticias","category-local"],"acf":[],"jetpack_publicize_connections":[],"jetpack_featured_media_url":"","jetpack_sharing_enabled":true,"publishpress_future_workflow_manual_trigger":{"enabledWorkflows":[]},"_links":{"self":[{"href":"https:\/\/blogdoeloiltoncajuhy.com.br\/site\/wp-json\/wp\/v2\/posts\/39617","targetHints":{"allow":["GET"]}}],"collection":[{"href":"https:\/\/blogdoeloiltoncajuhy.com.br\/site\/wp-json\/wp\/v2\/posts"}],"about":[{"href":"https:\/\/blogdoeloiltoncajuhy.com.br\/site\/wp-json\/wp\/v2\/types\/post"}],"author":[{"embeddable":true,"href":"https:\/\/blogdoeloiltoncajuhy.com.br\/site\/wp-json\/wp\/v2\/users\/2"}],"replies":[{"embeddable":true,"href":"https:\/\/blogdoeloiltoncajuhy.com.br\/site\/wp-json\/wp\/v2\/comments?post=39617"}],"version-history":[{"count":1,"href":"https:\/\/blogdoeloiltoncajuhy.com.br\/site\/wp-json\/wp\/v2\/posts\/39617\/revisions"}],"predecessor-version":[{"id":39618,"href":"https:\/\/blogdoeloiltoncajuhy.com.br\/site\/wp-json\/wp\/v2\/posts\/39617\/revisions\/39618"}],"wp:attachment":[{"href":"https:\/\/blogdoeloiltoncajuhy.com.br\/site\/wp-json\/wp\/v2\/media?parent=39617"}],"wp:term":[{"taxonomy":"category","embeddable":true,"href":"https:\/\/blogdoeloiltoncajuhy.com.br\/site\/wp-json\/wp\/v2\/categories?post=39617"},{"taxonomy":"post_tag","embeddable":true,"href":"https:\/\/blogdoeloiltoncajuhy.com.br\/site\/wp-json\/wp\/v2\/tags?post=39617"}],"curies":[{"name":"wp","href":"https:\/\/api.w.org\/{rel}","templated":true}]}}