{"id":39604,"date":"2019-12-15T10:24:08","date_gmt":"2019-12-15T13:24:08","guid":{"rendered":"http:\/\/blogdoeloiltoncajuhy.com.br\/site\/?p=39604"},"modified":"2019-12-15T10:24:15","modified_gmt":"2019-12-15T13:24:15","slug":"marido-flagra-a-esposa-com-amante-em-motel-e-e-assassinado-autor-cometeu-suicidio-apos-o-crime-diz-policia","status":"publish","type":"post","link":"https:\/\/blogdoeloiltoncajuhy.com.br\/site\/marido-flagra-a-esposa-com-amante-em-motel-e-e-assassinado-autor-cometeu-suicidio-apos-o-crime-diz-policia\/","title":{"rendered":"Marido flagra a esposa com amante em motel e \u00e9 assassinado; autor cometeu suic\u00eddio ap\u00f3s o crime, diz pol\u00edcia"},"content":{"rendered":"\n<h5 class=\"has-text-align-center wp-block-heading\"><em>Crime foi na sa\u00edda de um motel na BR-365, em Pirapora (MG); segundo a Pol\u00edcia Militar, marido foi assassinado com um tiro no rosto. Mulher n\u00e3o ficou ferida e foi encaminhada \u00e0 delegacia para prestar esclarecimentos<\/em><\/h5>\n\n\n\n<p><strong>Por Marina Pereira, G1 Grande Minas<\/strong><\/p>\n\n\n\n<div class=\"wp-block-image\"><figure class=\"aligncenter size-large\"><img data-recalc-dims=\"1\" fetchpriority=\"high\" decoding=\"async\" width=\"640\" height=\"329\" src=\"https:\/\/i0.wp.com\/blogdoeloiltoncajuhy.com.br\/site\/wp-content\/uploads\/2015\/08\/Plant%C3%A3o-de-Pol%C3%ADcia1.jpg?resize=640%2C329\" alt=\"\" class=\"wp-image-3229\" srcset=\"https:\/\/i0.wp.com\/blogdoeloiltoncajuhy.com.br\/site\/wp-content\/uploads\/2015\/08\/Plant%C3%A3o-de-Pol%C3%ADcia1.jpg?w=640&amp;ssl=1 640w, https:\/\/i0.wp.com\/blogdoeloiltoncajuhy.com.br\/site\/wp-content\/uploads\/2015\/08\/Plant%C3%A3o-de-Pol%C3%ADcia1.jpg?resize=300%2C154&amp;ssl=1 300w, https:\/\/i0.wp.com\/blogdoeloiltoncajuhy.com.br\/site\/wp-content\/uploads\/2015\/08\/Plant%C3%A3o-de-Pol%C3%ADcia1.jpg?resize=250%2C129&amp;ssl=1 250w\" sizes=\"(max-width: 640px) 100vw, 640px\" \/><\/figure><\/div>\n\n\n\n<p>Um homem de 32 anos matou o marido da amante e depois cometeu suic\u00eddio em Pirapora, no Norte de Minas. O crime foi neste s\u00e1bado (14) na sa\u00edda de um motel na BR-365.<\/p>\n\n\n\n<p>Segundo as primeiras informa\u00e7\u00f5es da Pol\u00edcia Militar, a v\u00edtima soube da trai\u00e7\u00e3o e foi atr\u00e1s da esposa.<\/p>\n\n\n\n<p><em>&#8220;O homem ficou esperando na parte de fora do motel , e o amante estava com uma arma e atirou no rosto dele. Os dois n\u00e3o chegaram a discutir. A pol\u00edcia soube do homic\u00eddio depois que uma pessoa abordou uma viatura da patrulha rural, que passava pela rodovia, e disse que tinha um homem ca\u00eddo na porta do motel\u201d<\/em>, informou o tenente Swed Fonseca.<\/p>\n\n\n\n<p>Ap\u00f3s o crime, o homem fugiu a p\u00e9, e as pol\u00edcias Civil e Militar realizaram uma opera\u00e7\u00e3o para prend\u00ea-lo. Pouco depois, souberam que ele estava escondido em uma casa no Bairro Santa Mariana.<\/p>\n\n\n\n<p><em>\u201cN\u00f3s cercamos a \u00e1rea e fizemos varredura em v\u00e1rias casas com autoriza\u00e7\u00e3o dos moradores. Quando batemos no port\u00e3o onde o homem estava escondido e falamos que era da pol\u00edcia, escutamos um estampido de arma de fogo. De imediato, for\u00e7amos o port\u00e3o e encontramos o homem ferido&#8221;<\/em>, complementa o tenente.<\/p>\n\n\n\n<p>Segundo a PM, ele se matou com um tiro na parte inferior do queixo. O Samu foi chamado e constatou o \u00f3bito. Os dois homens n\u00e3o tinham passagens pela pol\u00edcia, e os corpos foram encaminhados para o Instituto M\u00e9dico Legal.<\/p>\n\n\n\n<p>A mulher, de 27 anos, n\u00e3o ficou ferida e foi encontrada na porta do motel. Ela foi levada para a delegacia para prestar esclarecimentos. O caso ser\u00e1 investigado pela Pol\u00edcia Civil.<\/p>\n","protected":false},"excerpt":{"rendered":"<p>Crime foi na sa\u00edda de um motel na BR-365, em Pirapora (MG); segundo a Pol\u00edcia Militar, marido foi assassinado com um tiro no rosto. Mulher n\u00e3o ficou ferida e foi encaminhada \u00e0 delegacia para prestar esclarecimentos Por Marina Pereira, G1 Grande Minas Um homem de 32 anos matou o marido da amante e depois cometeu [&hellip;]<\/p>\n","protected":false},"author":2,"featured_media":0,"comment_status":"open","ping_status":"open","sticky":false,"template":"","format":"standard","meta":{"_acf_changed":false,"_monsterinsights_skip_tracking":false,"_monsterinsights_sitenote_active":false,"_monsterinsights_sitenote_note":"","_monsterinsights_sitenote_category":0,"_jetpack_memberships_contains_paid_content":false,"footnotes":"","jetpack_publicize_message":"","jetpack_publicize_feature_enabled":true,"jetpack_social_post_already_shared":true,"jetpack_social_options":{"image_generator_settings":{"template":"highway","default_image_id":0,"font":"","enabled":false},"version":2}},"categories":[5,1],"tags":[],"class_list":["post-39604","post","type-post","status-publish","format-standard","hentry","category-cotidiano","category-noticias"],"acf":[],"jetpack_publicize_connections":[],"jetpack_featured_media_url":"","jetpack_sharing_enabled":true,"publishpress_future_workflow_manual_trigger":{"enabledWorkflows":[]},"_links":{"self":[{"href":"https:\/\/blogdoeloiltoncajuhy.com.br\/site\/wp-json\/wp\/v2\/posts\/39604","targetHints":{"allow":["GET"]}}],"collection":[{"href":"https:\/\/blogdoeloiltoncajuhy.com.br\/site\/wp-json\/wp\/v2\/posts"}],"about":[{"href":"https:\/\/blogdoeloiltoncajuhy.com.br\/site\/wp-json\/wp\/v2\/types\/post"}],"author":[{"embeddable":true,"href":"https:\/\/blogdoeloiltoncajuhy.com.br\/site\/wp-json\/wp\/v2\/users\/2"}],"replies":[{"embeddable":true,"href":"https:\/\/blogdoeloiltoncajuhy.com.br\/site\/wp-json\/wp\/v2\/comments?post=39604"}],"version-history":[{"count":1,"href":"https:\/\/blogdoeloiltoncajuhy.com.br\/site\/wp-json\/wp\/v2\/posts\/39604\/revisions"}],"predecessor-version":[{"id":39605,"href":"https:\/\/blogdoeloiltoncajuhy.com.br\/site\/wp-json\/wp\/v2\/posts\/39604\/revisions\/39605"}],"wp:attachment":[{"href":"https:\/\/blogdoeloiltoncajuhy.com.br\/site\/wp-json\/wp\/v2\/media?parent=39604"}],"wp:term":[{"taxonomy":"category","embeddable":true,"href":"https:\/\/blogdoeloiltoncajuhy.com.br\/site\/wp-json\/wp\/v2\/categories?post=39604"},{"taxonomy":"post_tag","embeddable":true,"href":"https:\/\/blogdoeloiltoncajuhy.com.br\/site\/wp-json\/wp\/v2\/tags?post=39604"}],"curies":[{"name":"wp","href":"https:\/\/api.w.org\/{rel}","templated":true}]}}