{"id":39601,"date":"2019-12-15T09:39:21","date_gmt":"2019-12-15T12:39:21","guid":{"rendered":"http:\/\/blogdoeloiltoncajuhy.com.br\/site\/?p=39601"},"modified":"2019-12-15T09:39:28","modified_gmt":"2019-12-15T12:39:28","slug":"concursos-18-selecoes-abrem-inscricoes-nesta-segunda-16-para-preencher-mais-de-25-mil-vagas","status":"publish","type":"post","link":"https:\/\/blogdoeloiltoncajuhy.com.br\/site\/concursos-18-selecoes-abrem-inscricoes-nesta-segunda-16-para-preencher-mais-de-25-mil-vagas\/","title":{"rendered":"Concursos: 18 sele\u00e7\u00f5es abrem inscri\u00e7\u00f5es nesta segunda (16) para preencher mais de 2,5 mil vagas"},"content":{"rendered":"\n<h5 class=\"has-text-align-center wp-block-heading\"><em>As oportunidades s\u00e3o para profissionais de todos os n\u00edveis de escolaridade, para 9 estados diferentes<\/em><\/h5>\n\n\n\n<p><strong>Por G1<\/strong><\/p>\n\n\n\n<div class=\"wp-block-image\"><figure class=\"aligncenter size-large\"><img data-recalc-dims=\"1\" fetchpriority=\"high\" decoding=\"async\" width=\"550\" height=\"317\" src=\"https:\/\/i0.wp.com\/blogdoeloiltoncajuhy.com.br\/site\/wp-content\/uploads\/2016\/07\/concursos44-e1510709675870.jpg?resize=550%2C317\" alt=\"\" class=\"wp-image-11101\"\/><\/figure><\/div>\n\n\n\n<p>Nesta segunda-feira (16), ser\u00e3o abertas as inscri\u00e7\u00f5es de 18 concursos p\u00fablicos de diversos \u00f3rg\u00e3os, que buscam candidatos para preencher mais de 2,5 mil vagas. As oportunidades s\u00e3o para profissionais de todos os n\u00edveis de escolaridade, para em 9 estados diferentes (Cear\u00e1, Esp\u00edrito Santo, Goi\u00e1s, Maranh\u00e3o, Mato Grosso do Sul, Minas Gerais, Rio Grande do Sul, Santa Catarina e S\u00e3o Paulo).<\/p>\n\n\n\n<p><a rel=\"noreferrer noopener\" href=\"http:\/\/especiais.g1.globo.com\/economia\/concursos-e-emprego\/lista-de-concursos-publicos-e-vagas-de-emprego\/?_ga=2.81765278.864615282.1575911411-971607404.1574533347\" target=\"_blank\"><strong><em>CONFIRA AQUI A LISTA COMPLETA DE CONCURSOS E OPORTUNIDADES<\/em><\/strong><\/a><\/p>\n\n\n\n<p>Al\u00e9m das vagas abertas, h\u00e1 concursos para forma\u00e7\u00e3o de cadastro de reserva \u2013 ou seja, os candidatos aprovados s\u00e3o chamados conforme a abertura de vagas durante a validade do concurso.<\/p>\n\n\n\n<p>Somente em Vila Velha (ES), h\u00e1 1.386 vagas em quatro concursos, sendo tr\u00eas deles da prefeitura, com sal\u00e1rios de at\u00e9 R$ 4.796,82, e o outro do Instituto de Previd\u00eancia (IPVV), com remunera\u00e7\u00e3o m\u00e1xima de R$ 1.927,80. As inscri\u00e7\u00f5es para participar de qualquer uma das quatro sele\u00e7\u00f5es terminam no dia 19 de janeiro no<a href=\"https:\/\/www.ibade.org.br\/\" target=\"_blank\" rel=\"noreferrer noopener\">&nbsp;site da organizadora<\/a>. Os cargos s\u00e3o para profissionais de n\u00edvel m\u00e9dio ou superior de escolaridade.<\/p>\n\n\n\n<p>J\u00e1 na Prefeitura de Itabira (MG) h\u00e1 400 vagas para profissionais de todos os n\u00edveis de escolaridade. O sal\u00e1rio chega a R$ 12.654,27, e as inscri\u00e7\u00f5es devem ser feitas at\u00e9 o dia 16 de janeiro no&nbsp;<a href=\"https:\/\/www.ibgpconcursos.com.br\/concursos\/DetalheConcurso.aspx?id=130\" target=\"_blank\" rel=\"noreferrer noopener\">site da organizadora.<\/a><\/p>\n\n\n\n<p>Na Funda\u00e7\u00e3o do ABC (FUABC), os sal\u00e1rios chegam a R$ 11.400,00. O \u00f3rg\u00e3o tem 400 vagas para profissionais que tenham n\u00edvel superior de escolaridade e queiram se candidatar aos postos de trabalho na cidade de Itatiba (SP). As inscri\u00e7\u00f5es pelo&nbsp;<a href=\"http:\/\/gsaconcursos.selecao.net.br\/informacoes\/5\/\" target=\"_blank\" rel=\"noreferrer noopener\">site da organizadora<\/a>&nbsp;v\u00e3o at\u00e9 o dia 19 de janeiro.<\/p>\n\n\n\n<p>Veja abaixo os concursos que abrem inscri\u00e7\u00f5es nesta segunda:<\/p>\n\n\n\n<h2 class=\"wp-block-heading\">Funda\u00e7\u00e3o do ABC (FUABC)<\/h2>\n\n\n\n<ul class=\"wp-block-list\"><li>Inscri\u00e7\u00f5es at\u00e9: 19\/01\/2020<\/li><li>Vagas: 10<\/li><li>Sal\u00e1rio m\u00e1ximo: R$ 11.400,00<\/li><li>Escolaridade: superior<\/li><li>Local: Itatiba<\/li><li>Estado: S\u00e3o Paulo<\/li><li><a href=\"http:\/\/gsaconcursos.selecao.net.br\/informacoes\/5\" target=\"_blank\" rel=\"noreferrer noopener\">Mais informa\u00e7\u00f5es<\/a><\/li><\/ul>\n\n\n\n<h2 class=\"wp-block-heading\">Instituto de Previd\u00eancia (IPVV)<\/h2>\n\n\n\n<ul class=\"wp-block-list\"><li>Inscri\u00e7\u00f5es at\u00e9: 19\/01\/2020<\/li><li>Vagas: 9<\/li><li>Sal\u00e1rio m\u00e1ximo: R$ 1.927,80<\/li><li>Escolaridade: m\u00e9dio e superior<\/li><li>Local: Vila Velha<\/li><li>Estado: Esp\u00edrito Santo<\/li><li><a rel=\"noreferrer noopener\" href=\"https:\/\/www.ibade.org.br\/Concurso\/425\/Inicio\" target=\"_blank\">Mais informa\u00e7\u00f5es<\/a><\/li><\/ul>\n\n\n\n<h2 class=\"wp-block-heading\">Prefeitura de Barreirinhas (MA)<\/h2>\n\n\n\n<ul class=\"wp-block-list\"><li>Inscri\u00e7\u00f5es at\u00e9: 13\/01\/2020<\/li><li>Vagas: 222<\/li><li>Sal\u00e1rio m\u00e1ximo: R$ 4.000,00<\/li><li>Escolaridade: fundamental, m\u00e9dio e superior<\/li><li>Local: Barreirinhas<\/li><li>Estado: Maranh\u00e3o<\/li><li><a href=\"http:\/\/www.institutolegatus.com.br\/concurso.php?concurso_id=35\" target=\"_blank\" rel=\"noreferrer noopener\">Mais informa\u00e7\u00f5es<\/a><\/li><\/ul>\n\n\n\n<h2 class=\"wp-block-heading\">Prefeitura de Barroquinha (CE)<\/h2>\n\n\n\n<ul class=\"wp-block-list\"><li>Inscri\u00e7\u00f5es at\u00e9: 17\/12\/2019<\/li><li>Vagas: 119<\/li><li>Sal\u00e1rio m\u00e1ximo: R$ 7.210,00<\/li><li>Escolaridade: m\u00e9dio e superior<\/li><li>Local: Barroquinha<\/li><li>Estado: Cear\u00e1<\/li><li><a href=\"http:\/\/barroquinha.ce.gov.br\/2019\/12\/12\/edita-no-005-2019-processo-seletivo-simples-unificado\/\" target=\"_blank\" rel=\"noreferrer noopener\">Mais informa\u00e7\u00f5es<\/a><\/li><\/ul>\n\n\n\n<h2 class=\"wp-block-heading\">Prefeitura de Bom Despacho (MG)<\/h2>\n\n\n\n<ul class=\"wp-block-list\"><li>Inscri\u00e7\u00f5es at\u00e9: 16\/01\/2020<\/li><li>Vagas: 127<\/li><li>Sal\u00e1rio m\u00e1ximo: R$ 8.818,75<\/li><li>Escolaridade: m\u00e9dio e superior<\/li><li>Local: Bom Despacho<\/li><li>Estado: Minas Gerais<\/li><li><a href=\"https:\/\/iadhed.listaeditais.com.br\/\" target=\"_blank\" rel=\"noreferrer noopener\">Mais informa\u00e7\u00f5es<\/a><\/li><\/ul>\n\n\n\n<h2 class=\"wp-block-heading\">Prefeitura de Campo Grande (MS)<\/h2>\n\n\n\n<ul class=\"wp-block-list\"><li>Inscri\u00e7\u00f5es at\u00e9: 17\/12\/2019<\/li><li>Vagas: 7<\/li><li>Sal\u00e1rio m\u00e1ximo: R$ 1.950,00<\/li><li>Escolaridade: m\u00e9dio<\/li><li>Local: Campo Grande<\/li><li>Estado: Mato Grosso do Sul<\/li><li><a href=\"http:\/\/www.campogrande.ms.gov.br\/seges\/wp-content\/uploads\/sites\/37\/2017\/05\/Edital-n.-19-2019-01-Zona-Rural.doc\" target=\"_blank\" rel=\"noreferrer noopener\">Mais informa\u00e7\u00f5es<\/a><\/li><\/ul>\n\n\n\n<h2 class=\"wp-block-heading\">Prefeitura de Guarulhos (SP)<\/h2>\n\n\n\n<ul class=\"wp-block-list\"><li>Inscri\u00e7\u00f5es at\u00e9: 30\/01\/2020<\/li><li>Vagas: 26<\/li><li>Sal\u00e1rio m\u00e1ximo: R$ 2.829,54<\/li><li>Escolaridade: superior<\/li><li>Local: Guarulhos<\/li><li>Estado: S\u00e3o Paulo<\/li><li><a href=\"https:\/\/www.vunesp.com.br\/PMGR1907\" target=\"_blank\" rel=\"noreferrer noopener\">Mais informa\u00e7\u00f5es<\/a><\/li><\/ul>\n\n\n\n<h2 class=\"wp-block-heading\">Prefeitura de Guarulhos (SP)<\/h2>\n\n\n\n<ul class=\"wp-block-list\"><li>Inscri\u00e7\u00f5es at\u00e9: 30\/01\/2020<\/li><li>Vagas: 20<\/li><li>Sal\u00e1rio m\u00e1ximo: R$ 3.031,67<\/li><li>Escolaridade: superior<\/li><li>Local: Guarulhos<\/li><li>Estado: S\u00e3o Paulo<\/li><li><a href=\"https:\/\/www.vunesp.com.br\/PMGR1906\" target=\"_blank\" rel=\"noreferrer noopener\">Mais informa\u00e7\u00f5es<\/a><\/li><\/ul>\n\n\n\n<h2 class=\"wp-block-heading\">Prefeitura de Guarulhos (SP)<\/h2>\n\n\n\n<ul class=\"wp-block-list\"><li>Inscri\u00e7\u00f5es at\u00e9: 30\/01\/2020<\/li><li>Vagas: 14<\/li><li>Sal\u00e1rio m\u00e1ximo: R$ 3.672,26<\/li><li>Escolaridade: superior<\/li><li>Local: Guarulhos<\/li><li>Estado: S\u00e3o Paulo<\/li><li><a href=\"https:\/\/www.vunesp.com.br\/PMGR1905\" target=\"_blank\" rel=\"noreferrer noopener\">Mais informa\u00e7\u00f5es<\/a><\/li><\/ul>\n\n\n\n<h2 class=\"wp-block-heading\">Prefeitura de Harmonia (RS)<\/h2>\n\n\n\n<ul class=\"wp-block-list\"><li>Inscri\u00e7\u00f5es at\u00e9: 06\/01\/2020<\/li><li>Vagas: 8<\/li><li>Sal\u00e1rio m\u00e1ximo: R$ 2.308,56<\/li><li>Escolaridade: fundamental e m\u00e9dio<\/li><li>Local: Harmonia<\/li><li>Estado: Rio Grande do Sul<\/li><li><a href=\"https:\/\/www.unars.com.br\/concursos-detalhes\/?cn=315\" target=\"_blank\" rel=\"noreferrer noopener\">Mais informa\u00e7\u00f5es<\/a><\/li><\/ul>\n\n\n\n<h2 class=\"wp-block-heading\">Prefeitura de Itabira (MG)<\/h2>\n\n\n\n<ul class=\"wp-block-list\"><li>Inscri\u00e7\u00f5es at\u00e9: 16\/01\/2020<\/li><li>Vagas: 400<\/li><li>Sal\u00e1rio m\u00e1ximo: R$ 12.654,27<\/li><li>Escolaridade: fundamental, m\u00e9dio e superior<\/li><li>Local: Itabira<\/li><li>Estado: Minas Gerais<\/li><li><a rel=\"noreferrer noopener\" href=\"https:\/\/www.ibgpconcursos.com.br\/concursos\/DetalheConcurso.aspx?id=130\" target=\"_blank\">Mais informa\u00e7\u00f5es<\/a><\/li><\/ul>\n\n\n\n<h2 class=\"wp-block-heading\">Prefeitura de Ivol\u00e2ndia (GO)<\/h2>\n\n\n\n<ul class=\"wp-block-list\"><li>Inscri\u00e7\u00f5es at\u00e9: 06\/01\/2020<\/li><li>Vagas: 38<\/li><li>Sal\u00e1rio m\u00e1ximo: R$ 1.451,00<\/li><li>Escolaridade: fundamental, m\u00e9dio, t\u00e9cnico e superior<\/li><li>Local: Ivol\u00e2ndia<\/li><li>Estado: Goi\u00e1s<\/li><li><a href=\"https:\/\/itecconcursos.com.br\/informacoes\/16\/\" target=\"_blank\" rel=\"noreferrer noopener\">Mais informa\u00e7\u00f5es<\/a><\/li><\/ul>\n\n\n\n<h2 class=\"wp-block-heading\">Prefeitura de Jos\u00e9 Boiteux (SC)<\/h2>\n\n\n\n<ul class=\"wp-block-list\"><li>Inscri\u00e7\u00f5es at\u00e9: 02\/01\/2020<\/li><li>Vagas: 8<\/li><li>Sal\u00e1rio m\u00e1ximo: R$ 1.300,00<\/li><li>Escolaridade: m\u00e9dio<\/li><li>Local: Jos\u00e9 Boiteux<\/li><li>Estado: Santa Catarina<\/li><li><a href=\"http:\/\/atena.listaeditais.com.br\/edital\/aberto-para-inscricao\/2482\/processo-seletivo-municipio-de-jose-boiteux-022019\" target=\"_blank\" rel=\"noreferrer noopener\">Mais informa\u00e7\u00f5es<\/a><\/li><\/ul>\n\n\n\n<h2 class=\"wp-block-heading\">Prefeitura de M\u00e1rio Campos (MG)<\/h2>\n\n\n\n<ul class=\"wp-block-list\"><li>Inscri\u00e7\u00f5es at\u00e9: 15\/01\/2020<\/li><li>Vagas: 53<\/li><li>Sal\u00e1rio m\u00e1ximo: R$ 2.134,99<\/li><li>Escolaridade: fundamental, m\u00e9dio e superior<\/li><li>Local: M\u00e1rio Campos<\/li><li>Estado: Minas Gerais<\/li><li><a href=\"https:\/\/www.ibgpconcursos.com.br\/concursos\/DetalheConcurso.aspx?id=131\" target=\"_blank\" rel=\"noreferrer noopener\">Mais informa\u00e7\u00f5es<\/a><\/li><\/ul>\n\n\n\n<h2 class=\"wp-block-heading\">Prefeitura de Pilar de Goi\u00e1s (GO)<\/h2>\n\n\n\n<ul class=\"wp-block-list\"><li>Inscri\u00e7\u00f5es at\u00e9: 16\/01\/2020<\/li><li>Vagas: 100<\/li><li>Sal\u00e1rio m\u00e1ximo: R$ 2.813,00<\/li><li>Escolaridade: fundamental, m\u00e9dio e superior<\/li><li>Local: Pilar de Goi\u00e1s<\/li><li>Estado: Goi\u00e1s<\/li><li><a href=\"https:\/\/www.consulpam.com.br\/index.php?menu=concursos\" target=\"_blank\" rel=\"noreferrer noopener\">Mais informa\u00e7\u00f5es<\/a><\/li><\/ul>\n\n\n\n<h2 class=\"wp-block-heading\">Prefeitura de Vila Velha (ES)<\/h2>\n\n\n\n<ul class=\"wp-block-list\"><li>Inscri\u00e7\u00f5es at\u00e9: 19\/01\/2020<\/li><li>Vagas: 428<\/li><li>Sal\u00e1rio m\u00e1ximo: R$ 1.625,80<\/li><li>Escolaridade: superior<\/li><li>Local: Vila Velha<\/li><li>Estado: Esp\u00edrito Santo<\/li><li><a href=\"https:\/\/www.ibade.org.br\/Concurso\/423\/Inicio\" target=\"_blank\" rel=\"noreferrer noopener\">Mais informa\u00e7\u00f5es<\/a><\/li><\/ul>\n\n\n\n<h2 class=\"wp-block-heading\">Prefeitura de Vila Velha (ES)<\/h2>\n\n\n\n<ul class=\"wp-block-list\"><li>Inscri\u00e7\u00f5es at\u00e9: 19\/01\/2020<\/li><li>Vagas: 398<\/li><li>Sal\u00e1rio m\u00e1ximo: R$ 2.494,80<\/li><li>Escolaridade: m\u00e9dio e superior<\/li><li>Local: Vila Velha<\/li><li>Estado: Esp\u00edrito Santo<\/li><li><a href=\"https:\/\/www.ibade.org.br\/Concurso\/424\/Inicio\" target=\"_blank\" rel=\"noreferrer noopener\">Mais informa\u00e7\u00f5es<\/a><\/li><\/ul>\n\n\n\n<h2 class=\"wp-block-heading\">Prefeitura de Vila Velha (ES)<\/h2>\n\n\n\n<ul class=\"wp-block-list\"><li>Inscri\u00e7\u00f5es at\u00e9: 19\/01\/2020<\/li><li>Vagas: 551<\/li><li>Sal\u00e1rio m\u00e1ximo: R$ 4.796,82<\/li><li>Escolaridade: m\u00e9dio e superior<\/li><li>Local: Vila Velha<\/li><li>Estado: Esp\u00edrito Santo<\/li><li><a href=\"https:\/\/www.ibade.org.br\/Concurso\/427\/Inicio\" target=\"_blank\" rel=\"noreferrer noopener\">Mais informa\u00e7\u00f5es<\/a><\/li><\/ul>\n","protected":false},"excerpt":{"rendered":"<p>As oportunidades s\u00e3o para profissionais de todos os n\u00edveis de escolaridade, para 9 estados diferentes Por G1 Nesta segunda-feira (16), ser\u00e3o abertas as inscri\u00e7\u00f5es de 18 concursos p\u00fablicos de diversos \u00f3rg\u00e3os, que buscam candidatos para preencher mais de 2,5 mil vagas. As oportunidades s\u00e3o para profissionais de todos os n\u00edveis de escolaridade, para em 9 [&hellip;]<\/p>\n","protected":false},"author":2,"featured_media":0,"comment_status":"open","ping_status":"open","sticky":false,"template":"","format":"standard","meta":{"_acf_changed":false,"_monsterinsights_skip_tracking":false,"_monsterinsights_sitenote_active":false,"_monsterinsights_sitenote_note":"","_monsterinsights_sitenote_category":0,"_jetpack_memberships_contains_paid_content":false,"footnotes":"","jetpack_publicize_message":"","jetpack_publicize_feature_enabled":true,"jetpack_social_post_already_shared":true,"jetpack_social_options":{"image_generator_settings":{"template":"highway","default_image_id":0,"font":"","enabled":false},"version":2}},"categories":[5,1],"tags":[],"class_list":["post-39601","post","type-post","status-publish","format-standard","hentry","category-cotidiano","category-noticias"],"acf":[],"jetpack_publicize_connections":[],"jetpack_featured_media_url":"","jetpack_sharing_enabled":true,"publishpress_future_workflow_manual_trigger":{"enabledWorkflows":[]},"_links":{"self":[{"href":"https:\/\/blogdoeloiltoncajuhy.com.br\/site\/wp-json\/wp\/v2\/posts\/39601","targetHints":{"allow":["GET"]}}],"collection":[{"href":"https:\/\/blogdoeloiltoncajuhy.com.br\/site\/wp-json\/wp\/v2\/posts"}],"about":[{"href":"https:\/\/blogdoeloiltoncajuhy.com.br\/site\/wp-json\/wp\/v2\/types\/post"}],"author":[{"embeddable":true,"href":"https:\/\/blogdoeloiltoncajuhy.com.br\/site\/wp-json\/wp\/v2\/users\/2"}],"replies":[{"embeddable":true,"href":"https:\/\/blogdoeloiltoncajuhy.com.br\/site\/wp-json\/wp\/v2\/comments?post=39601"}],"version-history":[{"count":1,"href":"https:\/\/blogdoeloiltoncajuhy.com.br\/site\/wp-json\/wp\/v2\/posts\/39601\/revisions"}],"predecessor-version":[{"id":39602,"href":"https:\/\/blogdoeloiltoncajuhy.com.br\/site\/wp-json\/wp\/v2\/posts\/39601\/revisions\/39602"}],"wp:attachment":[{"href":"https:\/\/blogdoeloiltoncajuhy.com.br\/site\/wp-json\/wp\/v2\/media?parent=39601"}],"wp:term":[{"taxonomy":"category","embeddable":true,"href":"https:\/\/blogdoeloiltoncajuhy.com.br\/site\/wp-json\/wp\/v2\/categories?post=39601"},{"taxonomy":"post_tag","embeddable":true,"href":"https:\/\/blogdoeloiltoncajuhy.com.br\/site\/wp-json\/wp\/v2\/tags?post=39601"}],"curies":[{"name":"wp","href":"https:\/\/api.w.org\/{rel}","templated":true}]}}