{"id":39595,"date":"2019-12-14T21:34:47","date_gmt":"2019-12-15T00:34:47","guid":{"rendered":"http:\/\/blogdoeloiltoncajuhy.com.br\/site\/?p=39595"},"modified":"2019-12-14T21:34:53","modified_gmt":"2019-12-15T00:34:53","slug":"prefeito-carlos-brasileiro-prestigia-abertura-do-assai-atacadista-em-senhor-do-bonfim","status":"publish","type":"post","link":"https:\/\/blogdoeloiltoncajuhy.com.br\/site\/prefeito-carlos-brasileiro-prestigia-abertura-do-assai-atacadista-em-senhor-do-bonfim\/","title":{"rendered":"Prefeito Carlos Brasileiro prestigia abertura do Assa\u00ed Atacadista em Senhor do Bonfim"},"content":{"rendered":"\n<p><strong>ASCOM &#8211; Prefeitura de Senhor do Bonfim-BA<\/strong><\/p>\n\n\n\n<div class=\"wp-block-image\"><figure class=\"aligncenter size-large\"><img data-recalc-dims=\"1\" fetchpriority=\"high\" decoding=\"async\" width=\"800\" height=\"533\" src=\"https:\/\/i0.wp.com\/blogdoeloiltoncajuhy.com.br\/site\/wp-content\/uploads\/2019\/12\/PMSB_Inaugura%C3%A7%C3%A3oAssa%C3%AD_01.jpg?resize=800%2C533\" alt=\"\" class=\"wp-image-39596\" srcset=\"https:\/\/i0.wp.com\/blogdoeloiltoncajuhy.com.br\/site\/wp-content\/uploads\/2019\/12\/PMSB_Inaugura%C3%A7%C3%A3oAssa%C3%AD_01.jpg?w=960&amp;ssl=1 960w, https:\/\/i0.wp.com\/blogdoeloiltoncajuhy.com.br\/site\/wp-content\/uploads\/2019\/12\/PMSB_Inaugura%C3%A7%C3%A3oAssa%C3%AD_01.jpg?resize=300%2C200&amp;ssl=1 300w, https:\/\/i0.wp.com\/blogdoeloiltoncajuhy.com.br\/site\/wp-content\/uploads\/2019\/12\/PMSB_Inaugura%C3%A7%C3%A3oAssa%C3%AD_01.jpg?resize=768%2C511&amp;ssl=1 768w, https:\/\/i0.wp.com\/blogdoeloiltoncajuhy.com.br\/site\/wp-content\/uploads\/2019\/12\/PMSB_Inaugura%C3%A7%C3%A3oAssa%C3%AD_01.jpg?resize=250%2C166&amp;ssl=1 250w\" sizes=\"(max-width: 800px) 100vw, 800px\" \/><\/figure><\/div>\n\n\n\n<p>O prefeito de Senhor do Bonfim, Carlos Brasileiro, esteve presente na manh\u00e3 desta sexta-feira (13) nas instala\u00e7\u00f5es do mais novo empreendimento da cidade: o Assa\u00ed Atacadista.<\/p>\n\n\n\n<p>Acompanhado do diretor nacional de opera\u00e7\u00f5es, Anderson Castilho e de Sandro de Oliveira, Diretor da Regional Bahia-Sergipe, o prefeito conheceu as depend\u00eancias e cortou a faixa inaugural da 159\u00ba unidade do Assa\u00ed Atacadista no Brasil.<\/p>\n\n\n\n<p>Em seu discurso, Brasileiro parabenizou toda a equipe e deu boas-vindas aos colaboradores. <em>&#8220;Nestes tr\u00eas anos de governo j\u00e1 chegaram 17 empresas de renome em nosso munic\u00edpio, mas o Assa\u00ed vem coroar este ano de 2019 com esta megaestrutura&#8221;<\/em>. <em>&#8220;Quero agradecer o Assa\u00ed por gerar mais de 500 empregos diretos e indiretos na nossa querida Bonfim e regi\u00e3o. Parab\u00e9ns a toda equipe do Assai, parab\u00e9ns aos bonfinenses por mais uma vit\u00f3ria e por outras que chegar\u00e3o at\u00e9 o final do nosso mandato&#8221;<\/em>, disse o prefeito Carlos Brasileiro durante abertura da loja.<\/p>\n\n\n\n<p>A unidade do Assa\u00ed em Senhor do Bonfim teve um investimento de cerca de R$ 45 milh\u00f5es. A garotada do Projeto Percuss\u00e3o Afro de Tijua\u00e7u fez uma bel\u00edssima apresenta\u00e7\u00e3o antes das portas serem abertas ao p\u00fablico.<\/p>\n\n\n\n<p>Localizada na Rua Ot\u00e1vio Carvalho, S\/N\u00ba, no bairro Umburana, a loja funcionar\u00e1 de segunda-feira a s\u00e1bado, das 7h \u00e0s 22h, e aos domingos e feriados, das 8h \u00e0s 18h. O diretor nacional de opera\u00e7\u00f5es, Anderson Castilho, agradeceu o apoio e as palavras do prefeito.<\/p>\n\n\n\n<p><em>&#8220;Gostaria de agradecer o prefeito e todo secretariado pelo apoio, fundamental para a instala\u00e7\u00e3o da loja. Estamos entregando \u00e0 popula\u00e7\u00e3o de Bonfim e regi\u00e3o o que a gente tem de melhor. Parab\u00e9ns e que Deus aben\u00e7oe essa unidade&#8221;<\/em>, destacou Anderson Castilho.<\/p>\n\n\n\n<div class=\"wp-block-image\"><figure class=\"aligncenter size-large\"><img data-recalc-dims=\"1\" decoding=\"async\" width=\"800\" height=\"533\" src=\"https:\/\/i0.wp.com\/blogdoeloiltoncajuhy.com.br\/site\/wp-content\/uploads\/2019\/12\/PMSB_Inaugura%C3%A7%C3%A3oAssa%C3%AD_02.jpg?resize=800%2C533\" alt=\"\" class=\"wp-image-39597\" srcset=\"https:\/\/i0.wp.com\/blogdoeloiltoncajuhy.com.br\/site\/wp-content\/uploads\/2019\/12\/PMSB_Inaugura%C3%A7%C3%A3oAssa%C3%AD_02.jpg?w=960&amp;ssl=1 960w, https:\/\/i0.wp.com\/blogdoeloiltoncajuhy.com.br\/site\/wp-content\/uploads\/2019\/12\/PMSB_Inaugura%C3%A7%C3%A3oAssa%C3%AD_02.jpg?resize=300%2C200&amp;ssl=1 300w, https:\/\/i0.wp.com\/blogdoeloiltoncajuhy.com.br\/site\/wp-content\/uploads\/2019\/12\/PMSB_Inaugura%C3%A7%C3%A3oAssa%C3%AD_02.jpg?resize=768%2C511&amp;ssl=1 768w, https:\/\/i0.wp.com\/blogdoeloiltoncajuhy.com.br\/site\/wp-content\/uploads\/2019\/12\/PMSB_Inaugura%C3%A7%C3%A3oAssa%C3%AD_02.jpg?resize=250%2C166&amp;ssl=1 250w\" sizes=\"(max-width: 800px) 100vw, 800px\" \/><\/figure><\/div>\n\n\n\n<p>A unidade Assa\u00ed em Senhor do Bonfim conta com 4,7 mil m2 de sal\u00e3o de vendas, com 24 checkouts, incluindo caixas exclusivos para empresas, ar-condicionado, cafeteria, Wi-Fi, 432 vagas de estacionamento e mais de sete mil produtos, entre alimentos, bebidas, itens de higiene pessoal e limpeza, de bazar, linha automotiva e pet, al\u00e9m de descart\u00e1veis e embalagens, de grandes marcas nacionais e importadas.<\/p>\n\n\n\n<p>Acompanhando o prefeito estiveram presentes, a primeira dama F\u00e1tima Brasileiro, o vice\u2013prefeito, Jos\u00e9 Ant\u00f4nio, os secret\u00e1rios Benito Brasileiro (Planejamento e Finan\u00e7as); Carlos Carneiro (Desenvolvimento Econ\u00f4mico, Esporte e Turismo); Cl\u00e1udio Nunes (Administra\u00e7\u00e3o); Damiana Duarte (Desenvolvimento da Agricultura Familiar); Nalvinha Aguiar (Cultura); Vera Magalh\u00e3es (Assist\u00eancia Social); Cristiane Maia (Educa\u00e7\u00e3o) e Ricardo Aquino (Comunica\u00e7\u00e3o), al\u00e9m dos vereadores Jorginho, Elizeu dos Temperos, Herm\u00f3genes, Tavinho, Mimo e Carlos de Tijua\u00e7u.<\/p>\n","protected":false},"excerpt":{"rendered":"<p>ASCOM &#8211; Prefeitura de Senhor do Bonfim-BA O prefeito de Senhor do Bonfim, Carlos Brasileiro, esteve presente na manh\u00e3 desta sexta-feira (13) nas instala\u00e7\u00f5es do mais novo empreendimento da cidade: o Assa\u00ed Atacadista. Acompanhado do diretor nacional de opera\u00e7\u00f5es, Anderson Castilho e de Sandro de Oliveira, Diretor da Regional Bahia-Sergipe, o prefeito conheceu as depend\u00eancias [&hellip;]<\/p>\n","protected":false},"author":2,"featured_media":39597,"comment_status":"open","ping_status":"open","sticky":false,"template":"","format":"standard","meta":{"_acf_changed":false,"_monsterinsights_skip_tracking":false,"_monsterinsights_sitenote_active":false,"_monsterinsights_sitenote_note":"","_monsterinsights_sitenote_category":0,"_jetpack_memberships_contains_paid_content":false,"footnotes":"","jetpack_publicize_message":"","jetpack_publicize_feature_enabled":true,"jetpack_social_post_already_shared":true,"jetpack_social_options":{"image_generator_settings":{"template":"highway","default_image_id":0,"font":"","enabled":false},"version":2}},"categories":[1,3,4],"tags":[],"class_list":["post-39595","post","type-post","status-publish","format-standard","has-post-thumbnail","hentry","category-noticias","category-politica","category-local"],"acf":[],"jetpack_publicize_connections":[],"jetpack_featured_media_url":"https:\/\/i0.wp.com\/blogdoeloiltoncajuhy.com.br\/site\/wp-content\/uploads\/2019\/12\/PMSB_Inaugura%C3%A7%C3%A3oAssa%C3%AD_02.jpg?fit=960%2C639&ssl=1","jetpack_sharing_enabled":true,"publishpress_future_workflow_manual_trigger":{"enabledWorkflows":[]},"_links":{"self":[{"href":"https:\/\/blogdoeloiltoncajuhy.com.br\/site\/wp-json\/wp\/v2\/posts\/39595","targetHints":{"allow":["GET"]}}],"collection":[{"href":"https:\/\/blogdoeloiltoncajuhy.com.br\/site\/wp-json\/wp\/v2\/posts"}],"about":[{"href":"https:\/\/blogdoeloiltoncajuhy.com.br\/site\/wp-json\/wp\/v2\/types\/post"}],"author":[{"embeddable":true,"href":"https:\/\/blogdoeloiltoncajuhy.com.br\/site\/wp-json\/wp\/v2\/users\/2"}],"replies":[{"embeddable":true,"href":"https:\/\/blogdoeloiltoncajuhy.com.br\/site\/wp-json\/wp\/v2\/comments?post=39595"}],"version-history":[{"count":1,"href":"https:\/\/blogdoeloiltoncajuhy.com.br\/site\/wp-json\/wp\/v2\/posts\/39595\/revisions"}],"predecessor-version":[{"id":39598,"href":"https:\/\/blogdoeloiltoncajuhy.com.br\/site\/wp-json\/wp\/v2\/posts\/39595\/revisions\/39598"}],"wp:featuredmedia":[{"embeddable":true,"href":"https:\/\/blogdoeloiltoncajuhy.com.br\/site\/wp-json\/wp\/v2\/media\/39597"}],"wp:attachment":[{"href":"https:\/\/blogdoeloiltoncajuhy.com.br\/site\/wp-json\/wp\/v2\/media?parent=39595"}],"wp:term":[{"taxonomy":"category","embeddable":true,"href":"https:\/\/blogdoeloiltoncajuhy.com.br\/site\/wp-json\/wp\/v2\/categories?post=39595"},{"taxonomy":"post_tag","embeddable":true,"href":"https:\/\/blogdoeloiltoncajuhy.com.br\/site\/wp-json\/wp\/v2\/tags?post=39595"}],"curies":[{"name":"wp","href":"https:\/\/api.w.org\/{rel}","templated":true}]}}