{"id":39592,"date":"2019-12-14T21:17:47","date_gmt":"2019-12-15T00:17:47","guid":{"rendered":"http:\/\/blogdoeloiltoncajuhy.com.br\/site\/?p=39592"},"modified":"2019-12-14T21:17:54","modified_gmt":"2019-12-15T00:17:54","slug":"jaguarari-distrito-de-flamengo-ja-conta-com-sinal-da-operadora-claro","status":"publish","type":"post","link":"https:\/\/blogdoeloiltoncajuhy.com.br\/site\/jaguarari-distrito-de-flamengo-ja-conta-com-sinal-da-operadora-claro\/","title":{"rendered":"Jaguarari: Distrito de Flamengo j\u00e1 conta com sinal da operadora Claro"},"content":{"rendered":"\n<p><strong>ASCOM \u2013 Prefeitura de Jaguarari-BA<\/strong><\/p>\n\n\n\n<div class=\"wp-block-image\"><figure class=\"alignright size-large is-resized\"><img fetchpriority=\"high\" decoding=\"async\" src=\"https:\/\/i1.wp.com\/blogdoeloiltoncajuhy.com.br\/site\/wp-content\/uploads\/2019\/12\/PMJ_SinalCelularFlamengo.jpg?fit=590%2C629\" alt=\"\" class=\"wp-image-39593\" width=\"328\" height=\"350\" srcset=\"https:\/\/i0.wp.com\/blogdoeloiltoncajuhy.com.br\/site\/wp-content\/uploads\/2019\/12\/PMJ_SinalCelularFlamengo.jpg?w=1200&amp;ssl=1 1200w, https:\/\/i0.wp.com\/blogdoeloiltoncajuhy.com.br\/site\/wp-content\/uploads\/2019\/12\/PMJ_SinalCelularFlamengo.jpg?resize=281%2C300&amp;ssl=1 281w, https:\/\/i0.wp.com\/blogdoeloiltoncajuhy.com.br\/site\/wp-content\/uploads\/2019\/12\/PMJ_SinalCelularFlamengo.jpg?resize=960%2C1024&amp;ssl=1 960w, https:\/\/i0.wp.com\/blogdoeloiltoncajuhy.com.br\/site\/wp-content\/uploads\/2019\/12\/PMJ_SinalCelularFlamengo.jpg?resize=768%2C819&amp;ssl=1 768w, https:\/\/i0.wp.com\/blogdoeloiltoncajuhy.com.br\/site\/wp-content\/uploads\/2019\/12\/PMJ_SinalCelularFlamengo.jpg?resize=234%2C250&amp;ssl=1 234w\" sizes=\"(max-width: 328px) 100vw, 328px\" \/><\/figure><\/div>\n\n\n\n<p>Ap\u00f3s diversas solicita\u00e7\u00f5es do prefeito de Jaguarari Everton Rocha, \u00e0 Diretoria de Comunica\u00e7\u00e3o da SEINFRA, o distrito de Flamengo passou a contar desde esta sexta-feira (13), em fase de teste com a tecnologia de Internet M\u00f3vel e sinal telef\u00f4nico da Operadora Claro.<\/p>\n\n\n\n<p>Para a instala\u00e7\u00e3o da antena e libera\u00e7\u00e3o do sinal em Flamengo, o gestor contou com o apoio incondicional dos deputados estaduais Roberto Carlos e do Presidente da Assembleia Legislativa da Bahia, Nelson Leal. <em>\u201cA instala\u00e7\u00e3o dessa antena de telefonia em Flamengo \u00e9 mais uma conquista para Jaguarari. Acredito que as a\u00e7\u00f5es solicitadas passem a chegar ao nosso munic\u00edpio, beneficiando a toda popula\u00e7\u00e3o. E vem muito mais por ai\u201d<\/em>, disse o prefeito Everton Rocha.<\/p>\n\n\n\n<p>H\u00e1 alguns meses, o prefeito esteve reunido com o Diretor de Comunica\u00e7\u00f5es \u2013 Rob\u00e9rio Ronald, o Superintendente de Energia e Comunica\u00e7\u00f5es \u2013 Celso Rodrigues, e com o Coordenador do Projeto Fala Bahia \u2013 Jorge Andrade, solicitando a libera\u00e7\u00e3o do Servi\u00e7o de Telefonia M\u00f3vel \u2013 SMP, para as localidades que ainda n\u00e3o possuem o servi\u00e7o, como os distritos de Santa Rosa de Lima, Gameleira, Flamengo e Juacema, al\u00e9m das localidades de Jacun\u00e3 e Catuni da Estrada.<\/p>\n\n\n\n<p><em>\u201cAgora com o apoio do chefe do legislativo baiano tenho certeza que as outras localidades em breve tamb\u00e9m ser\u00e3o beneficiadas\u201d<\/em>, pontuou o prefeito Everton Rocha.<\/p>\n","protected":false},"excerpt":{"rendered":"<p>ASCOM \u2013 Prefeitura de Jaguarari-BA Ap\u00f3s diversas solicita\u00e7\u00f5es do prefeito de Jaguarari Everton Rocha, \u00e0 Diretoria de Comunica\u00e7\u00e3o da SEINFRA, o distrito de Flamengo passou a contar desde esta sexta-feira (13), em fase de teste com a tecnologia de Internet M\u00f3vel e sinal telef\u00f4nico da Operadora Claro. Para a instala\u00e7\u00e3o da antena e libera\u00e7\u00e3o do [&hellip;]<\/p>\n","protected":false},"author":2,"featured_media":39593,"comment_status":"open","ping_status":"open","sticky":false,"template":"","format":"standard","meta":{"_acf_changed":false,"_monsterinsights_skip_tracking":false,"_monsterinsights_sitenote_active":false,"_monsterinsights_sitenote_note":"","_monsterinsights_sitenote_category":0,"_jetpack_memberships_contains_paid_content":false,"footnotes":"","jetpack_publicize_message":"","jetpack_publicize_feature_enabled":true,"jetpack_social_post_already_shared":true,"jetpack_social_options":{"image_generator_settings":{"template":"highway","default_image_id":0,"font":"","enabled":false},"version":2}},"categories":[1,3,11],"tags":[],"class_list":["post-39592","post","type-post","status-publish","format-standard","has-post-thumbnail","hentry","category-noticias","category-politica","category-regional"],"acf":[],"jetpack_publicize_connections":[],"jetpack_featured_media_url":"https:\/\/i0.wp.com\/blogdoeloiltoncajuhy.com.br\/site\/wp-content\/uploads\/2019\/12\/PMJ_SinalCelularFlamengo.jpg?fit=1200%2C1280&ssl=1","jetpack_sharing_enabled":true,"publishpress_future_workflow_manual_trigger":{"enabledWorkflows":[]},"_links":{"self":[{"href":"https:\/\/blogdoeloiltoncajuhy.com.br\/site\/wp-json\/wp\/v2\/posts\/39592","targetHints":{"allow":["GET"]}}],"collection":[{"href":"https:\/\/blogdoeloiltoncajuhy.com.br\/site\/wp-json\/wp\/v2\/posts"}],"about":[{"href":"https:\/\/blogdoeloiltoncajuhy.com.br\/site\/wp-json\/wp\/v2\/types\/post"}],"author":[{"embeddable":true,"href":"https:\/\/blogdoeloiltoncajuhy.com.br\/site\/wp-json\/wp\/v2\/users\/2"}],"replies":[{"embeddable":true,"href":"https:\/\/blogdoeloiltoncajuhy.com.br\/site\/wp-json\/wp\/v2\/comments?post=39592"}],"version-history":[{"count":1,"href":"https:\/\/blogdoeloiltoncajuhy.com.br\/site\/wp-json\/wp\/v2\/posts\/39592\/revisions"}],"predecessor-version":[{"id":39594,"href":"https:\/\/blogdoeloiltoncajuhy.com.br\/site\/wp-json\/wp\/v2\/posts\/39592\/revisions\/39594"}],"wp:featuredmedia":[{"embeddable":true,"href":"https:\/\/blogdoeloiltoncajuhy.com.br\/site\/wp-json\/wp\/v2\/media\/39593"}],"wp:attachment":[{"href":"https:\/\/blogdoeloiltoncajuhy.com.br\/site\/wp-json\/wp\/v2\/media?parent=39592"}],"wp:term":[{"taxonomy":"category","embeddable":true,"href":"https:\/\/blogdoeloiltoncajuhy.com.br\/site\/wp-json\/wp\/v2\/categories?post=39592"},{"taxonomy":"post_tag","embeddable":true,"href":"https:\/\/blogdoeloiltoncajuhy.com.br\/site\/wp-json\/wp\/v2\/tags?post=39592"}],"curies":[{"name":"wp","href":"https:\/\/api.w.org\/{rel}","templated":true}]}}