{"id":39583,"date":"2019-12-14T09:30:39","date_gmt":"2019-12-14T12:30:39","guid":{"rendered":"http:\/\/blogdoeloiltoncajuhy.com.br\/site\/?p=39583"},"modified":"2019-12-14T09:30:45","modified_gmt":"2019-12-14T12:30:45","slug":"motorista-de-aplicativo-natural-de-itiuba-esta-entre-as-vitimas-de-chacina-de-salvador","status":"publish","type":"post","link":"https:\/\/blogdoeloiltoncajuhy.com.br\/site\/motorista-de-aplicativo-natural-de-itiuba-esta-entre-as-vitimas-de-chacina-de-salvador\/","title":{"rendered":"Motorista de aplicativo natural de Iti\u00faba est\u00e1 entre as v\u00edtimas de chacina de Salvador"},"content":{"rendered":"\n<h5 class=\"has-text-align-center wp-block-heading\"><em>Trabalhadores da \u00e1rea fizeram uma carreata pelas ruas de Salvador nesta sexta-feira (13) para pedir seguran\u00e7a. Crime \u00e9 investigado pela Pol\u00edcia Civil. Corpos estavam com sinais de tortura<\/em><\/h5>\n\n\n\n<p><strong>Por G1 BA<\/strong><\/p>\n\n\n\n<div class=\"wp-block-image\"><figure class=\"aligncenter size-large\"><img data-recalc-dims=\"1\" fetchpriority=\"high\" decoding=\"async\" width=\"800\" height=\"530\" src=\"https:\/\/i0.wp.com\/blogdoeloiltoncajuhy.com.br\/site\/wp-content\/uploads\/2019\/12\/ChacinaSalvador13Dez2019-01.jpeg?resize=800%2C530\" alt=\"\" class=\"wp-image-39584\" srcset=\"https:\/\/i0.wp.com\/blogdoeloiltoncajuhy.com.br\/site\/wp-content\/uploads\/2019\/12\/ChacinaSalvador13Dez2019-01.jpeg?w=984&amp;ssl=1 984w, https:\/\/i0.wp.com\/blogdoeloiltoncajuhy.com.br\/site\/wp-content\/uploads\/2019\/12\/ChacinaSalvador13Dez2019-01.jpeg?resize=300%2C199&amp;ssl=1 300w, https:\/\/i0.wp.com\/blogdoeloiltoncajuhy.com.br\/site\/wp-content\/uploads\/2019\/12\/ChacinaSalvador13Dez2019-01.jpeg?resize=768%2C509&amp;ssl=1 768w, https:\/\/i0.wp.com\/blogdoeloiltoncajuhy.com.br\/site\/wp-content\/uploads\/2019\/12\/ChacinaSalvador13Dez2019-01.jpeg?resize=250%2C166&amp;ssl=1 250w\" sizes=\"(max-width: 800px) 100vw, 800px\" \/><figcaption><em>Motoristas por aplicativo fazem protesto na Bonoc\u00f4, em Salvador \u2014 Foto: Isabela Cardoso\/G1<\/em><\/figcaption><\/figure><\/div>\n\n\n\n<p> Os<a href=\"https:\/\/g1.globo.com\/ba\/bahia\/noticia\/2019\/12\/13\/corpos-sao-encontrados-em-sacos-plasticos-no-bairro-de-santo-inacio-em-salvador.ghtml\">\u00a0<strong><em>quatro homens encontrados mortos no bairro de Santo In\u00e1cio, na manh\u00e3 desta sexta-feira (13)<\/em><\/strong><\/a>, foram identificados pelo Instituto M\u00e9dico Legal (IML). As v\u00edtimas s\u00e3o: Alisson Silva Damascena dos Santos, de 27 anos, <strong>S\u00e1vio da Silva Dias<\/strong>, de 23 anos, Daniel Santos da Silva, de 31 anos, e Genivaldo da Silva F\u00e9lix, de 48 anos. Todos eram motoristas de aplicativos.<\/p>\n\n\n\n<p>Nesta sexta-feira, quatro homens foram encontrados mortos na periferia de Salvador. Os corpos estavam com sinais de tortura e dentro de sacolas de pl\u00e1stico. Um quinto motorista que foi atender a uma chamada no local chegou a ser rendido pelos assassinos, mas conseguiu fugir. N\u00e3o h\u00e1 informa\u00e7\u00f5es sobre a autoria e motiva\u00e7\u00e3o do crime.<\/p>\n\n\n\n<p>Na tarde desta sexta, motoristas de aplicativos fizeram uma carreata pelas ruas de Salvador para pedir mais seguran\u00e7a. Segundo informa\u00e7\u00f5es da Superintend\u00eancia de Tr\u00e2nsito (Transalvador), o ato, que come\u00e7ou por volta das 14h30, travou importantes vias da cidade, como Bonoc\u00f4, Avenidas Paralela, Tancredo Neves e Lu\u00eds Eduardo Magalh\u00e3es, e tamb\u00e9m deixou o tr\u00e2nsito congestionado no Centro da cidade.<\/p>\n\n\n\n<p>A carreata durou at\u00e9 a noite. Por volta das 20h25, a Transalvador informou que a manifesta\u00e7\u00e3o j\u00e1 havia sido encerrada e que o tr\u00e1fego tinha come\u00e7ado a fluir nas regi\u00f5es afetadas.<\/p>\n\n\n\n<p>Segundo Ricardo Carvalho, um dos diretores do Sindicato dos Motoristas por Aplicativo (Simactter-BA), a carreata \u00e9 para cobrar justi\u00e7a pelo crime.<\/p>\n\n\n\n<p><em>\u201cEssa fatalidade que aconteceu, quatro pais de fam\u00edlia brutalmente assassinados. Se j\u00e1 tinha essa insatisfa\u00e7\u00e3o de seguran\u00e7a na cidade, piorou mais ainda. N\u00f3s queremos uma resposta do Secret\u00e1rio de Seguran\u00e7a do Estado da Bahia e do governador. Esse crime n\u00e3o pode ficar impune de maneira nenhuma. Cada dia mais vai piorando. Eu mesmo j\u00e1 fui assaltado cinco vezes. A gente quer resposta do governo&#8221;<\/em>, disse Ricardo.<br>O diretor do Simactter informou que a primeira v\u00edtima recebeu uma chamada de dois travestis, e ao chegar ao local, foi abordado pelos bandidos, que o levaram para a regi\u00e3o de Santo In\u00e1cio.<\/p>\n\n\n\n<p><em>&#8220;O que sabemos \u00e9 que o primeiro carro foi chamado por dois travestis e, nessa sequ\u00eancia, o rapaz chegou, eles abordaram e levaram ele para um lugar. A\u00ed come\u00e7ou a chamar do pr\u00f3prio aplicativo de motorista, foi chamando um, outro, outro, rendiam e levavam para o local\u201d<\/em>, contou.<\/p>\n\n\n\n<div class=\"wp-block-image\"><figure class=\"aligncenter size-large\"><img data-recalc-dims=\"1\" decoding=\"async\" width=\"800\" height=\"600\" src=\"https:\/\/i0.wp.com\/blogdoeloiltoncajuhy.com.br\/site\/wp-content\/uploads\/2019\/12\/ChacinaSalvador13Dez2019-02.jpeg?resize=800%2C600\" alt=\"\" class=\"wp-image-39585\" srcset=\"https:\/\/i0.wp.com\/blogdoeloiltoncajuhy.com.br\/site\/wp-content\/uploads\/2019\/12\/ChacinaSalvador13Dez2019-02.jpeg?w=984&amp;ssl=1 984w, https:\/\/i0.wp.com\/blogdoeloiltoncajuhy.com.br\/site\/wp-content\/uploads\/2019\/12\/ChacinaSalvador13Dez2019-02.jpeg?resize=300%2C225&amp;ssl=1 300w, https:\/\/i0.wp.com\/blogdoeloiltoncajuhy.com.br\/site\/wp-content\/uploads\/2019\/12\/ChacinaSalvador13Dez2019-02.jpeg?resize=768%2C576&amp;ssl=1 768w, https:\/\/i0.wp.com\/blogdoeloiltoncajuhy.com.br\/site\/wp-content\/uploads\/2019\/12\/ChacinaSalvador13Dez2019-02.jpeg?resize=250%2C188&amp;ssl=1 250w\" sizes=\"(max-width: 800px) 100vw, 800px\" \/><figcaption><em>Motoristas fazem carreata na Bonoc\u00f4, em Salvador \u2014 Foto: Isabela Cardoso\/G1<\/em><\/figcaption><\/figure><\/div>\n\n\n\n<p>Os quatro corpos foram achados por policiais militares dentro de sacos pl\u00e1sticos, na localidade conhecida como Paz e Vida. N\u00e3o h\u00e1 informa\u00e7\u00f5es sobre a autoria e motiva\u00e7\u00e3o do crime, que \u00e9 investigado pelo Departamento de Homic\u00eddio e Prote\u00e7\u00e3o \u00e0 Pessoa (DHPP).<\/p>\n\n\n\n<p>De acordo com a PM, equipes da 48\u00aa Companhia Independente da Pol\u00edcia Militar (CIPM\/Sussuarana) foram acionadas por um motorista por aplicativo, v\u00edtima de assalto, que foi rendido por bandidos e levado para a regi\u00e3o da comunidade Paz e Vida, na entrada de Santo In\u00e1cio.<\/p>\n\n\n\n<p>A PM informou que a v\u00edtima conseguiu fugir do local, encontrou policiais do Batalh\u00e3o de Guardas (BG) do Pres\u00eddio da Mata Escura e informou que o ve\u00edculo ficou na local. O motorista contou que outras quatro pessoas estavam presas na casa e que os suspeitos queriam dinheiro das v\u00edtimas. Ao chegar ao local, os policiais encontraram os corpos das quatro v\u00edtimas e dois carros abandonados.<\/p>\n\n\n\n<p>Em nota, a 99 informou que est\u00e1 apurando o caso. A empresa lamentou a situa\u00e7\u00e3o e se solidarizou com a fam\u00edlia das v\u00edtimas. A plataforma reiterou que repudia veemente esse tipo de viol\u00eancia e est\u00e1 dispon\u00edvel para colaborar com as investiga\u00e7\u00f5es da pol\u00edcia.<\/p>\n\n\n\n<p>Tamb\u00e9m em nota, a Uber lamenta o crime brutal e se solidariza com os familiares e entes queridos das v\u00edtimas nesse momento de consterna\u00e7\u00e3o. A empresa informou que est\u00e1 em contato direto com as autoridades respons\u00e1veis para apoiar nas investiga\u00e7\u00f5es do caso.<\/p>\n\n\n\n<p class=\"has-medium-font-size\"><strong>Blog do Eloilton Cajuhy<\/strong><\/p>\n\n\n\n<div class=\"wp-block-image\"><figure class=\"aligncenter size-large is-resized\"><img data-recalc-dims=\"1\" decoding=\"async\" src=\"https:\/\/i0.wp.com\/blogdoeloiltoncajuhy.com.br\/site\/wp-content\/uploads\/2019\/12\/ChacinaSalvador13Dez2019-SavioDias.jpeg?resize=463%2C454\" alt=\"\" class=\"wp-image-39586\" width=\"463\" height=\"454\" srcset=\"https:\/\/i0.wp.com\/blogdoeloiltoncajuhy.com.br\/site\/wp-content\/uploads\/2019\/12\/ChacinaSalvador13Dez2019-SavioDias.jpeg?w=719&amp;ssl=1 719w, https:\/\/i0.wp.com\/blogdoeloiltoncajuhy.com.br\/site\/wp-content\/uploads\/2019\/12\/ChacinaSalvador13Dez2019-SavioDias.jpeg?resize=300%2C295&amp;ssl=1 300w, https:\/\/i0.wp.com\/blogdoeloiltoncajuhy.com.br\/site\/wp-content\/uploads\/2019\/12\/ChacinaSalvador13Dez2019-SavioDias.jpeg?resize=250%2C245&amp;ssl=1 250w, https:\/\/i0.wp.com\/blogdoeloiltoncajuhy.com.br\/site\/wp-content\/uploads\/2019\/12\/ChacinaSalvador13Dez2019-SavioDias.jpeg?resize=48%2C48&amp;ssl=1 48w\" sizes=\"(max-width: 463px) 100vw, 463px\" \/><figcaption><em>S\u00e1vio da Silva Dias &#8211; Foto: Redes Sociais<\/em><\/figcaption><\/figure><\/div>\n\n\n\n<p>Nossa produ\u00e7\u00e3o apurou que um dos mortos nesta chacina era natural do Povoado de R\u00f4mulo Campos, Interior de Iti\u00faba. Trata-se de  <strong>S\u00e1vio da Silva Dias<\/strong>, de 23 anos.<\/p>\n","protected":false},"excerpt":{"rendered":"<p>Trabalhadores da \u00e1rea fizeram uma carreata pelas ruas de Salvador nesta sexta-feira (13) para pedir seguran\u00e7a. Crime \u00e9 investigado pela Pol\u00edcia Civil. Corpos estavam com sinais de tortura Por G1 BA Os\u00a0quatro homens encontrados mortos no bairro de Santo In\u00e1cio, na manh\u00e3 desta sexta-feira (13), foram identificados pelo Instituto M\u00e9dico Legal (IML). As v\u00edtimas s\u00e3o: [&hellip;]<\/p>\n","protected":false},"author":2,"featured_media":39586,"comment_status":"open","ping_status":"open","sticky":false,"template":"","format":"standard","meta":{"_acf_changed":false,"_monsterinsights_skip_tracking":false,"_monsterinsights_sitenote_active":false,"_monsterinsights_sitenote_note":"","_monsterinsights_sitenote_category":0,"_jetpack_memberships_contains_paid_content":false,"footnotes":"","jetpack_publicize_message":"","jetpack_publicize_feature_enabled":true,"jetpack_social_post_already_shared":true,"jetpack_social_options":{"image_generator_settings":{"template":"highway","default_image_id":0,"font":"","enabled":false},"version":2}},"categories":[5,1,11],"tags":[],"class_list":["post-39583","post","type-post","status-publish","format-standard","has-post-thumbnail","hentry","category-cotidiano","category-noticias","category-regional"],"acf":[],"jetpack_publicize_connections":[],"jetpack_featured_media_url":"https:\/\/i0.wp.com\/blogdoeloiltoncajuhy.com.br\/site\/wp-content\/uploads\/2019\/12\/ChacinaSalvador13Dez2019-SavioDias.jpeg?fit=719%2C706&ssl=1","jetpack_sharing_enabled":true,"publishpress_future_workflow_manual_trigger":{"enabledWorkflows":[]},"_links":{"self":[{"href":"https:\/\/blogdoeloiltoncajuhy.com.br\/site\/wp-json\/wp\/v2\/posts\/39583","targetHints":{"allow":["GET"]}}],"collection":[{"href":"https:\/\/blogdoeloiltoncajuhy.com.br\/site\/wp-json\/wp\/v2\/posts"}],"about":[{"href":"https:\/\/blogdoeloiltoncajuhy.com.br\/site\/wp-json\/wp\/v2\/types\/post"}],"author":[{"embeddable":true,"href":"https:\/\/blogdoeloiltoncajuhy.com.br\/site\/wp-json\/wp\/v2\/users\/2"}],"replies":[{"embeddable":true,"href":"https:\/\/blogdoeloiltoncajuhy.com.br\/site\/wp-json\/wp\/v2\/comments?post=39583"}],"version-history":[{"count":1,"href":"https:\/\/blogdoeloiltoncajuhy.com.br\/site\/wp-json\/wp\/v2\/posts\/39583\/revisions"}],"predecessor-version":[{"id":39587,"href":"https:\/\/blogdoeloiltoncajuhy.com.br\/site\/wp-json\/wp\/v2\/posts\/39583\/revisions\/39587"}],"wp:featuredmedia":[{"embeddable":true,"href":"https:\/\/blogdoeloiltoncajuhy.com.br\/site\/wp-json\/wp\/v2\/media\/39586"}],"wp:attachment":[{"href":"https:\/\/blogdoeloiltoncajuhy.com.br\/site\/wp-json\/wp\/v2\/media?parent=39583"}],"wp:term":[{"taxonomy":"category","embeddable":true,"href":"https:\/\/blogdoeloiltoncajuhy.com.br\/site\/wp-json\/wp\/v2\/categories?post=39583"},{"taxonomy":"post_tag","embeddable":true,"href":"https:\/\/blogdoeloiltoncajuhy.com.br\/site\/wp-json\/wp\/v2\/tags?post=39583"}],"curies":[{"name":"wp","href":"https:\/\/api.w.org\/{rel}","templated":true}]}}