{"id":39578,"date":"2019-12-13T21:08:18","date_gmt":"2019-12-14T00:08:18","guid":{"rendered":"http:\/\/blogdoeloiltoncajuhy.com.br\/site\/?p=39578"},"modified":"2019-12-13T21:08:25","modified_gmt":"2019-12-14T00:08:25","slug":"prefeitura-de-jaguarari-vai-promover-o-1o-casamento-coletivo-do-municipio","status":"publish","type":"post","link":"https:\/\/blogdoeloiltoncajuhy.com.br\/site\/prefeitura-de-jaguarari-vai-promover-o-1o-casamento-coletivo-do-municipio\/","title":{"rendered":"Prefeitura de Jaguarari vai promover o 1\u00ba casamento coletivo do munic\u00edpio"},"content":{"rendered":"\n<p><strong>ASCOM &#8211; Prefeitura de Jaguarari-BA<\/strong><\/p>\n\n\n\n<div class=\"wp-block-image\"><figure class=\"aligncenter size-large is-resized\"><img data-recalc-dims=\"1\" fetchpriority=\"high\" decoding=\"async\" src=\"https:\/\/i0.wp.com\/blogdoeloiltoncajuhy.com.br\/site\/wp-content\/uploads\/2019\/12\/PMJ_PrimeiroCasamentoColetivo.jpg?resize=407%2C405\" alt=\"\" class=\"wp-image-39579\" width=\"407\" height=\"405\" srcset=\"https:\/\/i0.wp.com\/blogdoeloiltoncajuhy.com.br\/site\/wp-content\/uploads\/2019\/12\/PMJ_PrimeiroCasamentoColetivo.jpg?w=993&amp;ssl=1 993w, https:\/\/i0.wp.com\/blogdoeloiltoncajuhy.com.br\/site\/wp-content\/uploads\/2019\/12\/PMJ_PrimeiroCasamentoColetivo.jpg?resize=300%2C300&amp;ssl=1 300w, https:\/\/i0.wp.com\/blogdoeloiltoncajuhy.com.br\/site\/wp-content\/uploads\/2019\/12\/PMJ_PrimeiroCasamentoColetivo.jpg?resize=150%2C150&amp;ssl=1 150w, https:\/\/i0.wp.com\/blogdoeloiltoncajuhy.com.br\/site\/wp-content\/uploads\/2019\/12\/PMJ_PrimeiroCasamentoColetivo.jpg?resize=768%2C766&amp;ssl=1 768w, https:\/\/i0.wp.com\/blogdoeloiltoncajuhy.com.br\/site\/wp-content\/uploads\/2019\/12\/PMJ_PrimeiroCasamentoColetivo.jpg?resize=250%2C250&amp;ssl=1 250w, https:\/\/i0.wp.com\/blogdoeloiltoncajuhy.com.br\/site\/wp-content\/uploads\/2019\/12\/PMJ_PrimeiroCasamentoColetivo.jpg?resize=48%2C48&amp;ssl=1 48w\" sizes=\"(max-width: 407px) 100vw, 407px\" \/><\/figure><\/div>\n\n\n\n<p>O dia t\u00e3o esperado para 33 casais apaixonados est\u00e1 chegando. A primeira edi\u00e7\u00e3o do Casamento Coletivo de Jaguarari acontecer\u00e1 na pr\u00f3xima sexta-feira (20), a partir das 18h na Pra\u00e7a de Conviv\u00eancia. Gra\u00e7as \u00e0 iniciativa da Prefeitura de Jaguarari, atrav\u00e9s da Secretaria de Desenvolvimento Social, e apoio dos Cart\u00f3rios de Registro Civil de Jaguarari e Pilar, 33 casais poder\u00e3o realizar o sonho de oficializar sua uni\u00e3o.<\/p>\n\n\n\n<p>Entendendo que os tr\u00e2mites legais para a realiza\u00e7\u00e3o do casamento tem um alto custo, e que a maioria dos usu\u00e1rios da assist\u00eancia social n\u00e3o tem condi\u00e7\u00f5es de custear estes valores, a prefeitura ir\u00e1 promover o 1\u00ba Casamento Coletivo do munic\u00edpio, dando a esses casais a chance de formalizarem sua uni\u00e3o, al\u00e9m de terem a sua t\u00e3o sonhada festa de casamento.<\/p>\n\n\n\n<p>O projeto do Casamento Coletivo tem como p\u00fablico alvo pessoas de baixa renda inscritas no CadUnico. Os 33 casais inscritos no projeto, tanto da sede quanto da zona rural, ter\u00e3o isen\u00e7\u00e3o de todas as taxas para oficializarem sua uni\u00e3o na modalidade de casamento civil, aguardando apenas o grande momento para dizer o t\u00e3o sonhado &#8220;SIM&#8221;.<\/p>\n","protected":false},"excerpt":{"rendered":"<p>ASCOM &#8211; Prefeitura de Jaguarari-BA O dia t\u00e3o esperado para 33 casais apaixonados est\u00e1 chegando. A primeira edi\u00e7\u00e3o do Casamento Coletivo de Jaguarari acontecer\u00e1 na pr\u00f3xima sexta-feira (20), a partir das 18h na Pra\u00e7a de Conviv\u00eancia. Gra\u00e7as \u00e0 iniciativa da Prefeitura de Jaguarari, atrav\u00e9s da Secretaria de Desenvolvimento Social, e apoio dos Cart\u00f3rios de Registro [&hellip;]<\/p>\n","protected":false},"author":2,"featured_media":39579,"comment_status":"open","ping_status":"open","sticky":false,"template":"","format":"standard","meta":{"_acf_changed":false,"_monsterinsights_skip_tracking":false,"_monsterinsights_sitenote_active":false,"_monsterinsights_sitenote_note":"","_monsterinsights_sitenote_category":0,"_jetpack_memberships_contains_paid_content":false,"footnotes":"","jetpack_publicize_message":"","jetpack_publicize_feature_enabled":true,"jetpack_social_post_already_shared":true,"jetpack_social_options":{"image_generator_settings":{"template":"highway","default_image_id":0,"font":"","enabled":false},"version":2}},"categories":[1,3,11],"tags":[],"class_list":["post-39578","post","type-post","status-publish","format-standard","has-post-thumbnail","hentry","category-noticias","category-politica","category-regional"],"acf":[],"jetpack_publicize_connections":[],"jetpack_featured_media_url":"https:\/\/i0.wp.com\/blogdoeloiltoncajuhy.com.br\/site\/wp-content\/uploads\/2019\/12\/PMJ_PrimeiroCasamentoColetivo.jpg?fit=993%2C990&ssl=1","jetpack_sharing_enabled":true,"publishpress_future_workflow_manual_trigger":{"enabledWorkflows":[]},"_links":{"self":[{"href":"https:\/\/blogdoeloiltoncajuhy.com.br\/site\/wp-json\/wp\/v2\/posts\/39578","targetHints":{"allow":["GET"]}}],"collection":[{"href":"https:\/\/blogdoeloiltoncajuhy.com.br\/site\/wp-json\/wp\/v2\/posts"}],"about":[{"href":"https:\/\/blogdoeloiltoncajuhy.com.br\/site\/wp-json\/wp\/v2\/types\/post"}],"author":[{"embeddable":true,"href":"https:\/\/blogdoeloiltoncajuhy.com.br\/site\/wp-json\/wp\/v2\/users\/2"}],"replies":[{"embeddable":true,"href":"https:\/\/blogdoeloiltoncajuhy.com.br\/site\/wp-json\/wp\/v2\/comments?post=39578"}],"version-history":[{"count":1,"href":"https:\/\/blogdoeloiltoncajuhy.com.br\/site\/wp-json\/wp\/v2\/posts\/39578\/revisions"}],"predecessor-version":[{"id":39580,"href":"https:\/\/blogdoeloiltoncajuhy.com.br\/site\/wp-json\/wp\/v2\/posts\/39578\/revisions\/39580"}],"wp:featuredmedia":[{"embeddable":true,"href":"https:\/\/blogdoeloiltoncajuhy.com.br\/site\/wp-json\/wp\/v2\/media\/39579"}],"wp:attachment":[{"href":"https:\/\/blogdoeloiltoncajuhy.com.br\/site\/wp-json\/wp\/v2\/media?parent=39578"}],"wp:term":[{"taxonomy":"category","embeddable":true,"href":"https:\/\/blogdoeloiltoncajuhy.com.br\/site\/wp-json\/wp\/v2\/categories?post=39578"},{"taxonomy":"post_tag","embeddable":true,"href":"https:\/\/blogdoeloiltoncajuhy.com.br\/site\/wp-json\/wp\/v2\/tags?post=39578"}],"curies":[{"name":"wp","href":"https:\/\/api.w.org\/{rel}","templated":true}]}}