{"id":39573,"date":"2019-12-13T20:51:20","date_gmt":"2019-12-13T23:51:20","guid":{"rendered":"http:\/\/blogdoeloiltoncajuhy.com.br\/site\/?p=39573"},"modified":"2019-12-13T20:51:26","modified_gmt":"2019-12-13T23:51:26","slug":"o-que-temos-de-mais-moderno-esta-em-sr-do-bonfim-diz-diretor-regional-na-inauguracao-do-assai-atacadista","status":"publish","type":"post","link":"https:\/\/blogdoeloiltoncajuhy.com.br\/site\/o-que-temos-de-mais-moderno-esta-em-sr-do-bonfim-diz-diretor-regional-na-inauguracao-do-assai-atacadista\/","title":{"rendered":"\u201cO que temos de mais moderno est\u00e1 em Sr. do Bonfim\u201d. Diz Diretor Regional na inaugura\u00e7\u00e3o do Assa\u00ed Atacadista"},"content":{"rendered":"\n<p><strong>Bonfim Not\u00edcias<\/strong><\/p>\n\n\n\n<div class=\"wp-block-image\"><figure class=\"aligncenter size-large\"><img fetchpriority=\"high\" decoding=\"async\" width=\"2048\" height=\"1365\" src=\"https:\/\/i1.wp.com\/blogdoeloiltoncajuhy.com.br\/site\/wp-content\/uploads\/2019\/12\/Assa\u00ed-Inaugura\u00e7\u00e3o-01.jpg?fit=590%2C394\" alt=\"\" class=\"wp-image-39574\" srcset=\"https:\/\/i0.wp.com\/blogdoeloiltoncajuhy.com.br\/site\/wp-content\/uploads\/2019\/12\/Assa%C3%AD-Inaugura%C3%A7%C3%A3o-01.jpg?w=2048&amp;ssl=1 2048w, https:\/\/i0.wp.com\/blogdoeloiltoncajuhy.com.br\/site\/wp-content\/uploads\/2019\/12\/Assa%C3%AD-Inaugura%C3%A7%C3%A3o-01.jpg?resize=300%2C200&amp;ssl=1 300w, https:\/\/i0.wp.com\/blogdoeloiltoncajuhy.com.br\/site\/wp-content\/uploads\/2019\/12\/Assa%C3%AD-Inaugura%C3%A7%C3%A3o-01.jpg?resize=1024%2C683&amp;ssl=1 1024w, https:\/\/i0.wp.com\/blogdoeloiltoncajuhy.com.br\/site\/wp-content\/uploads\/2019\/12\/Assa%C3%AD-Inaugura%C3%A7%C3%A3o-01.jpg?resize=768%2C512&amp;ssl=1 768w, https:\/\/i0.wp.com\/blogdoeloiltoncajuhy.com.br\/site\/wp-content\/uploads\/2019\/12\/Assa%C3%AD-Inaugura%C3%A7%C3%A3o-01.jpg?resize=1536%2C1024&amp;ssl=1 1536w, https:\/\/i0.wp.com\/blogdoeloiltoncajuhy.com.br\/site\/wp-content\/uploads\/2019\/12\/Assa%C3%AD-Inaugura%C3%A7%C3%A3o-01.jpg?resize=250%2C167&amp;ssl=1 250w, https:\/\/i0.wp.com\/blogdoeloiltoncajuhy.com.br\/site\/wp-content\/uploads\/2019\/12\/Assa%C3%AD-Inaugura%C3%A7%C3%A3o-01.jpg?w=1600 1600w\" sizes=\"(max-width: 800px) 100vw, 800px\" \/><\/figure><\/div>\n\n\n\n<p>O Assa\u00ed Atacadista abriu oficialmente, na manh\u00e3 desta sexta-feira (13), as portas da sua unidade na cidade de Senhor do Bonfim. A inaugura\u00e7\u00e3o contou com a presen\u00e7a de autoridades do munic\u00edpio, do Diretor Regional BA\/SE, Sandro Oliveira, e da popula\u00e7\u00e3o em geral.<\/p>\n\n\n\n<p>Com investimento de R$ 45 milh\u00f5es, o Assa\u00ed Atacadista, rede de atacado de autosservi\u00e7o que mais cresce no Brasil, inaugura sua 159\u00aa unidade Assa\u00ed no pa\u00eds e a 14\u00aa da bandeira no estado. A capital baiana do forr\u00f3 foi a cidade escolhida para receber a unidade, que atender\u00e1 pequenos e m\u00e9dios comerciantes da regi\u00e3o e consumidores finais, que poder\u00e3o se beneficiar dos pre\u00e7os competitivos praticados pela rede.<\/p>\n\n\n\n<p>A chegada da loja gerou mais de 500 postos de trabalho, entre diretos e indiretos, gerando oportunidades de emprego e renda para a popula\u00e7\u00e3o local.<\/p>\n\n\n\n<div class=\"wp-block-image\"><figure class=\"aligncenter size-large is-resized\"><img decoding=\"async\" src=\"https:\/\/i0.wp.com\/blogdoeloiltoncajuhy.com.br\/site\/wp-content\/uploads\/2019\/12\/Assa\u00ed-Inaugura\u00e7\u00e3o-02.jpeg?fit=590%2C443\" alt=\"\" class=\"wp-image-39575\" width=\"443\" height=\"332\" srcset=\"https:\/\/i0.wp.com\/blogdoeloiltoncajuhy.com.br\/site\/wp-content\/uploads\/2019\/12\/Assa%C3%AD-Inaugura%C3%A7%C3%A3o-02.jpeg?w=1280&amp;ssl=1 1280w, https:\/\/i0.wp.com\/blogdoeloiltoncajuhy.com.br\/site\/wp-content\/uploads\/2019\/12\/Assa%C3%AD-Inaugura%C3%A7%C3%A3o-02.jpeg?resize=300%2C225&amp;ssl=1 300w, https:\/\/i0.wp.com\/blogdoeloiltoncajuhy.com.br\/site\/wp-content\/uploads\/2019\/12\/Assa%C3%AD-Inaugura%C3%A7%C3%A3o-02.jpeg?resize=1024%2C768&amp;ssl=1 1024w, https:\/\/i0.wp.com\/blogdoeloiltoncajuhy.com.br\/site\/wp-content\/uploads\/2019\/12\/Assa%C3%AD-Inaugura%C3%A7%C3%A3o-02.jpeg?resize=768%2C576&amp;ssl=1 768w, https:\/\/i0.wp.com\/blogdoeloiltoncajuhy.com.br\/site\/wp-content\/uploads\/2019\/12\/Assa%C3%AD-Inaugura%C3%A7%C3%A3o-02.jpeg?resize=250%2C188&amp;ssl=1 250w\" sizes=\"(max-width: 443px) 100vw, 443px\" \/><\/figure><\/div>\n\n\n\n<p>Em entrevista \u00e0 nossa reportagem, o diretor Regional, Sandro Oliveira, falou um pouco da import\u00e2ncia da nova loja em Senhor do Bonfim. <em>\u201cPara n\u00f3s \u00e9 um orgulho de est\u00e1 aqui em Senhor do Bonfim, uma cidade que tem a voca\u00e7\u00e3o de polariza\u00e7\u00e3o, sonhamos de ter a loja aqui e come\u00e7amos estudar, ver a viabilidade [\u2026] Estamos falando de praticamente 500 fam\u00edlias com empregos diretos e indiretos\u201d<\/em>, diz Sandro Oliveira.<\/p>\n\n\n\n<p><em>\u201cAcreditamos que Senhor do Bonfim ser\u00e1 uma das lojas de maior sucesso pela capacidade que a cidade tem e certamente ter\u00e1 um sucesso em vendas e resultados [\u2026] O que temos de mais moderno no Assa\u00ed hoje em dia est\u00e1 em Senhor do Bonfim e isso \u00e9 motivo de muito orgulho, nossas portas est\u00e3o abertas e que todos possam vir e conhecer, contribuir com a gente para o crescimento dessa loja para que possamos fazer o sucesso dela que temos certeza que ela pode ser\u201d<\/em>, acrescentou Sandro.<\/p>\n\n\n\n<p>A nova unidade fica localizada na Rua Ot\u00e1vio Carvalho, S\/N\u00ba, no bairro Umburana, a loja funcionar\u00e1 de segunda a s\u00e1bado, das 7h \u00e0s 22h, e aos domingos e feriados, das 8h \u00e0s 18h.<\/p>\n\n\n\n<div class=\"wp-block-image\"><figure class=\"aligncenter size-large is-resized\"><img decoding=\"async\" src=\"https:\/\/i0.wp.com\/blogdoeloiltoncajuhy.com.br\/site\/wp-content\/uploads\/2019\/12\/Assa\u00ed-Inaugura\u00e7\u00e3o-03.jpeg?fit=590%2C443\" alt=\"\" class=\"wp-image-39576\" width=\"443\" height=\"332\" srcset=\"https:\/\/i0.wp.com\/blogdoeloiltoncajuhy.com.br\/site\/wp-content\/uploads\/2019\/12\/Assa%C3%AD-Inaugura%C3%A7%C3%A3o-03.jpeg?w=1280&amp;ssl=1 1280w, https:\/\/i0.wp.com\/blogdoeloiltoncajuhy.com.br\/site\/wp-content\/uploads\/2019\/12\/Assa%C3%AD-Inaugura%C3%A7%C3%A3o-03.jpeg?resize=300%2C225&amp;ssl=1 300w, https:\/\/i0.wp.com\/blogdoeloiltoncajuhy.com.br\/site\/wp-content\/uploads\/2019\/12\/Assa%C3%AD-Inaugura%C3%A7%C3%A3o-03.jpeg?resize=1024%2C768&amp;ssl=1 1024w, https:\/\/i0.wp.com\/blogdoeloiltoncajuhy.com.br\/site\/wp-content\/uploads\/2019\/12\/Assa%C3%AD-Inaugura%C3%A7%C3%A3o-03.jpeg?resize=768%2C576&amp;ssl=1 768w, https:\/\/i0.wp.com\/blogdoeloiltoncajuhy.com.br\/site\/wp-content\/uploads\/2019\/12\/Assa%C3%AD-Inaugura%C3%A7%C3%A3o-03.jpeg?resize=250%2C188&amp;ssl=1 250w\" sizes=\"(max-width: 443px) 100vw, 443px\" \/><\/figure><\/div>\n","protected":false},"excerpt":{"rendered":"<p>Bonfim Not\u00edcias O Assa\u00ed Atacadista abriu oficialmente, na manh\u00e3 desta sexta-feira (13), as portas da sua unidade na cidade de Senhor do Bonfim. A inaugura\u00e7\u00e3o contou com a presen\u00e7a de autoridades do munic\u00edpio, do Diretor Regional BA\/SE, Sandro Oliveira, e da popula\u00e7\u00e3o em geral. Com investimento de R$ 45 milh\u00f5es, o Assa\u00ed Atacadista, rede de [&hellip;]<\/p>\n","protected":false},"author":2,"featured_media":39576,"comment_status":"open","ping_status":"open","sticky":false,"template":"","format":"standard","meta":{"_acf_changed":false,"_monsterinsights_skip_tracking":false,"_monsterinsights_sitenote_active":false,"_monsterinsights_sitenote_note":"","_monsterinsights_sitenote_category":0,"_jetpack_memberships_contains_paid_content":false,"footnotes":"","jetpack_publicize_message":"","jetpack_publicize_feature_enabled":true,"jetpack_social_post_already_shared":true,"jetpack_social_options":{"image_generator_settings":{"template":"highway","default_image_id":0,"font":"","enabled":false},"version":2}},"categories":[1,4],"tags":[],"class_list":["post-39573","post","type-post","status-publish","format-standard","has-post-thumbnail","hentry","category-noticias","category-local"],"acf":[],"jetpack_publicize_connections":[],"jetpack_featured_media_url":"https:\/\/i0.wp.com\/blogdoeloiltoncajuhy.com.br\/site\/wp-content\/uploads\/2019\/12\/Assa%C3%AD-Inaugura%C3%A7%C3%A3o-03.jpeg?fit=1280%2C960&ssl=1","jetpack_sharing_enabled":true,"publishpress_future_workflow_manual_trigger":{"enabledWorkflows":[]},"_links":{"self":[{"href":"https:\/\/blogdoeloiltoncajuhy.com.br\/site\/wp-json\/wp\/v2\/posts\/39573","targetHints":{"allow":["GET"]}}],"collection":[{"href":"https:\/\/blogdoeloiltoncajuhy.com.br\/site\/wp-json\/wp\/v2\/posts"}],"about":[{"href":"https:\/\/blogdoeloiltoncajuhy.com.br\/site\/wp-json\/wp\/v2\/types\/post"}],"author":[{"embeddable":true,"href":"https:\/\/blogdoeloiltoncajuhy.com.br\/site\/wp-json\/wp\/v2\/users\/2"}],"replies":[{"embeddable":true,"href":"https:\/\/blogdoeloiltoncajuhy.com.br\/site\/wp-json\/wp\/v2\/comments?post=39573"}],"version-history":[{"count":1,"href":"https:\/\/blogdoeloiltoncajuhy.com.br\/site\/wp-json\/wp\/v2\/posts\/39573\/revisions"}],"predecessor-version":[{"id":39577,"href":"https:\/\/blogdoeloiltoncajuhy.com.br\/site\/wp-json\/wp\/v2\/posts\/39573\/revisions\/39577"}],"wp:featuredmedia":[{"embeddable":true,"href":"https:\/\/blogdoeloiltoncajuhy.com.br\/site\/wp-json\/wp\/v2\/media\/39576"}],"wp:attachment":[{"href":"https:\/\/blogdoeloiltoncajuhy.com.br\/site\/wp-json\/wp\/v2\/media?parent=39573"}],"wp:term":[{"taxonomy":"category","embeddable":true,"href":"https:\/\/blogdoeloiltoncajuhy.com.br\/site\/wp-json\/wp\/v2\/categories?post=39573"},{"taxonomy":"post_tag","embeddable":true,"href":"https:\/\/blogdoeloiltoncajuhy.com.br\/site\/wp-json\/wp\/v2\/tags?post=39573"}],"curies":[{"name":"wp","href":"https:\/\/api.w.org\/{rel}","templated":true}]}}