{"id":39568,"date":"2019-12-13T07:58:36","date_gmt":"2019-12-13T10:58:36","guid":{"rendered":"http:\/\/blogdoeloiltoncajuhy.com.br\/site\/?p=39568"},"modified":"2019-12-13T07:58:43","modified_gmt":"2019-12-13T10:58:43","slug":"apos-o-sucesso-da-primeira-edicao-prefeitura-de-jaguarari-realiza-segunda-feirinha-livre-noturna","status":"publish","type":"post","link":"https:\/\/blogdoeloiltoncajuhy.com.br\/site\/apos-o-sucesso-da-primeira-edicao-prefeitura-de-jaguarari-realiza-segunda-feirinha-livre-noturna\/","title":{"rendered":"Ap\u00f3s o sucesso da primeira edi\u00e7\u00e3o, Prefeitura de Jaguarari realiza segunda Feirinha Livre Noturna"},"content":{"rendered":"\n<p><strong>ASCOM \u2013 Prefeitura de Jaguarari-BA<\/strong><\/p>\n\n\n\n<div class=\"wp-block-image\"><figure class=\"aligncenter size-large is-resized\"><img fetchpriority=\"high\" decoding=\"async\" src=\"https:\/\/i1.wp.com\/blogdoeloiltoncajuhy.com.br\/site\/wp-content\/uploads\/2019\/12\/PMJ_2FeirinhaLivreNoturna.jpg?fit=590%2C652\" alt=\"\" class=\"wp-image-39569\" width=\"442\" height=\"489\" srcset=\"https:\/\/i0.wp.com\/blogdoeloiltoncajuhy.com.br\/site\/wp-content\/uploads\/2019\/12\/PMJ_2FeirinhaLivreNoturna.jpg?w=969&amp;ssl=1 969w, https:\/\/i0.wp.com\/blogdoeloiltoncajuhy.com.br\/site\/wp-content\/uploads\/2019\/12\/PMJ_2FeirinhaLivreNoturna.jpg?resize=271%2C300&amp;ssl=1 271w, https:\/\/i0.wp.com\/blogdoeloiltoncajuhy.com.br\/site\/wp-content\/uploads\/2019\/12\/PMJ_2FeirinhaLivreNoturna.jpg?resize=926%2C1024&amp;ssl=1 926w, https:\/\/i0.wp.com\/blogdoeloiltoncajuhy.com.br\/site\/wp-content\/uploads\/2019\/12\/PMJ_2FeirinhaLivreNoturna.jpg?resize=768%2C850&amp;ssl=1 768w, https:\/\/i0.wp.com\/blogdoeloiltoncajuhy.com.br\/site\/wp-content\/uploads\/2019\/12\/PMJ_2FeirinhaLivreNoturna.jpg?resize=226%2C250&amp;ssl=1 226w\" sizes=\"(max-width: 442px) 100vw, 442px\" \/><\/figure><\/div>\n\n\n\n<p>Ap\u00f3s o sucesso da primeira edi\u00e7\u00e3o, a prefeitura de Jaguarari, atrav\u00e9s da Secretaria de Agricultura, realiza na pr\u00f3xima sexta-feira (20) a segunda Feirinha Livre Noturna. A realiza\u00e7\u00e3o desta a\u00e7\u00e3o busca fortalecer a economia, valorizando a agricultura familiar, o artesanato e a culin\u00e1ria local.<\/p>\n\n\n\n<p>Como aconteceu na primeira edi\u00e7\u00e3o da feira, o consumidor que for at\u00e9 a Alfredo Viana ter\u00e1 \u00e0 sua disposi\u00e7\u00e3o barracas com produtos da agricultura familiar, como frutas, verduras, legumes e hortali\u00e7as, artesanato em couro, vidro, tecido, pinturas em telas, etc. A feira contar\u00e1 tamb\u00e9m com barracas onde ser\u00e3o comercializados alimentos, como doces, salgados, entre outros.<\/p>\n\n\n\n<p><em>&#8220;Quem vier para a segunda feirinha livre noturna poder\u00e1 comprar produtos de qualidade. Se a primeira edi\u00e7\u00e3o foi um sucesso de vendas, a segunda ser\u00e1 melhor ainda&#8221;<\/em>, pontuou a secret\u00e1ria de Agricultura, Luciana Souza.<\/p>\n","protected":false},"excerpt":{"rendered":"<p>ASCOM \u2013 Prefeitura de Jaguarari-BA Ap\u00f3s o sucesso da primeira edi\u00e7\u00e3o, a prefeitura de Jaguarari, atrav\u00e9s da Secretaria de Agricultura, realiza na pr\u00f3xima sexta-feira (20) a segunda Feirinha Livre Noturna. A realiza\u00e7\u00e3o desta a\u00e7\u00e3o busca fortalecer a economia, valorizando a agricultura familiar, o artesanato e a culin\u00e1ria local. Como aconteceu na primeira edi\u00e7\u00e3o da feira, [&hellip;]<\/p>\n","protected":false},"author":2,"featured_media":39569,"comment_status":"open","ping_status":"open","sticky":false,"template":"","format":"standard","meta":{"_acf_changed":false,"_monsterinsights_skip_tracking":false,"_monsterinsights_sitenote_active":false,"_monsterinsights_sitenote_note":"","_monsterinsights_sitenote_category":0,"_jetpack_memberships_contains_paid_content":false,"footnotes":"","jetpack_publicize_message":"","jetpack_publicize_feature_enabled":true,"jetpack_social_post_already_shared":true,"jetpack_social_options":{"image_generator_settings":{"template":"highway","default_image_id":0,"font":"","enabled":false},"version":2}},"categories":[1,3,11],"tags":[],"class_list":["post-39568","post","type-post","status-publish","format-standard","has-post-thumbnail","hentry","category-noticias","category-politica","category-regional"],"acf":[],"jetpack_publicize_connections":[],"jetpack_featured_media_url":"https:\/\/i0.wp.com\/blogdoeloiltoncajuhy.com.br\/site\/wp-content\/uploads\/2019\/12\/PMJ_2FeirinhaLivreNoturna.jpg?fit=969%2C1072&ssl=1","jetpack_sharing_enabled":true,"publishpress_future_workflow_manual_trigger":{"enabledWorkflows":[]},"_links":{"self":[{"href":"https:\/\/blogdoeloiltoncajuhy.com.br\/site\/wp-json\/wp\/v2\/posts\/39568","targetHints":{"allow":["GET"]}}],"collection":[{"href":"https:\/\/blogdoeloiltoncajuhy.com.br\/site\/wp-json\/wp\/v2\/posts"}],"about":[{"href":"https:\/\/blogdoeloiltoncajuhy.com.br\/site\/wp-json\/wp\/v2\/types\/post"}],"author":[{"embeddable":true,"href":"https:\/\/blogdoeloiltoncajuhy.com.br\/site\/wp-json\/wp\/v2\/users\/2"}],"replies":[{"embeddable":true,"href":"https:\/\/blogdoeloiltoncajuhy.com.br\/site\/wp-json\/wp\/v2\/comments?post=39568"}],"version-history":[{"count":1,"href":"https:\/\/blogdoeloiltoncajuhy.com.br\/site\/wp-json\/wp\/v2\/posts\/39568\/revisions"}],"predecessor-version":[{"id":39570,"href":"https:\/\/blogdoeloiltoncajuhy.com.br\/site\/wp-json\/wp\/v2\/posts\/39568\/revisions\/39570"}],"wp:featuredmedia":[{"embeddable":true,"href":"https:\/\/blogdoeloiltoncajuhy.com.br\/site\/wp-json\/wp\/v2\/media\/39569"}],"wp:attachment":[{"href":"https:\/\/blogdoeloiltoncajuhy.com.br\/site\/wp-json\/wp\/v2\/media?parent=39568"}],"wp:term":[{"taxonomy":"category","embeddable":true,"href":"https:\/\/blogdoeloiltoncajuhy.com.br\/site\/wp-json\/wp\/v2\/categories?post=39568"},{"taxonomy":"post_tag","embeddable":true,"href":"https:\/\/blogdoeloiltoncajuhy.com.br\/site\/wp-json\/wp\/v2\/tags?post=39568"}],"curies":[{"name":"wp","href":"https:\/\/api.w.org\/{rel}","templated":true}]}}