{"id":39565,"date":"2019-12-13T07:01:09","date_gmt":"2019-12-13T10:01:09","guid":{"rendered":"http:\/\/blogdoeloiltoncajuhy.com.br\/site\/?p=39565"},"modified":"2019-12-13T07:01:15","modified_gmt":"2019-12-13T10:01:15","slug":"especialistas-discutem-a-retirada-de-conteudos-falsos-ou-com-discurso-de-odio-da-internet","status":"publish","type":"post","link":"https:\/\/blogdoeloiltoncajuhy.com.br\/site\/especialistas-discutem-a-retirada-de-conteudos-falsos-ou-com-discurso-de-odio-da-internet\/","title":{"rendered":"Especialistas discutem a retirada de conte\u00fados falsos ou com discurso de \u00f3dio da internet"},"content":{"rendered":"\n<p><strong>Da R\u00e1dio C\u00e2mara, de Bras\u00edlia, S\u00edlvia Mugnatto<\/strong><\/p>\n\n\n\n<div class=\"wp-block-image\"><figure class=\"aligncenter size-large\"><img data-recalc-dims=\"1\" fetchpriority=\"high\" decoding=\"async\" width=\"800\" height=\"450\" src=\"https:\/\/i0.wp.com\/blogdoeloiltoncajuhy.com.br\/site\/wp-content\/uploads\/2019\/12\/ConteudosFalsos.jpg?resize=800%2C450\" alt=\"\" class=\"wp-image-39566\" srcset=\"https:\/\/i0.wp.com\/blogdoeloiltoncajuhy.com.br\/site\/wp-content\/uploads\/2019\/12\/ConteudosFalsos.jpg?w=800&amp;ssl=1 800w, https:\/\/i0.wp.com\/blogdoeloiltoncajuhy.com.br\/site\/wp-content\/uploads\/2019\/12\/ConteudosFalsos.jpg?resize=300%2C169&amp;ssl=1 300w, https:\/\/i0.wp.com\/blogdoeloiltoncajuhy.com.br\/site\/wp-content\/uploads\/2019\/12\/ConteudosFalsos.jpg?resize=768%2C432&amp;ssl=1 768w, https:\/\/i0.wp.com\/blogdoeloiltoncajuhy.com.br\/site\/wp-content\/uploads\/2019\/12\/ConteudosFalsos.jpg?resize=250%2C141&amp;ssl=1 250w\" sizes=\"(max-width: 800px) 100vw, 800px\" \/><\/figure><\/div>\n\n\n\n<p>Como controlar o discurso de \u00f3dio na internet? Como proteger os dados pessoais dos usu\u00e1rios? Como combater a circula\u00e7\u00e3o de not\u00edcias falsas? Essas s\u00e3o algumas perguntas levantadas em audi\u00eancia p\u00fablica promovida nesta quinta-feira (12) pelas Ouvidorias da C\u00e2mara e do Senado, que realizaram uma pesquisa de opini\u00e3o sobre a influ\u00eancia das m\u00eddias digitais na sociedade.<\/p>\n\n\n\n<p>Uma das ideias defendidas por alguns palestrantes \u00e9 a responsabiliza\u00e7\u00e3o civil de empresas de tecnologia que n\u00e3o eliminem conte\u00fados que promovam discursos nocivos como ataques \u00e0 democracia ou discrimina\u00e7\u00e3o racial. A legisla\u00e7\u00e3o atual prev\u00ea que as den\u00fancias sejam encaminhadas ao Poder Judici\u00e1rio, a menos que sejam ataques a pessoas espec\u00edficas, quando a pr\u00f3pria plataforma faz a retirada.<\/p>\n\n\n\n<p>Mas os palestrantes afirmaram que existe muita controv\u00e9rsia sobre quais conte\u00fados devem ser retirados e se isso n\u00e3o seria um ataque \u00e0 liberdade de express\u00e3o.<\/p>\n\n\n\n<p>Marcelo Bechara, da Associa\u00e7\u00e3o Brasileira de Emissoras de R\u00e1dio e Televis\u00e3o, falou que o momento atual j\u00e1 \u00e9 de viol\u00eancia causada pela polariza\u00e7\u00e3o e pela intoler\u00e2ncia promovida nas m\u00eddias digitais.<\/p>\n\n\n\n<p><em>\u201cE a\u00ed quando voc\u00ea fala em dano \u00e0 democracia, \u00e9 dano coletivo. \u00c9 a coletividade que est\u00e1 sendo amea\u00e7ada. Colocada em quest\u00f5es como discurso de \u00f3dio, desrespeito, isolamento. E isso acontece em todas as camadas sociais&#8221;<\/em>.<\/p>\n\n\n\n<p>Fabro Steibel, diretor do Instituto Tecnologia e Sociedade, deu o exemplo do debate sobre a Amaz\u00f4nia para mostrar a dificuldade de julgar conte\u00fados na internet.<\/p>\n\n\n\n<p><em>&#8220;Se eu fosse retirar todo mundo que falou fake news naquele momento, eu tiraria o presidente Bolsonaro porque ele falou da Noruega com uma foto da Dinamarca; eu tiraria Macron que falou que a Amaz\u00f4nia tem 20% de oxig\u00eanio, \u00e9 20% de carbono. Todo mundo vai denunciar o outro porque \u00e9 um debate bastante polarizado. E a tend\u00eancia \u00e9 todo conte\u00fado sair. Mas aqueles que t\u00eam mais recursos para judicializar alguma coisa, a tend\u00eancia \u00e9 que eles digam para voltar o conte\u00fado, dizendo que se responsabilizam pelo conte\u00fado se algo der errado&#8221;<\/em>.<\/p>\n\n\n\n<p>A representante do Facebook, Monica Rosina, disse que a empresa j\u00e1 trabalha com remo\u00e7\u00e3o de conte\u00fados por meio de uma rede de 35 mil funcion\u00e1rios. Contando somente as fotos, s\u00e3o 1 bilh\u00e3o publicadas diariamente. Mas Monica afirma que existe uma \u201czona cinzenta\u201d sobre o que \u00e9 considerado, por exemplo, discurso de \u00f3dio.<\/p>\n\n\n\n<p>Ela explicou que, em rela\u00e7\u00e3o \u00e0s not\u00edcias falsas, o problema \u00e9 ainda mais complexo e a empresa tenta reduzir o dano dessas not\u00edcias garantindo a divulga\u00e7\u00e3o de conte\u00fados de ag\u00eancias de checagem para o usu\u00e1rio.<\/p>\n\n\n\n<p><em>\u201cN\u00e3o gostaria de ver nenhuma empresa privada, determinando o que \u00e9 verdade e o que \u00e9 mentira. Ent\u00e3o na frente de desinforma\u00e7\u00e3o, o Facebook reconhece, sim, que esse \u00e9 um problema que precisa ser endere\u00e7ado. Mas a medida do Facebook n\u00e3o \u00e9 remover porque n\u00e3o quer se colocar nessa posi\u00e7\u00e3o. Mas reconhece que \u00e9 um conte\u00fado de baixa qualidade e trabalha para reduzir alcance e trazer mais informa\u00e7\u00e3o e contexto ao usu\u00e1rio&#8221;<\/em>.<\/p>\n\n\n\n<p>Na mesma linha, o representante da Google, Marcelo Lacerda, afirmou que a empresa procura reduzir a relev\u00e2ncia de conte\u00fados enganosos ou de baixa qualidade na busca feita pelos usu\u00e1rios. Ele afirmou ainda que a empresa j\u00e1 se adiantou a outros dois problemas citados na audi\u00eancia: a portabilidade de dados e a prote\u00e7\u00e3o de dados pessoais. Segundo ele, os usu\u00e1rios j\u00e1 podem baixar todos os seus arquivos dos produtos Google e configurar a privacidade de v\u00e1rios deles em apenas uma conta.<\/p>\n\n\n\n<p>O ouvidor da C\u00e2mara, deputado Eduardo Barbosa (PSDB-MG), comentou o perigo do discurso do \u00f3dio em rela\u00e7\u00e3o a direitos conquistados com dificuldade pela sociedade.<\/p>\n\n\n\n<p><em>\u201cEnt\u00e3o, ao mesmo tempo que n\u00f3s avan\u00e7amos em concep\u00e7\u00f5es de direitos humanos, n\u00f3s temos a\u00ed um fen\u00f4meno novo que pode colocar abaixo tudo aquilo que foi constru\u00eddo em termos de conceito. E que a gente quer que sejam absorvidos pelo comportamento da sociedade contempor\u00e2nea e tamb\u00e9m pelas pol\u00edticas p\u00fablicas&#8221;<\/em>.<\/p>\n\n\n\n<p>A professora de Direito da UnB, Laura Schertel, buscou explicar o fen\u00f4meno da polariza\u00e7\u00e3o pela perda de relev\u00e2ncia da m\u00eddia tradicional, pela maneira como as plataformas distribuem a informa\u00e7\u00e3o e pela coleta de dados pessoais.<\/p>\n\n\n\n<p><em>\u201cQuanto mais eu sou submetido \u00e0quela mesma informa\u00e7\u00e3o ou informa\u00e7\u00f5es muito semelhantes \u00e0quilo que eu j\u00e1 pensava, n\u00e3o s\u00f3 aquilo confirma minha opini\u00e3o. Mas isso me leva para um espectro ainda mais radical. Em vez de me levar para o meio, me leva mais para as pontas&#8221;<\/em>.<\/p>\n\n\n\n<p>Na pesquisa de opini\u00e3o realizada pelas ouvidorias do Congresso, 45% da popula\u00e7\u00e3o afirma ter sido influenciada pelas redes sociais na escolha de candidatos nas elei\u00e7\u00f5es. De cada 10 brasileiros, 8 j\u00e1 identificaram not\u00edcias falsas nas redes sociais. Mas a maioria disse que verifica se a informa\u00e7\u00e3o \u00e9 verdadeira antes de compartilh\u00e1-la.<\/p>\n","protected":false},"excerpt":{"rendered":"<p>Da R\u00e1dio C\u00e2mara, de Bras\u00edlia, S\u00edlvia Mugnatto Como controlar o discurso de \u00f3dio na internet? Como proteger os dados pessoais dos usu\u00e1rios? Como combater a circula\u00e7\u00e3o de not\u00edcias falsas? Essas s\u00e3o algumas perguntas levantadas em audi\u00eancia p\u00fablica promovida nesta quinta-feira (12) pelas Ouvidorias da C\u00e2mara e do Senado, que realizaram uma pesquisa de opini\u00e3o sobre [&hellip;]<\/p>\n","protected":false},"author":2,"featured_media":39566,"comment_status":"open","ping_status":"open","sticky":false,"template":"","format":"standard","meta":{"_acf_changed":false,"_monsterinsights_skip_tracking":false,"_monsterinsights_sitenote_active":false,"_monsterinsights_sitenote_note":"","_monsterinsights_sitenote_category":0,"_jetpack_memberships_contains_paid_content":false,"footnotes":"","jetpack_publicize_message":"","jetpack_publicize_feature_enabled":true,"jetpack_social_post_already_shared":true,"jetpack_social_options":{"image_generator_settings":{"template":"highway","default_image_id":0,"font":"","enabled":false},"version":2}},"categories":[1,3],"tags":[],"class_list":["post-39565","post","type-post","status-publish","format-standard","has-post-thumbnail","hentry","category-noticias","category-politica"],"acf":[],"jetpack_publicize_connections":[],"jetpack_featured_media_url":"https:\/\/i0.wp.com\/blogdoeloiltoncajuhy.com.br\/site\/wp-content\/uploads\/2019\/12\/ConteudosFalsos.jpg?fit=800%2C450&ssl=1","jetpack_sharing_enabled":true,"publishpress_future_workflow_manual_trigger":{"enabledWorkflows":[]},"_links":{"self":[{"href":"https:\/\/blogdoeloiltoncajuhy.com.br\/site\/wp-json\/wp\/v2\/posts\/39565","targetHints":{"allow":["GET"]}}],"collection":[{"href":"https:\/\/blogdoeloiltoncajuhy.com.br\/site\/wp-json\/wp\/v2\/posts"}],"about":[{"href":"https:\/\/blogdoeloiltoncajuhy.com.br\/site\/wp-json\/wp\/v2\/types\/post"}],"author":[{"embeddable":true,"href":"https:\/\/blogdoeloiltoncajuhy.com.br\/site\/wp-json\/wp\/v2\/users\/2"}],"replies":[{"embeddable":true,"href":"https:\/\/blogdoeloiltoncajuhy.com.br\/site\/wp-json\/wp\/v2\/comments?post=39565"}],"version-history":[{"count":1,"href":"https:\/\/blogdoeloiltoncajuhy.com.br\/site\/wp-json\/wp\/v2\/posts\/39565\/revisions"}],"predecessor-version":[{"id":39567,"href":"https:\/\/blogdoeloiltoncajuhy.com.br\/site\/wp-json\/wp\/v2\/posts\/39565\/revisions\/39567"}],"wp:featuredmedia":[{"embeddable":true,"href":"https:\/\/blogdoeloiltoncajuhy.com.br\/site\/wp-json\/wp\/v2\/media\/39566"}],"wp:attachment":[{"href":"https:\/\/blogdoeloiltoncajuhy.com.br\/site\/wp-json\/wp\/v2\/media?parent=39565"}],"wp:term":[{"taxonomy":"category","embeddable":true,"href":"https:\/\/blogdoeloiltoncajuhy.com.br\/site\/wp-json\/wp\/v2\/categories?post=39565"},{"taxonomy":"post_tag","embeddable":true,"href":"https:\/\/blogdoeloiltoncajuhy.com.br\/site\/wp-json\/wp\/v2\/tags?post=39565"}],"curies":[{"name":"wp","href":"https:\/\/api.w.org\/{rel}","templated":true}]}}