{"id":39557,"date":"2019-12-12T20:27:44","date_gmt":"2019-12-12T23:27:44","guid":{"rendered":"http:\/\/blogdoeloiltoncajuhy.com.br\/site\/?p=39557"},"modified":"2019-12-12T20:27:50","modified_gmt":"2019-12-12T23:27:50","slug":"em-reuniao-com-o-governo-municipal-sismusb-apresenta-pauta-dos-servidores-publicos-de-bonfim","status":"publish","type":"post","link":"https:\/\/blogdoeloiltoncajuhy.com.br\/site\/em-reuniao-com-o-governo-municipal-sismusb-apresenta-pauta-dos-servidores-publicos-de-bonfim\/","title":{"rendered":"Em reuni\u00e3o com o governo municipal, Sismusb apresenta pauta dos servidores p\u00fablicos de Bonfim"},"content":{"rendered":"\n<p><strong>ASCOM &#8211; SISMUSB<\/strong><\/p>\n\n\n\n<div class=\"wp-block-image\"><figure class=\"aligncenter size-large\"><img data-recalc-dims=\"1\" fetchpriority=\"high\" decoding=\"async\" width=\"800\" height=\"450\" src=\"https:\/\/i0.wp.com\/blogdoeloiltoncajuhy.com.br\/site\/wp-content\/uploads\/2019\/12\/ReuniaoPrefeituraSismusb.jpg?resize=800%2C450\" alt=\"\" class=\"wp-image-39558\" srcset=\"https:\/\/i0.wp.com\/blogdoeloiltoncajuhy.com.br\/site\/wp-content\/uploads\/2019\/12\/ReuniaoPrefeituraSismusb.jpg?w=960&amp;ssl=1 960w, https:\/\/i0.wp.com\/blogdoeloiltoncajuhy.com.br\/site\/wp-content\/uploads\/2019\/12\/ReuniaoPrefeituraSismusb.jpg?resize=300%2C169&amp;ssl=1 300w, https:\/\/i0.wp.com\/blogdoeloiltoncajuhy.com.br\/site\/wp-content\/uploads\/2019\/12\/ReuniaoPrefeituraSismusb.jpg?resize=768%2C432&amp;ssl=1 768w, https:\/\/i0.wp.com\/blogdoeloiltoncajuhy.com.br\/site\/wp-content\/uploads\/2019\/12\/ReuniaoPrefeituraSismusb.jpg?resize=250%2C141&amp;ssl=1 250w\" sizes=\"(max-width: 800px) 100vw, 800px\" \/><figcaption><em>Foto: Ascom &#8211; Prefeitura de Senhor do Bonfim-BA<\/em><\/figcaption><\/figure><\/div>\n\n\n\n<p>O Sindicato dos Servidores P\u00fablicos Municipais de Senhor do Bonfim (SISMUSB) reuniu-se na \u00faltima ter\u00e7a-feira (10) com a gest\u00e3o municipal de Senhor do Bonfim. Na oportunidade, a diretoria da entidade sindical apresentou a pauta de reivindica\u00e7\u00f5es dos servidores do munic\u00edpio para 2020.<\/p>\n\n\n\n<p>O primeiro ponto de negocia\u00e7\u00e3o foi o reajuste salarial, no qual o SISMUSB pleiteia um percentual de 7%, correspondente \u00e0 soma do reajuste de 2019 que n\u00e3o foi concedido pela prefeitura municipal. No entanto, a gest\u00e3o municipal assegurou um reajuste de 4,5%, o que n\u00e3o contempla as  perdas da categoria e a infla\u00e7\u00e3o.<\/p>\n\n\n\n<p>Diante disso, o SISMUSB convoca uma assembleia extraordin\u00e1ria para segunda feira (16) \u00e0s 16h30 no Sindiferro com todos os servidores p\u00fablicos, para uma discuss\u00e3o mais aprofundada e poss\u00edveis delibera\u00e7\u00f5es sobre essa pauta.<\/p>\n\n\n\n<p>Outro ponto importante discutido na reuni\u00e3o foi a Lei n\u00ba 905\/2003, que ser\u00e1 encaminhada em breve para C\u00e2mara Municipal de Vereadores para corre\u00e7\u00e3o. Com a luta desta entidade sindical  a categoria obteve vit\u00f3ria e o judici\u00e1rio concedeu liminar determinando que o munic\u00edpio pague o 13\u00ba sal\u00e1rio (gratifica\u00e7\u00e3o natalina) com base na remunera\u00e7\u00e3o integral do servidor.<\/p>\n\n\n\n<p>Ainda existem diversas reivindica\u00e7\u00f5es que foram atendidas e que, certamente, ser\u00e3o objeto de novas negocia\u00e7\u00f5es. Sendo assim, o SISMUSB reitera seu compromisso na defesa dos direitos dos servidores p\u00fablicos de Senhor do Bonfim.<\/p>\n","protected":false},"excerpt":{"rendered":"<p>ASCOM &#8211; SISMUSB O Sindicato dos Servidores P\u00fablicos Municipais de Senhor do Bonfim (SISMUSB) reuniu-se na \u00faltima ter\u00e7a-feira (10) com a gest\u00e3o municipal de Senhor do Bonfim. Na oportunidade, a diretoria da entidade sindical apresentou a pauta de reivindica\u00e7\u00f5es dos servidores do munic\u00edpio para 2020. O primeiro ponto de negocia\u00e7\u00e3o foi o reajuste salarial, no [&hellip;]<\/p>\n","protected":false},"author":2,"featured_media":39558,"comment_status":"open","ping_status":"open","sticky":false,"template":"","format":"standard","meta":{"_acf_changed":false,"_monsterinsights_skip_tracking":false,"_monsterinsights_sitenote_active":false,"_monsterinsights_sitenote_note":"","_monsterinsights_sitenote_category":0,"_jetpack_memberships_contains_paid_content":false,"footnotes":"","jetpack_publicize_message":"","jetpack_publicize_feature_enabled":true,"jetpack_social_post_already_shared":true,"jetpack_social_options":{"image_generator_settings":{"template":"highway","default_image_id":0,"font":"","enabled":false},"version":2}},"categories":[1,4],"tags":[],"class_list":["post-39557","post","type-post","status-publish","format-standard","has-post-thumbnail","hentry","category-noticias","category-local"],"acf":[],"jetpack_publicize_connections":[],"jetpack_featured_media_url":"https:\/\/i0.wp.com\/blogdoeloiltoncajuhy.com.br\/site\/wp-content\/uploads\/2019\/12\/ReuniaoPrefeituraSismusb.jpg?fit=960%2C540&ssl=1","jetpack_sharing_enabled":true,"publishpress_future_workflow_manual_trigger":{"enabledWorkflows":[]},"_links":{"self":[{"href":"https:\/\/blogdoeloiltoncajuhy.com.br\/site\/wp-json\/wp\/v2\/posts\/39557","targetHints":{"allow":["GET"]}}],"collection":[{"href":"https:\/\/blogdoeloiltoncajuhy.com.br\/site\/wp-json\/wp\/v2\/posts"}],"about":[{"href":"https:\/\/blogdoeloiltoncajuhy.com.br\/site\/wp-json\/wp\/v2\/types\/post"}],"author":[{"embeddable":true,"href":"https:\/\/blogdoeloiltoncajuhy.com.br\/site\/wp-json\/wp\/v2\/users\/2"}],"replies":[{"embeddable":true,"href":"https:\/\/blogdoeloiltoncajuhy.com.br\/site\/wp-json\/wp\/v2\/comments?post=39557"}],"version-history":[{"count":1,"href":"https:\/\/blogdoeloiltoncajuhy.com.br\/site\/wp-json\/wp\/v2\/posts\/39557\/revisions"}],"predecessor-version":[{"id":39559,"href":"https:\/\/blogdoeloiltoncajuhy.com.br\/site\/wp-json\/wp\/v2\/posts\/39557\/revisions\/39559"}],"wp:featuredmedia":[{"embeddable":true,"href":"https:\/\/blogdoeloiltoncajuhy.com.br\/site\/wp-json\/wp\/v2\/media\/39558"}],"wp:attachment":[{"href":"https:\/\/blogdoeloiltoncajuhy.com.br\/site\/wp-json\/wp\/v2\/media?parent=39557"}],"wp:term":[{"taxonomy":"category","embeddable":true,"href":"https:\/\/blogdoeloiltoncajuhy.com.br\/site\/wp-json\/wp\/v2\/categories?post=39557"},{"taxonomy":"post_tag","embeddable":true,"href":"https:\/\/blogdoeloiltoncajuhy.com.br\/site\/wp-json\/wp\/v2\/tags?post=39557"}],"curies":[{"name":"wp","href":"https:\/\/api.w.org\/{rel}","templated":true}]}}