{"id":39552,"date":"2019-12-12T20:11:50","date_gmt":"2019-12-12T23:11:50","guid":{"rendered":"http:\/\/blogdoeloiltoncajuhy.com.br\/site\/?p=39552"},"modified":"2019-12-12T20:11:56","modified_gmt":"2019-12-12T23:11:56","slug":"prefeitura-inicia-em-jaguarari-o-projeto-verao-saude","status":"publish","type":"post","link":"https:\/\/blogdoeloiltoncajuhy.com.br\/site\/prefeitura-inicia-em-jaguarari-o-projeto-verao-saude\/","title":{"rendered":"Prefeitura inicia em Jaguarari o Projeto Ver\u00e3o Sa\u00fade"},"content":{"rendered":"\n<p><strong>ASCOM &#8211; Prefeitura de Jaguarari-BA<\/strong><\/p>\n\n\n\n<div class=\"wp-block-image\"><figure class=\"aligncenter size-large\"><img fetchpriority=\"high\" decoding=\"async\" width=\"1600\" height=\"1200\" src=\"https:\/\/i2.wp.com\/blogdoeloiltoncajuhy.com.br\/site\/wp-content\/uploads\/2019\/12\/PMJ_ProjetoVeraoSaude-09123.jpg?fit=590%2C443\" alt=\"\" class=\"wp-image-39553\" srcset=\"https:\/\/i0.wp.com\/blogdoeloiltoncajuhy.com.br\/site\/wp-content\/uploads\/2019\/12\/PMJ_ProjetoVeraoSaude-09123.jpg?w=1600&amp;ssl=1 1600w, https:\/\/i0.wp.com\/blogdoeloiltoncajuhy.com.br\/site\/wp-content\/uploads\/2019\/12\/PMJ_ProjetoVeraoSaude-09123.jpg?resize=300%2C225&amp;ssl=1 300w, https:\/\/i0.wp.com\/blogdoeloiltoncajuhy.com.br\/site\/wp-content\/uploads\/2019\/12\/PMJ_ProjetoVeraoSaude-09123.jpg?resize=1024%2C768&amp;ssl=1 1024w, https:\/\/i0.wp.com\/blogdoeloiltoncajuhy.com.br\/site\/wp-content\/uploads\/2019\/12\/PMJ_ProjetoVeraoSaude-09123.jpg?resize=768%2C576&amp;ssl=1 768w, https:\/\/i0.wp.com\/blogdoeloiltoncajuhy.com.br\/site\/wp-content\/uploads\/2019\/12\/PMJ_ProjetoVeraoSaude-09123.jpg?resize=1536%2C1152&amp;ssl=1 1536w, https:\/\/i0.wp.com\/blogdoeloiltoncajuhy.com.br\/site\/wp-content\/uploads\/2019\/12\/PMJ_ProjetoVeraoSaude-09123.jpg?resize=250%2C188&amp;ssl=1 250w\" sizes=\"(max-width: 800px) 100vw, 800px\" \/><\/figure><\/div>\n\n\n\n<p>A Prefeitura de Jaguarari, atrav\u00e9s da Secretaria Municipal de Sa\u00fade, iniciou na ultima ter\u00e7a-feira (10) o Projeto Ver\u00e3o Sa\u00fade. Esta a\u00e7\u00e3o tem como objetivo proporcionar uma melhoria da qualidade de vida da popula\u00e7\u00e3o, atrav\u00e9s de atividades f\u00edsicas como dan\u00e7a, gin\u00e1stica e dicas para uma alimenta\u00e7\u00e3o saud\u00e1vel, buscando prevenir doen\u00e7as cr\u00f4nicas como hipertens\u00e3o e diabetes.<\/p>\n\n\n\n<p><em>&#8220;No Projeto Ver\u00e3o Sa\u00fade iremos proporcionar a idosos, homens, jovens e mulheres mais condi\u00e7\u00f5es para uma vida saud\u00e1vel, inclusive com acompanhamento m\u00e9dico, nutricional e com supervis\u00e3o de um educador f\u00edsico&#8221;<\/em>, destacou o secret\u00e1rio de Sa\u00fade, Rodrigo Cruz.<\/p>\n\n\n\n<p>Os adeptos de atividades f\u00edsicas que tiverem interesse em participar, basta comparecer \u00e0 Pra\u00e7a de Conviv\u00eancia a partir das 17h30, fazer a sua avalia\u00e7\u00e3o m\u00e9dica, nutricional, com um fisioterapeuta e, estando tudo ok, \u00e9 s\u00f3 iniciar as atividades f\u00edsicas.<\/p>\n\n\n\n<div class=\"wp-block-image\"><figure class=\"aligncenter size-large\"><img decoding=\"async\" width=\"1600\" height=\"1200\" src=\"https:\/\/i0.wp.com\/blogdoeloiltoncajuhy.com.br\/site\/wp-content\/uploads\/2019\/12\/PMJ_ProjetoVeraoSaude-09124.jpg?fit=590%2C443\" alt=\"\" class=\"wp-image-39554\" srcset=\"https:\/\/i0.wp.com\/blogdoeloiltoncajuhy.com.br\/site\/wp-content\/uploads\/2019\/12\/PMJ_ProjetoVeraoSaude-09124.jpg?w=1600&amp;ssl=1 1600w, https:\/\/i0.wp.com\/blogdoeloiltoncajuhy.com.br\/site\/wp-content\/uploads\/2019\/12\/PMJ_ProjetoVeraoSaude-09124.jpg?resize=300%2C225&amp;ssl=1 300w, https:\/\/i0.wp.com\/blogdoeloiltoncajuhy.com.br\/site\/wp-content\/uploads\/2019\/12\/PMJ_ProjetoVeraoSaude-09124.jpg?resize=1024%2C768&amp;ssl=1 1024w, https:\/\/i0.wp.com\/blogdoeloiltoncajuhy.com.br\/site\/wp-content\/uploads\/2019\/12\/PMJ_ProjetoVeraoSaude-09124.jpg?resize=768%2C576&amp;ssl=1 768w, https:\/\/i0.wp.com\/blogdoeloiltoncajuhy.com.br\/site\/wp-content\/uploads\/2019\/12\/PMJ_ProjetoVeraoSaude-09124.jpg?resize=1536%2C1152&amp;ssl=1 1536w, https:\/\/i0.wp.com\/blogdoeloiltoncajuhy.com.br\/site\/wp-content\/uploads\/2019\/12\/PMJ_ProjetoVeraoSaude-09124.jpg?resize=250%2C188&amp;ssl=1 250w\" sizes=\"(max-width: 800px) 100vw, 800px\" \/><\/figure><\/div>\n\n\n\n<p class=\"has-medium-font-size\"><strong>Abaixo cronograma:<\/strong><\/p>\n\n\n\n<ul class=\"wp-block-list\"><li>Segundas e sextas-feiras &#8211; ritmos<\/li><\/ul>\n\n\n\n<ul class=\"wp-block-list\"><li>Ter\u00e7as, quartas e quintas-feiras &#8211; aulas de aer\u00f3bica, gin\u00e1stica localizada e step<\/li><\/ul>\n\n\n\n<p>O inicio das atividades reuniu muitos alunos que aprovaram a iniciativa da prefeitura de Jaguarari. <em>&#8220;Durante as aulas n\u00f3s cuidamos do corpo como um todo, tanto da parte f\u00edsica como a sa\u00fade mental. Durante as atividades conseguimos tirar o stress do dia-dia. Muito boa a iniciativa da prefeitura&#8221;<\/em>, parabenizou Vanderleia Santos da Silva.<\/p>\n\n\n\n<div class=\"wp-block-image\"><figure class=\"aligncenter size-large\"><img decoding=\"async\" width=\"1600\" height=\"1200\" src=\"https:\/\/i1.wp.com\/blogdoeloiltoncajuhy.com.br\/site\/wp-content\/uploads\/2019\/12\/PMJ_ProjetoVeraoSaude-09125.jpg?fit=590%2C443\" alt=\"\" class=\"wp-image-39555\" srcset=\"https:\/\/i0.wp.com\/blogdoeloiltoncajuhy.com.br\/site\/wp-content\/uploads\/2019\/12\/PMJ_ProjetoVeraoSaude-09125.jpg?w=1600&amp;ssl=1 1600w, https:\/\/i0.wp.com\/blogdoeloiltoncajuhy.com.br\/site\/wp-content\/uploads\/2019\/12\/PMJ_ProjetoVeraoSaude-09125.jpg?resize=300%2C225&amp;ssl=1 300w, https:\/\/i0.wp.com\/blogdoeloiltoncajuhy.com.br\/site\/wp-content\/uploads\/2019\/12\/PMJ_ProjetoVeraoSaude-09125.jpg?resize=1024%2C768&amp;ssl=1 1024w, https:\/\/i0.wp.com\/blogdoeloiltoncajuhy.com.br\/site\/wp-content\/uploads\/2019\/12\/PMJ_ProjetoVeraoSaude-09125.jpg?resize=768%2C576&amp;ssl=1 768w, https:\/\/i0.wp.com\/blogdoeloiltoncajuhy.com.br\/site\/wp-content\/uploads\/2019\/12\/PMJ_ProjetoVeraoSaude-09125.jpg?resize=1536%2C1152&amp;ssl=1 1536w, https:\/\/i0.wp.com\/blogdoeloiltoncajuhy.com.br\/site\/wp-content\/uploads\/2019\/12\/PMJ_ProjetoVeraoSaude-09125.jpg?resize=250%2C188&amp;ssl=1 250w\" sizes=\"(max-width: 800px) 100vw, 800px\" \/><\/figure><\/div>\n","protected":false},"excerpt":{"rendered":"<p>ASCOM &#8211; Prefeitura de Jaguarari-BA A Prefeitura de Jaguarari, atrav\u00e9s da Secretaria Municipal de Sa\u00fade, iniciou na ultima ter\u00e7a-feira (10) o Projeto Ver\u00e3o Sa\u00fade. Esta a\u00e7\u00e3o tem como objetivo proporcionar uma melhoria da qualidade de vida da popula\u00e7\u00e3o, atrav\u00e9s de atividades f\u00edsicas como dan\u00e7a, gin\u00e1stica e dicas para uma alimenta\u00e7\u00e3o saud\u00e1vel, buscando prevenir doen\u00e7as cr\u00f4nicas [&hellip;]<\/p>\n","protected":false},"author":2,"featured_media":39555,"comment_status":"open","ping_status":"open","sticky":false,"template":"","format":"standard","meta":{"_acf_changed":false,"_monsterinsights_skip_tracking":false,"_monsterinsights_sitenote_active":false,"_monsterinsights_sitenote_note":"","_monsterinsights_sitenote_category":0,"_jetpack_memberships_contains_paid_content":false,"footnotes":"","jetpack_publicize_message":"","jetpack_publicize_feature_enabled":true,"jetpack_social_post_already_shared":true,"jetpack_social_options":{"image_generator_settings":{"template":"highway","default_image_id":0,"font":"","enabled":false},"version":2}},"categories":[1,3,11],"tags":[],"class_list":["post-39552","post","type-post","status-publish","format-standard","has-post-thumbnail","hentry","category-noticias","category-politica","category-regional"],"acf":[],"jetpack_publicize_connections":[],"jetpack_featured_media_url":"https:\/\/i0.wp.com\/blogdoeloiltoncajuhy.com.br\/site\/wp-content\/uploads\/2019\/12\/PMJ_ProjetoVeraoSaude-09125.jpg?fit=1600%2C1200&ssl=1","jetpack_sharing_enabled":true,"publishpress_future_workflow_manual_trigger":{"enabledWorkflows":[]},"_links":{"self":[{"href":"https:\/\/blogdoeloiltoncajuhy.com.br\/site\/wp-json\/wp\/v2\/posts\/39552","targetHints":{"allow":["GET"]}}],"collection":[{"href":"https:\/\/blogdoeloiltoncajuhy.com.br\/site\/wp-json\/wp\/v2\/posts"}],"about":[{"href":"https:\/\/blogdoeloiltoncajuhy.com.br\/site\/wp-json\/wp\/v2\/types\/post"}],"author":[{"embeddable":true,"href":"https:\/\/blogdoeloiltoncajuhy.com.br\/site\/wp-json\/wp\/v2\/users\/2"}],"replies":[{"embeddable":true,"href":"https:\/\/blogdoeloiltoncajuhy.com.br\/site\/wp-json\/wp\/v2\/comments?post=39552"}],"version-history":[{"count":1,"href":"https:\/\/blogdoeloiltoncajuhy.com.br\/site\/wp-json\/wp\/v2\/posts\/39552\/revisions"}],"predecessor-version":[{"id":39556,"href":"https:\/\/blogdoeloiltoncajuhy.com.br\/site\/wp-json\/wp\/v2\/posts\/39552\/revisions\/39556"}],"wp:featuredmedia":[{"embeddable":true,"href":"https:\/\/blogdoeloiltoncajuhy.com.br\/site\/wp-json\/wp\/v2\/media\/39555"}],"wp:attachment":[{"href":"https:\/\/blogdoeloiltoncajuhy.com.br\/site\/wp-json\/wp\/v2\/media?parent=39552"}],"wp:term":[{"taxonomy":"category","embeddable":true,"href":"https:\/\/blogdoeloiltoncajuhy.com.br\/site\/wp-json\/wp\/v2\/categories?post=39552"},{"taxonomy":"post_tag","embeddable":true,"href":"https:\/\/blogdoeloiltoncajuhy.com.br\/site\/wp-json\/wp\/v2\/tags?post=39552"}],"curies":[{"name":"wp","href":"https:\/\/api.w.org\/{rel}","templated":true}]}}