{"id":39549,"date":"2019-12-12T20:01:05","date_gmt":"2019-12-12T23:01:05","guid":{"rendered":"http:\/\/blogdoeloiltoncajuhy.com.br\/site\/?p=39549"},"modified":"2019-12-12T20:01:11","modified_gmt":"2019-12-12T23:01:11","slug":"prefeitura-de-jaguarari-segue-implantando-iluminacao-publica-em-bairros-da-sede-e-na-zona-rural-do-municipio","status":"publish","type":"post","link":"https:\/\/blogdoeloiltoncajuhy.com.br\/site\/prefeitura-de-jaguarari-segue-implantando-iluminacao-publica-em-bairros-da-sede-e-na-zona-rural-do-municipio\/","title":{"rendered":"Prefeitura de Jaguarari segue implantando ilumina\u00e7\u00e3o publica em bairros da sede e na zona rural do munic\u00edpio"},"content":{"rendered":"\n<p><strong>ASCOM &#8211; Prefeitura de Jaguarari-BA<\/strong><\/p>\n\n\n\n<div class=\"wp-block-image\"><figure class=\"aligncenter size-large\"><img fetchpriority=\"high\" decoding=\"async\" width=\"1280\" height=\"853\" src=\"https:\/\/i2.wp.com\/blogdoeloiltoncajuhy.com.br\/site\/wp-content\/uploads\/2019\/12\/PMJ_Iluminacao20191211.jpg?fit=590%2C393\" alt=\"\" class=\"wp-image-39550\" srcset=\"https:\/\/i0.wp.com\/blogdoeloiltoncajuhy.com.br\/site\/wp-content\/uploads\/2019\/12\/PMJ_Iluminacao20191211.jpg?w=1280&amp;ssl=1 1280w, https:\/\/i0.wp.com\/blogdoeloiltoncajuhy.com.br\/site\/wp-content\/uploads\/2019\/12\/PMJ_Iluminacao20191211.jpg?resize=300%2C200&amp;ssl=1 300w, https:\/\/i0.wp.com\/blogdoeloiltoncajuhy.com.br\/site\/wp-content\/uploads\/2019\/12\/PMJ_Iluminacao20191211.jpg?resize=1024%2C682&amp;ssl=1 1024w, https:\/\/i0.wp.com\/blogdoeloiltoncajuhy.com.br\/site\/wp-content\/uploads\/2019\/12\/PMJ_Iluminacao20191211.jpg?resize=768%2C512&amp;ssl=1 768w, https:\/\/i0.wp.com\/blogdoeloiltoncajuhy.com.br\/site\/wp-content\/uploads\/2019\/12\/PMJ_Iluminacao20191211.jpg?resize=250%2C167&amp;ssl=1 250w\" sizes=\"(max-width: 800px) 100vw, 800px\" \/><\/figure><\/div>\n\n\n\n<p>A prefeitura de Jaguarari, atrav\u00e9s do setor de el\u00e9trica do munic\u00edpio, concluiu na segunda-feira (09), a implanta\u00e7\u00e3o de ilumina\u00e7\u00e3o p\u00fablica na entrada do distrito de Gameleira, melhorando a visibilidade de todos que entram e saem do distrito durante a noite.<\/p>\n\n\n\n<p><em>\u201cO prefeito Everton Rocha sempre nos cobra para ampliar e melhorar a ilumina\u00e7\u00e3o das vias p\u00fablicas do munic\u00edpio, trazendo mais seguran\u00e7a aos mun\u00edcipes. Vamos trabalhar cada dia mais para revitalizar a ilumina\u00e7\u00e3o publica por todo munic\u00edpio\u201d<\/em>, frisou o secret\u00e1rio de Administra\u00e7\u00e3o, Jos\u00e9 do Vale.<\/p>\n\n\n\n<p>Ao longo da ultima semana, o setor de el\u00e9trica j\u00e1 havia ampliado a ilumina\u00e7\u00e3o p\u00fablica dos bairros, Vit\u00f3ria, Cruz e Bandeirantes, atrav\u00e9s da instala\u00e7\u00e3o de bra\u00e7os, reatores e l\u00e2mpadas, proporcionando aos moradores maior conforto e seguran\u00e7a.<\/p>\n\n\n\n<p class=\"has-medium-font-size\"><strong>Veja os depoimentos dos moradores dos bairros atendidos:<\/strong><\/p>\n\n\n\n<ul class=\"wp-block-list\"><li>Adalberto Rodrigues, morador do bairro Vit\u00f3ria, agradeceu pela a\u00e7\u00e3o realizada em seu bairro. <em>&#8220;N\u00f3s agora podemos ficar na porta de casa sem medo. O bairro est\u00e1 iluminado e os moradores felizes&#8221;<\/em>, destacou.<\/li><\/ul>\n\n\n\n<ul class=\"wp-block-list\"><li>J\u00e1 o senhor Gilvan Alves, morador do Bairro Cruz, acredita que com a implanta\u00e7\u00e3o da ilumina\u00e7\u00e3o ir\u00e1 melhorar a seguran\u00e7a no bairro.<\/li><\/ul>\n","protected":false},"excerpt":{"rendered":"<p>ASCOM &#8211; Prefeitura de Jaguarari-BA A prefeitura de Jaguarari, atrav\u00e9s do setor de el\u00e9trica do munic\u00edpio, concluiu na segunda-feira (09), a implanta\u00e7\u00e3o de ilumina\u00e7\u00e3o p\u00fablica na entrada do distrito de Gameleira, melhorando a visibilidade de todos que entram e saem do distrito durante a noite. \u201cO prefeito Everton Rocha sempre nos cobra para ampliar e [&hellip;]<\/p>\n","protected":false},"author":2,"featured_media":39550,"comment_status":"open","ping_status":"open","sticky":false,"template":"","format":"standard","meta":{"_acf_changed":false,"_monsterinsights_skip_tracking":false,"_monsterinsights_sitenote_active":false,"_monsterinsights_sitenote_note":"","_monsterinsights_sitenote_category":0,"_jetpack_memberships_contains_paid_content":false,"footnotes":"","jetpack_publicize_message":"","jetpack_publicize_feature_enabled":true,"jetpack_social_post_already_shared":true,"jetpack_social_options":{"image_generator_settings":{"template":"highway","default_image_id":0,"font":"","enabled":false},"version":2}},"categories":[1,3,11],"tags":[],"class_list":["post-39549","post","type-post","status-publish","format-standard","has-post-thumbnail","hentry","category-noticias","category-politica","category-regional"],"acf":[],"jetpack_publicize_connections":[],"jetpack_featured_media_url":"https:\/\/i0.wp.com\/blogdoeloiltoncajuhy.com.br\/site\/wp-content\/uploads\/2019\/12\/PMJ_Iluminacao20191211.jpg?fit=1280%2C853&ssl=1","jetpack_sharing_enabled":true,"publishpress_future_workflow_manual_trigger":{"enabledWorkflows":[]},"_links":{"self":[{"href":"https:\/\/blogdoeloiltoncajuhy.com.br\/site\/wp-json\/wp\/v2\/posts\/39549","targetHints":{"allow":["GET"]}}],"collection":[{"href":"https:\/\/blogdoeloiltoncajuhy.com.br\/site\/wp-json\/wp\/v2\/posts"}],"about":[{"href":"https:\/\/blogdoeloiltoncajuhy.com.br\/site\/wp-json\/wp\/v2\/types\/post"}],"author":[{"embeddable":true,"href":"https:\/\/blogdoeloiltoncajuhy.com.br\/site\/wp-json\/wp\/v2\/users\/2"}],"replies":[{"embeddable":true,"href":"https:\/\/blogdoeloiltoncajuhy.com.br\/site\/wp-json\/wp\/v2\/comments?post=39549"}],"version-history":[{"count":1,"href":"https:\/\/blogdoeloiltoncajuhy.com.br\/site\/wp-json\/wp\/v2\/posts\/39549\/revisions"}],"predecessor-version":[{"id":39551,"href":"https:\/\/blogdoeloiltoncajuhy.com.br\/site\/wp-json\/wp\/v2\/posts\/39549\/revisions\/39551"}],"wp:featuredmedia":[{"embeddable":true,"href":"https:\/\/blogdoeloiltoncajuhy.com.br\/site\/wp-json\/wp\/v2\/media\/39550"}],"wp:attachment":[{"href":"https:\/\/blogdoeloiltoncajuhy.com.br\/site\/wp-json\/wp\/v2\/media?parent=39549"}],"wp:term":[{"taxonomy":"category","embeddable":true,"href":"https:\/\/blogdoeloiltoncajuhy.com.br\/site\/wp-json\/wp\/v2\/categories?post=39549"},{"taxonomy":"post_tag","embeddable":true,"href":"https:\/\/blogdoeloiltoncajuhy.com.br\/site\/wp-json\/wp\/v2\/tags?post=39549"}],"curies":[{"name":"wp","href":"https:\/\/api.w.org\/{rel}","templated":true}]}}