{"id":39547,"date":"2019-12-12T19:50:03","date_gmt":"2019-12-12T22:50:03","guid":{"rendered":"http:\/\/blogdoeloiltoncajuhy.com.br\/site\/?p=39547"},"modified":"2019-12-12T19:50:10","modified_gmt":"2019-12-12T22:50:10","slug":"chegada-do-assai-atacadista-gera-mais-de-500-empregos-diretos-e-indiretos-em-senhor-do-bonfim","status":"publish","type":"post","link":"https:\/\/blogdoeloiltoncajuhy.com.br\/site\/chegada-do-assai-atacadista-gera-mais-de-500-empregos-diretos-e-indiretos-em-senhor-do-bonfim\/","title":{"rendered":"Chegada do Assa\u00ed Atacadista gera mais de 500 empregos diretos e indiretos em Senhor do Bonfim"},"content":{"rendered":"\n<p><strong>Assessoria de Imprensa \/ Assa\u00ed Atacadista<\/strong><\/p>\n\n\n\n<div class=\"wp-block-image\"><figure class=\"aligncenter size-large\"><img data-recalc-dims=\"1\" fetchpriority=\"high\" decoding=\"async\" width=\"424\" height=\"424\" src=\"https:\/\/i0.wp.com\/blogdoeloiltoncajuhy.com.br\/site\/wp-content\/uploads\/2019\/12\/Assa%C3%ADSenhor-do-Bonfim-Inaugira%C3%A7%C3%A3o.png?resize=424%2C424\" alt=\"\" class=\"wp-image-39516\" srcset=\"https:\/\/i0.wp.com\/blogdoeloiltoncajuhy.com.br\/site\/wp-content\/uploads\/2019\/12\/Assa%C3%ADSenhor-do-Bonfim-Inaugira%C3%A7%C3%A3o.png?w=424&amp;ssl=1 424w, https:\/\/i0.wp.com\/blogdoeloiltoncajuhy.com.br\/site\/wp-content\/uploads\/2019\/12\/Assa%C3%ADSenhor-do-Bonfim-Inaugira%C3%A7%C3%A3o.png?resize=300%2C300&amp;ssl=1 300w, https:\/\/i0.wp.com\/blogdoeloiltoncajuhy.com.br\/site\/wp-content\/uploads\/2019\/12\/Assa%C3%ADSenhor-do-Bonfim-Inaugira%C3%A7%C3%A3o.png?resize=150%2C150&amp;ssl=1 150w, https:\/\/i0.wp.com\/blogdoeloiltoncajuhy.com.br\/site\/wp-content\/uploads\/2019\/12\/Assa%C3%ADSenhor-do-Bonfim-Inaugira%C3%A7%C3%A3o.png?resize=250%2C250&amp;ssl=1 250w, https:\/\/i0.wp.com\/blogdoeloiltoncajuhy.com.br\/site\/wp-content\/uploads\/2019\/12\/Assa%C3%ADSenhor-do-Bonfim-Inaugira%C3%A7%C3%A3o.png?resize=48%2C48&amp;ssl=1 48w\" sizes=\"(max-width: 424px) 100vw, 424px\" \/><\/figure><\/div>\n\n\n\n<p>O Assa\u00ed Atacadista, rede de atacado de autosservi\u00e7o que mais cresce no Brasil, inaugura loja em Senhor do Bonfim nesta sexta-feira, 13 de dezembro, \u00e0s 9 horas. A capital baiana do forr\u00f3 foi a cidade escolhida para receber a 159\u00aa unidade Assa\u00ed no Pa\u00eds e a 14\u00aa da bandeira no estado. Na regi\u00e3o Nordeste, a Bahia \u00e9 o estado com o maior n\u00famero de lojas da rede, que somente em 2019 j\u00e1 inaugurou outras duas unidades em territ\u00f3rio baiano, em Ilh\u00e9us e Serrinha.  <\/p>\n\n\n\n<p>Cidade polo da regi\u00e3o, Senhor do Bonfim tem cerca de 80 mil habitantes, popula\u00e7\u00e3o que chega a dobrar no S\u00e3o Jo\u00e3o. Tamb\u00e9m \u00e9 um dos munic\u00edpios do Norte do Estado que mais atra\u00edram investimentos e geraram vagas de emprego em 2019.<\/p>\n\n\n\n<p><em>\u201cEscolhemos Senhor do Bonfim para receber a nossa 159\u00aa loja por seu potencial de crescimento e papel como refer\u00eancia para cidades vizinhas. Com essa inaugura\u00e7\u00e3o, atenderemos n\u00e3o s\u00f3 bonfinenses, mas moradores de Campo Formoso, Ant\u00f4nio Gon\u00e7alves e demais munic\u00edpios da regi\u00e3o\u201d<\/em>, afirma Belmiro Gomes, presidente do Assa\u00ed Atacadista.<\/p>\n\n\n\n<p>Em prepara\u00e7\u00e3o para a abertura, a rede investiu R$ 45 milh\u00f5es e criou mais de 500 postos de trabalho, entre diretos e indiretos, gerando oportunidades de emprego e renda para a popula\u00e7\u00e3o local. <em>\u201cTemos certeza que a chegada do Assa\u00ed em Senhor do Bonfim ir\u00e1 impactar positivamente a economia da regi\u00e3o, pois comerciantes e clientes contam agora com uma nova op\u00e7\u00e3o de compra, com produtos de qualidade e pre\u00e7os competitivos todos os dias\u201d<\/em>, completa Gomes.   <\/p>\n\n\n\n<p>A unidade Assa\u00ed em Senhor do Bonfim conta com 4,7 mil m2 de sal\u00e3o de vendas, com 24 checkouts, incluindo caixas exclusivos para empresas, ar-condicionado, cafeteria, Wi-Fi, 432 vagas de estacionamento e mais de sete mil produtos, entre alimentos, bebidas, itens de higiene pessoal e limpeza, de bazar, linha automotiva e pet, al\u00e9m de descart\u00e1veis e embalagens, de grandes marcas nacionais e importadas.<\/p>\n\n\n\n<p>Outro diferencial da rede \u00e9 a pol\u00edtica de dois pre\u00e7os, que atende \u00e0s necessidades dos diferentes perfis de clientes que frequentam as lojas da bandeira. Com a pol\u00edtica, os clientes podem adquirir desde uma caixa fechada de determinado produto at\u00e9 uma \u00fanica unidade, sem deixar de aproveitar os pre\u00e7os competitivos que a marca oferece.<\/p>\n\n\n\n<p>A rede disponibiliza, ainda, o seu cart\u00e3o de cr\u00e9dito pr\u00f3prio, o Passa\u00ed, que permite a qualquer cliente pagar o pre\u00e7o de atacado, mesmo comprando uma \u00fanica unidade de um item. O benef\u00edcio \u00e9 in\u00e9dito no segmento de atacado de autosservi\u00e7o.<\/p>\n\n\n\n<p>Localizada na Rua Ot\u00e1vio Carvalho, S\/N\u00ba, no bairro Umburana, a loja funcionar\u00e1 de segunda-feira a s\u00e1bado, das 7h \u00e0s 22h, e aos domingos e feriados, das 8h \u00e0s 18h. Ser\u00e3o aceitas diferentes formas de pagamento, como cart\u00f5es de cr\u00e9dito e d\u00e9bito das principais bandeiras, dinheiro, cheque e vale-alimenta\u00e7\u00e3o.<\/p>\n\n\n\n<p class=\"has-medium-font-size\"><strong>Apoio aos pequenos e m\u00e9dios empreendedores<\/strong><\/p>\n\n\n\n<p>O Assa\u00ed Atacadista busca contribuir para o desenvolvimento das regi\u00f5es em que est\u00e1 presente. Por isso, apoia e promove a\u00e7\u00f5es com foco em microempreendedorismo. Destaque para a iniciativa Academia Assa\u00ed Bons Neg\u00f3cios (https:\/\/www.academiaassai.com.br), que oferece cursos online, gratuitos, de capacita\u00e7\u00e3o em vendas, gest\u00e3o e produ\u00e7\u00e3o, entre outros temas. <\/p>\n\n\n\n<p class=\"has-medium-font-size\"><strong>Sustentabilidade<\/strong><\/p>\n\n\n\n<p>As lojas Assa\u00ed s\u00e3o constru\u00eddas levando em considera\u00e7\u00e3o conceitos de ecoefici\u00eancia e gest\u00e3o do impacto ambiental. A unidade em Senhor do Bonfim, por exemplo, conta com ilumina\u00e7\u00e3o 100% em LED e ilhas de refrigera\u00e7\u00e3o e congelados com portas, iniciativas que proporcionam uma experi\u00eancia de compra mais agrad\u00e1vel ao mesmo tempo em que reduzem o consumo de energia el\u00e9trica. Al\u00e9m disso, possui fachada de vidro e telhas transl\u00facidas, que tamb\u00e9m garantem economia de energia. Para os clientes, a loja oferece, ainda, coletores de pilhas e baterias, que garantem o descarte adequado desses produtos, evitando a contamina\u00e7\u00e3o do solo.<\/p>\n\n\n\n<p class=\"has-medium-font-size\"><strong>Sobre o Assa\u00ed Atacadista<\/strong><\/p>\n\n\n\n<p>O Assa\u00ed Atacadista possui 159 unidades em 19 estados (AL, AM, AP, BA, CE, GO, MG, MS, MT, PA, PB, PE, PI, PR, RJ, RN, SE, SP, TO) e no Distrito Federal. Neg\u00f3cio de atacado do GPA, a rede opera com o formato Cash&amp;Carry, conhecido como atacado de autosservi\u00e7o, e est\u00e1 em plena expans\u00e3o. Em 2018, a bandeira inaugurou 18 novas unidades no Brasil e fechou o ano com vendas brutas de R$ 24,9 bilh\u00f5es, expans\u00e3o de 24,2% em rela\u00e7\u00e3o ao ano anterior.<\/p>\n","protected":false},"excerpt":{"rendered":"<p>Assessoria de Imprensa \/ Assa\u00ed Atacadista O Assa\u00ed Atacadista, rede de atacado de autosservi\u00e7o que mais cresce no Brasil, inaugura loja em Senhor do Bonfim nesta sexta-feira, 13 de dezembro, \u00e0s 9 horas. A capital baiana do forr\u00f3 foi a cidade escolhida para receber a 159\u00aa unidade Assa\u00ed no Pa\u00eds e a 14\u00aa da bandeira [&hellip;]<\/p>\n","protected":false},"author":2,"featured_media":0,"comment_status":"open","ping_status":"open","sticky":false,"template":"","format":"standard","meta":{"_acf_changed":false,"_monsterinsights_skip_tracking":false,"_monsterinsights_sitenote_active":false,"_monsterinsights_sitenote_note":"","_monsterinsights_sitenote_category":0,"_jetpack_memberships_contains_paid_content":false,"footnotes":"","jetpack_publicize_message":"","jetpack_publicize_feature_enabled":true,"jetpack_social_post_already_shared":true,"jetpack_social_options":{"image_generator_settings":{"template":"highway","default_image_id":0,"font":"","enabled":false},"version":2}},"categories":[1,4],"tags":[],"class_list":["post-39547","post","type-post","status-publish","format-standard","hentry","category-noticias","category-local"],"acf":[],"jetpack_publicize_connections":[],"jetpack_featured_media_url":"","jetpack_sharing_enabled":true,"publishpress_future_workflow_manual_trigger":{"enabledWorkflows":[]},"_links":{"self":[{"href":"https:\/\/blogdoeloiltoncajuhy.com.br\/site\/wp-json\/wp\/v2\/posts\/39547","targetHints":{"allow":["GET"]}}],"collection":[{"href":"https:\/\/blogdoeloiltoncajuhy.com.br\/site\/wp-json\/wp\/v2\/posts"}],"about":[{"href":"https:\/\/blogdoeloiltoncajuhy.com.br\/site\/wp-json\/wp\/v2\/types\/post"}],"author":[{"embeddable":true,"href":"https:\/\/blogdoeloiltoncajuhy.com.br\/site\/wp-json\/wp\/v2\/users\/2"}],"replies":[{"embeddable":true,"href":"https:\/\/blogdoeloiltoncajuhy.com.br\/site\/wp-json\/wp\/v2\/comments?post=39547"}],"version-history":[{"count":1,"href":"https:\/\/blogdoeloiltoncajuhy.com.br\/site\/wp-json\/wp\/v2\/posts\/39547\/revisions"}],"predecessor-version":[{"id":39548,"href":"https:\/\/blogdoeloiltoncajuhy.com.br\/site\/wp-json\/wp\/v2\/posts\/39547\/revisions\/39548"}],"wp:attachment":[{"href":"https:\/\/blogdoeloiltoncajuhy.com.br\/site\/wp-json\/wp\/v2\/media?parent=39547"}],"wp:term":[{"taxonomy":"category","embeddable":true,"href":"https:\/\/blogdoeloiltoncajuhy.com.br\/site\/wp-json\/wp\/v2\/categories?post=39547"},{"taxonomy":"post_tag","embeddable":true,"href":"https:\/\/blogdoeloiltoncajuhy.com.br\/site\/wp-json\/wp\/v2\/tags?post=39547"}],"curies":[{"name":"wp","href":"https:\/\/api.w.org\/{rel}","templated":true}]}}