{"id":39542,"date":"2019-12-12T10:56:45","date_gmt":"2019-12-12T13:56:45","guid":{"rendered":"http:\/\/blogdoeloiltoncajuhy.com.br\/site\/?p=39542"},"modified":"2019-12-12T10:56:50","modified_gmt":"2019-12-12T13:56:50","slug":"camara-municipal-de-senhor-do-bonfim-divulga-pauta-da-sessao-ordinaria-dessa-quinta-feira-12","status":"publish","type":"post","link":"https:\/\/blogdoeloiltoncajuhy.com.br\/site\/camara-municipal-de-senhor-do-bonfim-divulga-pauta-da-sessao-ordinaria-dessa-quinta-feira-12\/","title":{"rendered":"C\u00e2mara Municipal de Senhor do Bonfim divulga pauta da sess\u00e3o ordin\u00e1ria dessa quinta-feira (12)"},"content":{"rendered":"\n<p><strong>ASCOM &#8211; C\u00e2mara Municipal de Senhor do Bonfim-BA<\/strong><\/p>\n\n\n\n<div class=\"wp-block-image\"><figure class=\"aligncenter size-large\"><img data-recalc-dims=\"1\" fetchpriority=\"high\" decoding=\"async\" width=\"800\" height=\"533\" src=\"https:\/\/i0.wp.com\/blogdoeloiltoncajuhy.com.br\/site\/wp-content\/uploads\/2019\/02\/C%C3%A2mara-Municipal-de-Senhor-do-Bonfim-0912.jpg?resize=800%2C533\" alt=\"\" class=\"wp-image-31832\" srcset=\"https:\/\/i0.wp.com\/blogdoeloiltoncajuhy.com.br\/site\/wp-content\/uploads\/2019\/02\/C%C3%A2mara-Municipal-de-Senhor-do-Bonfim-0912.jpg?resize=1024%2C682&amp;ssl=1 1024w, https:\/\/i0.wp.com\/blogdoeloiltoncajuhy.com.br\/site\/wp-content\/uploads\/2019\/02\/C%C3%A2mara-Municipal-de-Senhor-do-Bonfim-0912.jpg?resize=300%2C200&amp;ssl=1 300w, https:\/\/i0.wp.com\/blogdoeloiltoncajuhy.com.br\/site\/wp-content\/uploads\/2019\/02\/C%C3%A2mara-Municipal-de-Senhor-do-Bonfim-0912.jpg?resize=768%2C512&amp;ssl=1 768w, https:\/\/i0.wp.com\/blogdoeloiltoncajuhy.com.br\/site\/wp-content\/uploads\/2019\/02\/C%C3%A2mara-Municipal-de-Senhor-do-Bonfim-0912.jpg?resize=250%2C167&amp;ssl=1 250w, https:\/\/i0.wp.com\/blogdoeloiltoncajuhy.com.br\/site\/wp-content\/uploads\/2019\/02\/C%C3%A2mara-Municipal-de-Senhor-do-Bonfim-0912.jpg?w=1280&amp;ssl=1 1280w\" sizes=\"(max-width: 800px) 100vw, 800px\" \/><\/figure><\/div>\n\n\n\n<p>Ser\u00e1 realizada nesta quinta-feira, 12 de dezembro, mais uma sess\u00e3o ordin\u00e1ria da C\u00e2mara Municipal de Senhor do Bonfim. A sess\u00e3o tamb\u00e9m ser\u00e1 transmitida pela internet a partir das 19h. <\/p>\n\n\n\n<p class=\"has-medium-font-size\"><strong>DURANTE O EXPEDIENTE SER\u00c3O LIDAS AS MAT\u00c9RIAS:<\/strong><\/p>\n\n\n\n<ul class=\"wp-block-list\"><li>PARECER da Comiss\u00e3o de Legisla\u00e7\u00e3o, Justi\u00e7a, Postura e Reda\u00e7\u00e3o Final, ao Projeto de Lei do Executivo N\u00ba 015\/2019;<\/li><\/ul>\n\n\n\n<ul class=\"wp-block-list\"><li>PARECER da Comiss\u00e3o de Finan\u00e7as, Or\u00e7amento, Fiscaliza\u00e7\u00e3o Financeira e Or\u00e7ament\u00e1ria, ao Projeto de Lei do Executivo N\u00ba 015\/2019;<\/li><\/ul>\n\n\n\n<ul class=\"wp-block-list\"><li>PROPOSTA DE EMENDA DE DESTAQUE \u00c0 LOA 2020 N\u00ba 1 \u00e0 16, de autoria do vereador Reinaldo Ferreira Santana;<\/li><\/ul>\n\n\n\n<ul class=\"wp-block-list\"><li>PROPOSTA DE EMENDA DE DESTAQUE \u00c0 LOA 2020 N\u00ba 1 \u00e0 21, de autoria da vereadora L\u00facia Cristina Souza Cerqueira;<\/li><\/ul>\n\n\n\n<ul class=\"wp-block-list\"><li>PROPOSTA DE EMENDA DE DESTAQUE \u00c0 LOA 2020 N\u00ba 1 \u00e0 20, de autoria do vereador Jo\u00e3o Carlos de Castro;<\/li><\/ul>\n\n\n\n<ul class=\"wp-block-list\"><li>PROPOSTA DE EMENDA DE DESTAQUE \u00c0 LOA 2020 N\u00ba 1, de autoria do vereador Cleiton Vieira Pinto;<\/li><\/ul>\n\n\n\n<ul class=\"wp-block-list\"><li>PROPOSTA DE EMENDA DE DESTAQUE \u00c0 LOA 2020 N\u00ba 1, de autoria do vereador Ot\u00e1vio Xisto de Souza J\u00fanior;<\/li><\/ul>\n\n\n\n<ul class=\"wp-block-list\"><li>PROPOSTA DE EMENDA DE DESTAQUE \u00c0 LOA 2020 N\u00ba 1 \u00e0 4, de autoria do vereador Andreilto de Almeida Barbosa;<\/li><\/ul>\n\n\n\n<ul class=\"wp-block-list\"><li>PROPOSTA DE EMENDA DE DESTAQUE \u00c0 LOA 2020 N\u00ba 1 \u00e0 11, de autoria do vereador Gerivaldo Ribeiro Sampaio;<\/li><\/ul>\n\n\n\n<ul class=\"wp-block-list\"><li>PROPOSTA DE EMENDA DE DESTAQUE \u00c0 LOA 2020 N\u00ba 1 \u00e0 31, de autoria do vereador Herm\u00f3genes Gomes de Almeida;<\/li><\/ul>\n\n\n\n<ul class=\"wp-block-list\"><li>BALAN\u00c7O DE MEDICAMENTOS, oriundo da Secretaria Municipal de Sa\u00fade, posi\u00e7\u00e3o de estoque em 02\/12\/201<\/li><\/ul>\n\n\n\n<p class=\"has-medium-font-size\"><strong>ORDEM DO DO DIA:<\/strong><\/p>\n\n\n\n<ul class=\"wp-block-list\"><li>PARECER da Comiss\u00e3o de Legisla\u00e7\u00e3o, Justi\u00e7a, Postura e Reda\u00e7\u00e3o Final, ao Projeto de Lei do Executivo N\u00ba 015\/2019;<\/li><\/ul>\n\n\n\n<ul class=\"wp-block-list\"><li>PARECER da Comiss\u00e3o de Finan\u00e7as, Or\u00e7amento, Fiscaliza\u00e7\u00e3o Financeira e Or\u00e7ament\u00e1ria, ao Projeto de Lei do Executivo N\u00ba 015\/2019;<\/li><\/ul>\n\n\n\n<ul class=\"wp-block-list\"><li>PROPOSTA DE EMENDA DE DESTAQUE \u00c0 LOA 2020 N\u00ba 1 \u00e0 16, de autoria do vereador Reinaldo Ferreira Santana;<\/li><\/ul>\n\n\n\n<ul class=\"wp-block-list\"><li>PROPOSTA DE EMENDA DE DESTAQUE \u00c0 LOA 2020 N\u00ba 1 \u00e0 21, de autoria da vereadora L\u00facia Cristina Souza Cerqueira;<\/li><\/ul>\n\n\n\n<ul class=\"wp-block-list\"><li>PROPOSTA DE EMENDA DE DESTAQUE \u00c0 LOA 2020 N\u00ba 1 \u00e0 20, de autoria do vereador Jo\u00e3o Carlos de Castro;<\/li><\/ul>\n\n\n\n<ul class=\"wp-block-list\"><li>PROPOSTA DE EMENDA DE DESTAQUE \u00c0 LOA 2020 N\u00ba 1, de autoria do vereador Cleiton Vieira Pinto;<\/li><\/ul>\n\n\n\n<ul class=\"wp-block-list\"><li>PROPOSTA DE EMENDA DE DESTAQUE \u00c0 LOA 2020 N\u00ba 1, de autoria do vereador Ot\u00e1vio Xisto de Souza J\u00fanior;<\/li><\/ul>\n\n\n\n<ul class=\"wp-block-list\"><li>PROPOSTA DE EMENDA DE DESTAQUE \u00c0 LOA 2020 N\u00ba 1 \u00e0 4, de autoria do vereador Andreilto de Almeida Barbosa;<\/li><\/ul>\n\n\n\n<ul class=\"wp-block-list\"><li>PROPOSTA DE EMENDA DE DESTAQUE \u00c0 LOA 2020 N\u00ba 1 \u00e0 11, de autoria do vereador Gerivaldo Ribeiro Sampaio;<\/li><\/ul>\n\n\n\n<ul class=\"wp-block-list\"><li>PROPOSTA DE EMENDA DE DESTAQUE \u00c0 LOA 2020 N\u00ba 1 \u00e0 31, de autoria do vereador Herm\u00f3genes Gomes de Almeida;<\/li><\/ul>\n\n\n\n<ul class=\"wp-block-list\"><li>PROJETO DE LEI DO EXECUTIVO N\u00ba 015\/2019, que \u201cestima a receita e fixa a despesa do or\u00e7amento anual do Munic\u00edpio de Senhor do Bonfim, para o exerc\u00edcio de 2020 e d\u00e1 outras provid\u00eancias\u201d.<\/li><\/ul>\n","protected":false},"excerpt":{"rendered":"<p>ASCOM &#8211; C\u00e2mara Municipal de Senhor do Bonfim-BA Ser\u00e1 realizada nesta quinta-feira, 12 de dezembro, mais uma sess\u00e3o ordin\u00e1ria da C\u00e2mara Municipal de Senhor do Bonfim. A sess\u00e3o tamb\u00e9m ser\u00e1 transmitida pela internet a partir das 19h. DURANTE O EXPEDIENTE SER\u00c3O LIDAS AS MAT\u00c9RIAS: PARECER da Comiss\u00e3o de Legisla\u00e7\u00e3o, Justi\u00e7a, Postura e Reda\u00e7\u00e3o Final, ao [&hellip;]<\/p>\n","protected":false},"author":2,"featured_media":0,"comment_status":"open","ping_status":"open","sticky":false,"template":"","format":"standard","meta":{"_acf_changed":false,"_monsterinsights_skip_tracking":false,"_monsterinsights_sitenote_active":false,"_monsterinsights_sitenote_note":"","_monsterinsights_sitenote_category":0,"_jetpack_memberships_contains_paid_content":false,"footnotes":"","jetpack_publicize_message":"","jetpack_publicize_feature_enabled":true,"jetpack_social_post_already_shared":true,"jetpack_social_options":{"image_generator_settings":{"template":"highway","default_image_id":0,"font":"","enabled":false},"version":2}},"categories":[1,3,4],"tags":[],"class_list":["post-39542","post","type-post","status-publish","format-standard","hentry","category-noticias","category-politica","category-local"],"acf":[],"jetpack_publicize_connections":[],"jetpack_featured_media_url":"","jetpack_sharing_enabled":true,"publishpress_future_workflow_manual_trigger":{"enabledWorkflows":[]},"_links":{"self":[{"href":"https:\/\/blogdoeloiltoncajuhy.com.br\/site\/wp-json\/wp\/v2\/posts\/39542","targetHints":{"allow":["GET"]}}],"collection":[{"href":"https:\/\/blogdoeloiltoncajuhy.com.br\/site\/wp-json\/wp\/v2\/posts"}],"about":[{"href":"https:\/\/blogdoeloiltoncajuhy.com.br\/site\/wp-json\/wp\/v2\/types\/post"}],"author":[{"embeddable":true,"href":"https:\/\/blogdoeloiltoncajuhy.com.br\/site\/wp-json\/wp\/v2\/users\/2"}],"replies":[{"embeddable":true,"href":"https:\/\/blogdoeloiltoncajuhy.com.br\/site\/wp-json\/wp\/v2\/comments?post=39542"}],"version-history":[{"count":1,"href":"https:\/\/blogdoeloiltoncajuhy.com.br\/site\/wp-json\/wp\/v2\/posts\/39542\/revisions"}],"predecessor-version":[{"id":39543,"href":"https:\/\/blogdoeloiltoncajuhy.com.br\/site\/wp-json\/wp\/v2\/posts\/39542\/revisions\/39543"}],"wp:attachment":[{"href":"https:\/\/blogdoeloiltoncajuhy.com.br\/site\/wp-json\/wp\/v2\/media?parent=39542"}],"wp:term":[{"taxonomy":"category","embeddable":true,"href":"https:\/\/blogdoeloiltoncajuhy.com.br\/site\/wp-json\/wp\/v2\/categories?post=39542"},{"taxonomy":"post_tag","embeddable":true,"href":"https:\/\/blogdoeloiltoncajuhy.com.br\/site\/wp-json\/wp\/v2\/tags?post=39542"}],"curies":[{"name":"wp","href":"https:\/\/api.w.org\/{rel}","templated":true}]}}