{"id":39539,"date":"2019-12-12T07:31:27","date_gmt":"2019-12-12T10:31:27","guid":{"rendered":"http:\/\/blogdoeloiltoncajuhy.com.br\/site\/?p=39539"},"modified":"2019-12-12T07:31:33","modified_gmt":"2019-12-12T10:31:33","slug":"prefeitura-de-jaguarari-garante-perfuracao-de-pocos-artesianos-em-varzea-das-pedras-e-malhada-da-areia","status":"publish","type":"post","link":"https:\/\/blogdoeloiltoncajuhy.com.br\/site\/prefeitura-de-jaguarari-garante-perfuracao-de-pocos-artesianos-em-varzea-das-pedras-e-malhada-da-areia\/","title":{"rendered":"Prefeitura de Jaguarari garante perfura\u00e7\u00e3o de po\u00e7os artesianos em V\u00e1rzea das Pedras e Malhada da Areia"},"content":{"rendered":"\n<p><strong>ASCOM \u2013 Prefeitura de Jaguarari-BA<\/strong><\/p>\n\n\n\n<div class=\"wp-block-image\"><figure class=\"aligncenter size-large is-resized\"><img fetchpriority=\"high\" decoding=\"async\" src=\"https:\/\/i0.wp.com\/blogdoeloiltoncajuhy.com.br\/site\/wp-content\/uploads\/2019\/12\/PMJ_Po\u00e7osArtesianos_9276.jpg?fit=590%2C393\" alt=\"\" class=\"wp-image-39540\" width=\"509\" height=\"339\" srcset=\"https:\/\/i0.wp.com\/blogdoeloiltoncajuhy.com.br\/site\/wp-content\/uploads\/2019\/12\/PMJ_Po%C3%A7osArtesianos_9276.jpg?w=1280&amp;ssl=1 1280w, https:\/\/i0.wp.com\/blogdoeloiltoncajuhy.com.br\/site\/wp-content\/uploads\/2019\/12\/PMJ_Po%C3%A7osArtesianos_9276.jpg?resize=300%2C200&amp;ssl=1 300w, https:\/\/i0.wp.com\/blogdoeloiltoncajuhy.com.br\/site\/wp-content\/uploads\/2019\/12\/PMJ_Po%C3%A7osArtesianos_9276.jpg?resize=1024%2C682&amp;ssl=1 1024w, https:\/\/i0.wp.com\/blogdoeloiltoncajuhy.com.br\/site\/wp-content\/uploads\/2019\/12\/PMJ_Po%C3%A7osArtesianos_9276.jpg?resize=768%2C512&amp;ssl=1 768w, https:\/\/i0.wp.com\/blogdoeloiltoncajuhy.com.br\/site\/wp-content\/uploads\/2019\/12\/PMJ_Po%C3%A7osArtesianos_9276.jpg?resize=250%2C167&amp;ssl=1 250w\" sizes=\"(max-width: 509px) 100vw, 509px\" \/><\/figure><\/div>\n\n\n\n<p>Na \u00faltima segunda-feira (09), o prefeito de Jaguarari, Everton Rocha, acompanhado por seus secret\u00e1rios de governo e do vereador Dourival Borges, participou de uma importante reuni\u00e3o na sede da Associa\u00e7\u00e3o de Moradores de Malhada de Areia e V\u00e1rzea das Pedras. Durante o encontro, o gestor informou aos moradores que j\u00e1 havia autorizado a perfura\u00e7\u00e3o de um po\u00e7o artesiano pra cada localidade, al\u00e9m do inicio da limpeza das aguardas p\u00fablicas.<\/p>\n\n\n\n<p><em>&#8220;Essas a\u00e7\u00f5es que estamos realizando aqui nestas comunidades contam com o apoio do deputado federal Adolfo Viana que atendeu a nossa solicita\u00e7\u00e3o, pois entende a grande necessidade do homem do campo nesse momento de estiagem em nosso munic\u00edpio. Ontem realizamos a perfura\u00e7\u00e3o de um po\u00e7o artesiano na localidade de Lagedo e hoje conclu\u00edmos a perfura\u00e7\u00e3o do po\u00e7o artesiano em V\u00e1rzea das Pedras e amanha iniciaremos a da localidade de Malhada da Areia&#8221;<\/em>, falou o gestor.<\/p>\n\n\n\n<p>Na ter\u00e7a-feira (11), mais um po\u00e7o artesiano foi perfurado, desta vez na localidade de Macambira. O vereador Regis do Joel esteve no local acompanhando o trabalho.<\/p>\n\n\n\n<p>A prefeitura de Jaguarari seguir\u00e1 seu cronograma de perfura\u00e7\u00f5es de po\u00e7os artesianos buscando amenizar os efeitos da estiagem, garantindo o abastecimento por todo o munic\u00edpio, seja pela \u00e1gua de po\u00e7os artesianos ou abastecimento por caminh\u00e3o pipa.<\/p>\n\n\n\n<p><em>\u201cFaremos o poss\u00edvel para levar \u00e1gua a todos que precisam. O prefeito est\u00e1 buscando junto ao deputado federal Adolfo Viana ampliar ainda mais as a\u00e7\u00f5es no abastecimento de \u00e1gua em nosso munic\u00edpio&#8221;<\/em>, destacou a secret\u00e1ria de Agricultura, Luciana Souza.<\/p>\n","protected":false},"excerpt":{"rendered":"<p>ASCOM \u2013 Prefeitura de Jaguarari-BA Na \u00faltima segunda-feira (09), o prefeito de Jaguarari, Everton Rocha, acompanhado por seus secret\u00e1rios de governo e do vereador Dourival Borges, participou de uma importante reuni\u00e3o na sede da Associa\u00e7\u00e3o de Moradores de Malhada de Areia e V\u00e1rzea das Pedras. Durante o encontro, o gestor informou aos moradores que j\u00e1 [&hellip;]<\/p>\n","protected":false},"author":2,"featured_media":39540,"comment_status":"open","ping_status":"open","sticky":false,"template":"","format":"standard","meta":{"_acf_changed":false,"_monsterinsights_skip_tracking":false,"_monsterinsights_sitenote_active":false,"_monsterinsights_sitenote_note":"","_monsterinsights_sitenote_category":0,"_jetpack_memberships_contains_paid_content":false,"footnotes":"","jetpack_publicize_message":"","jetpack_publicize_feature_enabled":true,"jetpack_social_post_already_shared":true,"jetpack_social_options":{"image_generator_settings":{"template":"highway","default_image_id":0,"font":"","enabled":false},"version":2}},"categories":[1,3,11],"tags":[],"class_list":["post-39539","post","type-post","status-publish","format-standard","has-post-thumbnail","hentry","category-noticias","category-politica","category-regional"],"acf":[],"jetpack_publicize_connections":[],"jetpack_featured_media_url":"https:\/\/i0.wp.com\/blogdoeloiltoncajuhy.com.br\/site\/wp-content\/uploads\/2019\/12\/PMJ_Po%C3%A7osArtesianos_9276.jpg?fit=1280%2C853&ssl=1","jetpack_sharing_enabled":true,"publishpress_future_workflow_manual_trigger":{"enabledWorkflows":[]},"_links":{"self":[{"href":"https:\/\/blogdoeloiltoncajuhy.com.br\/site\/wp-json\/wp\/v2\/posts\/39539","targetHints":{"allow":["GET"]}}],"collection":[{"href":"https:\/\/blogdoeloiltoncajuhy.com.br\/site\/wp-json\/wp\/v2\/posts"}],"about":[{"href":"https:\/\/blogdoeloiltoncajuhy.com.br\/site\/wp-json\/wp\/v2\/types\/post"}],"author":[{"embeddable":true,"href":"https:\/\/blogdoeloiltoncajuhy.com.br\/site\/wp-json\/wp\/v2\/users\/2"}],"replies":[{"embeddable":true,"href":"https:\/\/blogdoeloiltoncajuhy.com.br\/site\/wp-json\/wp\/v2\/comments?post=39539"}],"version-history":[{"count":1,"href":"https:\/\/blogdoeloiltoncajuhy.com.br\/site\/wp-json\/wp\/v2\/posts\/39539\/revisions"}],"predecessor-version":[{"id":39541,"href":"https:\/\/blogdoeloiltoncajuhy.com.br\/site\/wp-json\/wp\/v2\/posts\/39539\/revisions\/39541"}],"wp:featuredmedia":[{"embeddable":true,"href":"https:\/\/blogdoeloiltoncajuhy.com.br\/site\/wp-json\/wp\/v2\/media\/39540"}],"wp:attachment":[{"href":"https:\/\/blogdoeloiltoncajuhy.com.br\/site\/wp-json\/wp\/v2\/media?parent=39539"}],"wp:term":[{"taxonomy":"category","embeddable":true,"href":"https:\/\/blogdoeloiltoncajuhy.com.br\/site\/wp-json\/wp\/v2\/categories?post=39539"},{"taxonomy":"post_tag","embeddable":true,"href":"https:\/\/blogdoeloiltoncajuhy.com.br\/site\/wp-json\/wp\/v2\/tags?post=39539"}],"curies":[{"name":"wp","href":"https:\/\/api.w.org\/{rel}","templated":true}]}}