{"id":39537,"date":"2019-12-12T07:23:45","date_gmt":"2019-12-12T10:23:45","guid":{"rendered":"http:\/\/blogdoeloiltoncajuhy.com.br\/site\/?p=39537"},"modified":"2019-12-12T07:23:51","modified_gmt":"2019-12-12T10:23:51","slug":"justica-determina-que-prf-volte-a-usar-radares-moveis-em-rodovias","status":"publish","type":"post","link":"https:\/\/blogdoeloiltoncajuhy.com.br\/site\/justica-determina-que-prf-volte-a-usar-radares-moveis-em-rodovias\/","title":{"rendered":"Justi\u00e7a determina que PRF volte a usar radares m\u00f3veis em rodovias"},"content":{"rendered":"\n<p><strong>Ag\u00eancia Brasil<\/strong><\/p>\n\n\n\n<div class=\"wp-block-image\"><figure class=\"aligncenter size-large\"><img data-recalc-dims=\"1\" fetchpriority=\"high\" decoding=\"async\" width=\"300\" height=\"400\" src=\"https:\/\/i0.wp.com\/blogdoeloiltoncajuhy.com.br\/site\/wp-content\/uploads\/2017\/02\/radares-2.jpg?resize=300%2C400\" alt=\"\" class=\"wp-image-15190\" srcset=\"https:\/\/i0.wp.com\/blogdoeloiltoncajuhy.com.br\/site\/wp-content\/uploads\/2017\/02\/radares-2.jpg?w=300&amp;ssl=1 300w, https:\/\/i0.wp.com\/blogdoeloiltoncajuhy.com.br\/site\/wp-content\/uploads\/2017\/02\/radares-2.jpg?resize=225%2C300&amp;ssl=1 225w, https:\/\/i0.wp.com\/blogdoeloiltoncajuhy.com.br\/site\/wp-content\/uploads\/2017\/02\/radares-2.jpg?resize=188%2C250&amp;ssl=1 188w\" sizes=\"(max-width: 300px) 100vw, 300px\" \/><\/figure><\/div>\n\n\n\n<p>A Justi\u00e7a Federal em Bras\u00edlia decidiu nesta quarta-feira (11) revogar a determina\u00e7\u00e3o de que a Pol\u00edcia Rodovi\u00e1ria Federal (PRF) suspenda a utiliza\u00e7\u00e3o de radares m\u00f3veis nas rodovias do pa\u00eds. O uso de medidores de velocidade m\u00f3veis e port\u00e1teis est\u00e1 suspenso desde agosto.<\/p>\n\n\n\n<p>Na decis\u00e3o, o juiz Marcelo Gentil Monteiro, da 1\u00aa Vara Federal C\u00edvel, atendeu a um pedido liminar feito pelo Minist\u00e9rio P\u00fablico Federal (MPF) e entendeu que a falta dos radares pode causar danos \u00e0 sociedade.<\/p>\n\n\n\n<p><em>&#8220;A urg\u00eancia \u00e9 patente, ante o risco de aumento do n\u00famero de acidentes e mortes no tr\u00e2nsito em decorr\u00eancia da deliberada n\u00e3o utiliza\u00e7\u00e3o de instrumentos escolhidos, pelos \u00f3rg\u00e3os t\u00e9cnicos envolvidos e de acordo com as regras do Sistema Nacional de Tr\u00e2nsito, como necess\u00e1rios \u00e0 fiscaliza\u00e7\u00e3o vi\u00e1ria&#8221;<\/em>, decidiu o juiz. <\/p>\n\n\n\n<p>Em agosto, a determina\u00e7\u00e3o foi cumprida pela PRF ap\u00f3s a publica\u00e7\u00e3o de um despacho do presidente Jair Bolsonaro. Na ocasi\u00e3o, foram revogados atos administrativos sobre a atividade de fiscaliza\u00e7\u00e3o eletr\u00f4nica de velocidade em rodovias e estradas federais.   <\/p>\n\n\n\n<p>Cabe recurso ao Tribunal Regional Federal da 1\u00aa Regi\u00e3o (TRF1), sediado em Bras\u00edlia.<\/p>\n","protected":false},"excerpt":{"rendered":"<p>Ag\u00eancia Brasil A Justi\u00e7a Federal em Bras\u00edlia decidiu nesta quarta-feira (11) revogar a determina\u00e7\u00e3o de que a Pol\u00edcia Rodovi\u00e1ria Federal (PRF) suspenda a utiliza\u00e7\u00e3o de radares m\u00f3veis nas rodovias do pa\u00eds. O uso de medidores de velocidade m\u00f3veis e port\u00e1teis est\u00e1 suspenso desde agosto. Na decis\u00e3o, o juiz Marcelo Gentil Monteiro, da 1\u00aa Vara Federal [&hellip;]<\/p>\n","protected":false},"author":2,"featured_media":0,"comment_status":"open","ping_status":"open","sticky":false,"template":"","format":"standard","meta":{"_acf_changed":false,"_monsterinsights_skip_tracking":false,"_monsterinsights_sitenote_active":false,"_monsterinsights_sitenote_note":"","_monsterinsights_sitenote_category":0,"_jetpack_memberships_contains_paid_content":false,"footnotes":"","jetpack_publicize_message":"","jetpack_publicize_feature_enabled":true,"jetpack_social_post_already_shared":true,"jetpack_social_options":{"image_generator_settings":{"template":"highway","default_image_id":0,"font":"","enabled":false},"version":2}},"categories":[5,1],"tags":[],"class_list":["post-39537","post","type-post","status-publish","format-standard","hentry","category-cotidiano","category-noticias"],"acf":[],"jetpack_publicize_connections":[],"jetpack_featured_media_url":"","jetpack_sharing_enabled":true,"publishpress_future_workflow_manual_trigger":{"enabledWorkflows":[]},"_links":{"self":[{"href":"https:\/\/blogdoeloiltoncajuhy.com.br\/site\/wp-json\/wp\/v2\/posts\/39537","targetHints":{"allow":["GET"]}}],"collection":[{"href":"https:\/\/blogdoeloiltoncajuhy.com.br\/site\/wp-json\/wp\/v2\/posts"}],"about":[{"href":"https:\/\/blogdoeloiltoncajuhy.com.br\/site\/wp-json\/wp\/v2\/types\/post"}],"author":[{"embeddable":true,"href":"https:\/\/blogdoeloiltoncajuhy.com.br\/site\/wp-json\/wp\/v2\/users\/2"}],"replies":[{"embeddable":true,"href":"https:\/\/blogdoeloiltoncajuhy.com.br\/site\/wp-json\/wp\/v2\/comments?post=39537"}],"version-history":[{"count":1,"href":"https:\/\/blogdoeloiltoncajuhy.com.br\/site\/wp-json\/wp\/v2\/posts\/39537\/revisions"}],"predecessor-version":[{"id":39538,"href":"https:\/\/blogdoeloiltoncajuhy.com.br\/site\/wp-json\/wp\/v2\/posts\/39537\/revisions\/39538"}],"wp:attachment":[{"href":"https:\/\/blogdoeloiltoncajuhy.com.br\/site\/wp-json\/wp\/v2\/media?parent=39537"}],"wp:term":[{"taxonomy":"category","embeddable":true,"href":"https:\/\/blogdoeloiltoncajuhy.com.br\/site\/wp-json\/wp\/v2\/categories?post=39537"},{"taxonomy":"post_tag","embeddable":true,"href":"https:\/\/blogdoeloiltoncajuhy.com.br\/site\/wp-json\/wp\/v2\/tags?post=39537"}],"curies":[{"name":"wp","href":"https:\/\/api.w.org\/{rel}","templated":true}]}}