{"id":39534,"date":"2019-12-12T07:05:27","date_gmt":"2019-12-12T10:05:27","guid":{"rendered":"http:\/\/blogdoeloiltoncajuhy.com.br\/site\/?p=39534"},"modified":"2019-12-12T07:05:33","modified_gmt":"2019-12-12T10:05:33","slug":"senhor-do-bonfim-realizara-primeira-festa-literaria","status":"publish","type":"post","link":"https:\/\/blogdoeloiltoncajuhy.com.br\/site\/senhor-do-bonfim-realizara-primeira-festa-literaria\/","title":{"rendered":"Senhor do Bonfim realizar\u00e1 primeira festa liter\u00e1ria"},"content":{"rendered":"\n<div class=\"wp-block-image\"><figure class=\"aligncenter size-large is-resized\"><img data-recalc-dims=\"1\" fetchpriority=\"high\" decoding=\"async\" src=\"https:\/\/i0.wp.com\/blogdoeloiltoncajuhy.com.br\/site\/wp-content\/uploads\/2019\/12\/Flisbon_01.png?resize=480%2C480\" alt=\"\" class=\"wp-image-39535\" width=\"480\" height=\"480\" srcset=\"https:\/\/i0.wp.com\/blogdoeloiltoncajuhy.com.br\/site\/wp-content\/uploads\/2019\/12\/Flisbon_01.png?w=960&amp;ssl=1 960w, https:\/\/i0.wp.com\/blogdoeloiltoncajuhy.com.br\/site\/wp-content\/uploads\/2019\/12\/Flisbon_01.png?resize=300%2C300&amp;ssl=1 300w, https:\/\/i0.wp.com\/blogdoeloiltoncajuhy.com.br\/site\/wp-content\/uploads\/2019\/12\/Flisbon_01.png?resize=150%2C150&amp;ssl=1 150w, https:\/\/i0.wp.com\/blogdoeloiltoncajuhy.com.br\/site\/wp-content\/uploads\/2019\/12\/Flisbon_01.png?resize=768%2C768&amp;ssl=1 768w, https:\/\/i0.wp.com\/blogdoeloiltoncajuhy.com.br\/site\/wp-content\/uploads\/2019\/12\/Flisbon_01.png?resize=250%2C250&amp;ssl=1 250w, https:\/\/i0.wp.com\/blogdoeloiltoncajuhy.com.br\/site\/wp-content\/uploads\/2019\/12\/Flisbon_01.png?resize=48%2C48&amp;ssl=1 48w\" sizes=\"(max-width: 480px) 100vw, 480px\" \/><\/figure><\/div>\n\n\n\n<p>Mantendo as tradi\u00e7\u00f5es da cidade em realizar grandes eventos culturais como o S\u00e3o Jo\u00e3o, Senhor do Bonfim sediar\u00e1 a primeira edi\u00e7\u00e3o de sua Festa Liter\u00e1ria, a FLISBOM, que acontecer\u00e1 entre os dias 19 e 21 de dezembro, na Pra\u00e7a Nova do Congresso.<\/p>\n\n\n\n<p>Organizada pela Prefeitura Municipal, atrav\u00e9s da Secretaria de Educa\u00e7\u00e3o e do projeto Ler, Produzir e Interpretar \u2013 LEPI, a FLISBOM trar\u00e1 como tem\u00e1tica a literatura negra na Bahia, tendo como homenageado o intelectual e escritor bonfinense, Ant\u00f4nio Vieira.<\/p>\n\n\n\n<p>Al\u00e9m de v\u00e1rias atividades liter\u00e1rias, a festa contar\u00e1 com mesas tem\u00e1ticas, comercializa\u00e7\u00e3o de livros, apresenta\u00e7\u00f5es teatrais e musicais, exposi\u00e7\u00f5es de arte, saraus po\u00e9ticos e espa\u00e7o gastron\u00f4mico, que prometem fomentar a cultura e a economia do munic\u00edpio.<\/p>\n\n\n\n<p><strong>Evento:<\/strong> Festa Liter\u00e1ria de Senhor do Bonfim \u2013 FLISBOM<br><strong>Per\u00edodo:<\/strong> 19 a 21 de dezembro de 2019<br><strong>Local:<\/strong> Pra\u00e7a Nova do Congresso \u2013 Senhor do Bonfim \u2013 BA<\/p>\n\n\n\n<p><strong>Contato:<\/strong><br>Cristiane Maia (74.99115.2928)<br>Secretaria de Educa\u00e7\u00e3o<\/p>\n","protected":false},"excerpt":{"rendered":"<p>Mantendo as tradi\u00e7\u00f5es da cidade em realizar grandes eventos culturais como o S\u00e3o Jo\u00e3o, Senhor do Bonfim sediar\u00e1 a primeira edi\u00e7\u00e3o de sua Festa Liter\u00e1ria, a FLISBOM, que acontecer\u00e1 entre os dias 19 e 21 de dezembro, na Pra\u00e7a Nova do Congresso. Organizada pela Prefeitura Municipal, atrav\u00e9s da Secretaria de Educa\u00e7\u00e3o e do projeto Ler, [&hellip;]<\/p>\n","protected":false},"author":2,"featured_media":39535,"comment_status":"open","ping_status":"open","sticky":false,"template":"","format":"standard","meta":{"_acf_changed":false,"_monsterinsights_skip_tracking":false,"_monsterinsights_sitenote_active":false,"_monsterinsights_sitenote_note":"","_monsterinsights_sitenote_category":0,"_jetpack_memberships_contains_paid_content":false,"footnotes":"","jetpack_publicize_message":"","jetpack_publicize_feature_enabled":true,"jetpack_social_post_already_shared":true,"jetpack_social_options":{"image_generator_settings":{"template":"highway","default_image_id":0,"font":"","enabled":false},"version":2}},"categories":[8,1,4],"tags":[],"class_list":["post-39534","post","type-post","status-publish","format-standard","has-post-thumbnail","hentry","category-cultura","category-noticias","category-local"],"acf":[],"jetpack_publicize_connections":[],"jetpack_featured_media_url":"https:\/\/i0.wp.com\/blogdoeloiltoncajuhy.com.br\/site\/wp-content\/uploads\/2019\/12\/Flisbon_01.png?fit=960%2C960&ssl=1","jetpack_sharing_enabled":true,"publishpress_future_workflow_manual_trigger":{"enabledWorkflows":[]},"_links":{"self":[{"href":"https:\/\/blogdoeloiltoncajuhy.com.br\/site\/wp-json\/wp\/v2\/posts\/39534","targetHints":{"allow":["GET"]}}],"collection":[{"href":"https:\/\/blogdoeloiltoncajuhy.com.br\/site\/wp-json\/wp\/v2\/posts"}],"about":[{"href":"https:\/\/blogdoeloiltoncajuhy.com.br\/site\/wp-json\/wp\/v2\/types\/post"}],"author":[{"embeddable":true,"href":"https:\/\/blogdoeloiltoncajuhy.com.br\/site\/wp-json\/wp\/v2\/users\/2"}],"replies":[{"embeddable":true,"href":"https:\/\/blogdoeloiltoncajuhy.com.br\/site\/wp-json\/wp\/v2\/comments?post=39534"}],"version-history":[{"count":1,"href":"https:\/\/blogdoeloiltoncajuhy.com.br\/site\/wp-json\/wp\/v2\/posts\/39534\/revisions"}],"predecessor-version":[{"id":39536,"href":"https:\/\/blogdoeloiltoncajuhy.com.br\/site\/wp-json\/wp\/v2\/posts\/39534\/revisions\/39536"}],"wp:featuredmedia":[{"embeddable":true,"href":"https:\/\/blogdoeloiltoncajuhy.com.br\/site\/wp-json\/wp\/v2\/media\/39535"}],"wp:attachment":[{"href":"https:\/\/blogdoeloiltoncajuhy.com.br\/site\/wp-json\/wp\/v2\/media?parent=39534"}],"wp:term":[{"taxonomy":"category","embeddable":true,"href":"https:\/\/blogdoeloiltoncajuhy.com.br\/site\/wp-json\/wp\/v2\/categories?post=39534"},{"taxonomy":"post_tag","embeddable":true,"href":"https:\/\/blogdoeloiltoncajuhy.com.br\/site\/wp-json\/wp\/v2\/tags?post=39534"}],"curies":[{"name":"wp","href":"https:\/\/api.w.org\/{rel}","templated":true}]}}