{"id":39530,"date":"2019-12-12T06:50:23","date_gmt":"2019-12-12T09:50:23","guid":{"rendered":"http:\/\/blogdoeloiltoncajuhy.com.br\/site\/?p=39530"},"modified":"2019-12-12T06:50:29","modified_gmt":"2019-12-12T09:50:29","slug":"prefeitura-de-jaguarari-adquire-novo-mobiliario-para-unidades-de-ensino-do-municipio","status":"publish","type":"post","link":"https:\/\/blogdoeloiltoncajuhy.com.br\/site\/prefeitura-de-jaguarari-adquire-novo-mobiliario-para-unidades-de-ensino-do-municipio\/","title":{"rendered":"Prefeitura de Jaguarari adquire novo mobili\u00e1rio para unidades de ensino do munic\u00edpio"},"content":{"rendered":"\n<p><strong>ASCOM &#8211; Prefeitura de Jaguarari-BA<\/strong><\/p>\n\n\n\n<div class=\"wp-block-image\"><figure class=\"aligncenter size-large\"><img fetchpriority=\"high\" decoding=\"async\" width=\"1280\" height=\"853\" src=\"https:\/\/i2.wp.com\/blogdoeloiltoncajuhy.com.br\/site\/wp-content\/uploads\/2019\/12\/PMJ_MobiliarioEscolas-01.jpg?fit=590%2C393\" alt=\"\" class=\"wp-image-39531\" srcset=\"https:\/\/i0.wp.com\/blogdoeloiltoncajuhy.com.br\/site\/wp-content\/uploads\/2019\/12\/PMJ_MobiliarioEscolas-01.jpg?w=1280&amp;ssl=1 1280w, https:\/\/i0.wp.com\/blogdoeloiltoncajuhy.com.br\/site\/wp-content\/uploads\/2019\/12\/PMJ_MobiliarioEscolas-01.jpg?resize=300%2C200&amp;ssl=1 300w, https:\/\/i0.wp.com\/blogdoeloiltoncajuhy.com.br\/site\/wp-content\/uploads\/2019\/12\/PMJ_MobiliarioEscolas-01.jpg?resize=1024%2C682&amp;ssl=1 1024w, https:\/\/i0.wp.com\/blogdoeloiltoncajuhy.com.br\/site\/wp-content\/uploads\/2019\/12\/PMJ_MobiliarioEscolas-01.jpg?resize=768%2C512&amp;ssl=1 768w, https:\/\/i0.wp.com\/blogdoeloiltoncajuhy.com.br\/site\/wp-content\/uploads\/2019\/12\/PMJ_MobiliarioEscolas-01.jpg?resize=250%2C167&amp;ssl=1 250w\" sizes=\"(max-width: 800px) 100vw, 800px\" \/><\/figure><\/div>\n\n\n\n<p>Os alunos da rede municipal de ensino de Jaguarari em breve estar\u00e3o estudando em escolas e creches com um mobili\u00e1rio todo novo. O munic\u00edpio recebeu nessa quarta-feira (11), um carregamento contendo o mobili\u00e1rio completo de todas as escolas e creches do munic\u00edpio.<\/p>\n\n\n\n<p>A rede de educa\u00e7\u00e3o municipal foi contemplada com 30 conjuntos escolares infantis contendo 6 mesas, mesa de centro e 6 cadeiras cada, 80 Arm\u00e1rios em a\u00e7o, 250 camas baby para as creches municipais e 1.920 carteiras escolares, tudo adquirido com recursos pr\u00f3prios.<\/p>\n\n\n\n<p>O prefeito Everton Rocha, acompanhado pelo vereador Louri da Barrinha e secret\u00e1ria de Educa\u00e7\u00e3o, Edinea Ferreira, explicou que a transforma\u00e7\u00e3o na educa\u00e7\u00e3o municipal \u00e9 tratada como prioridade pela gest\u00e3o. <em>&#8220;\u00c9 a transforma\u00e7\u00e3o da nossa cidade. Vamos come\u00e7ar com a transforma\u00e7\u00e3o da nossa educa\u00e7\u00e3o. \u00c9 a qualidade de ensino junto \u00e0 qualidade das nossas escolas. Esse material que chegou hoje garantir\u00e1 um ensino de alta qualidade aos nossos alunos&#8221;<\/em>.<\/p>\n\n\n\n<div class=\"wp-block-image\"><figure class=\"aligncenter size-large\"><img decoding=\"async\" width=\"1280\" height=\"853\" src=\"https:\/\/i0.wp.com\/blogdoeloiltoncajuhy.com.br\/site\/wp-content\/uploads\/2019\/12\/PMJ_MobiliarioEscolas-02.jpg?fit=590%2C393\" alt=\"\" class=\"wp-image-39532\" srcset=\"https:\/\/i0.wp.com\/blogdoeloiltoncajuhy.com.br\/site\/wp-content\/uploads\/2019\/12\/PMJ_MobiliarioEscolas-02.jpg?w=1280&amp;ssl=1 1280w, https:\/\/i0.wp.com\/blogdoeloiltoncajuhy.com.br\/site\/wp-content\/uploads\/2019\/12\/PMJ_MobiliarioEscolas-02.jpg?resize=300%2C200&amp;ssl=1 300w, https:\/\/i0.wp.com\/blogdoeloiltoncajuhy.com.br\/site\/wp-content\/uploads\/2019\/12\/PMJ_MobiliarioEscolas-02.jpg?resize=1024%2C682&amp;ssl=1 1024w, https:\/\/i0.wp.com\/blogdoeloiltoncajuhy.com.br\/site\/wp-content\/uploads\/2019\/12\/PMJ_MobiliarioEscolas-02.jpg?resize=768%2C512&amp;ssl=1 768w, https:\/\/i0.wp.com\/blogdoeloiltoncajuhy.com.br\/site\/wp-content\/uploads\/2019\/12\/PMJ_MobiliarioEscolas-02.jpg?resize=250%2C167&amp;ssl=1 250w\" sizes=\"(max-width: 800px) 100vw, 800px\" \/><\/figure><\/div>\n\n\n\n<p>Esta aquisi\u00e7\u00e3o se juntar\u00e1 \u00e0s obras de reforma de 38 escolas que dever\u00e3o iniciar no inicio do pr\u00f3ximo ano. Os investimentos na \u00e1rea da educa\u00e7\u00e3o promovidos pela prefeitura transformar\u00e3o para sempre a educa\u00e7\u00e3o municipal de Jaguarari.<\/p>\n\n\n\n<p>A secret\u00e1ria de Educa\u00e7\u00e3o Edinea Ferreira enfatizou que uma escola estruturada faz toda diferen\u00e7a aos estudantes. <em>\u201cUma escola bem montada e com equipamentos novos, traz para os profissionais e aos alunos um \u00e2nimo melhor para trabalhar a educa\u00e7\u00e3o nas unidades de ensino\u201d<\/em>, completa a secret\u00e1ria.<\/p>\n","protected":false},"excerpt":{"rendered":"<p>ASCOM &#8211; Prefeitura de Jaguarari-BA Os alunos da rede municipal de ensino de Jaguarari em breve estar\u00e3o estudando em escolas e creches com um mobili\u00e1rio todo novo. O munic\u00edpio recebeu nessa quarta-feira (11), um carregamento contendo o mobili\u00e1rio completo de todas as escolas e creches do munic\u00edpio. A rede de educa\u00e7\u00e3o municipal foi contemplada com [&hellip;]<\/p>\n","protected":false},"author":2,"featured_media":39532,"comment_status":"open","ping_status":"open","sticky":false,"template":"","format":"standard","meta":{"_acf_changed":false,"_monsterinsights_skip_tracking":false,"_monsterinsights_sitenote_active":false,"_monsterinsights_sitenote_note":"","_monsterinsights_sitenote_category":0,"_jetpack_memberships_contains_paid_content":false,"footnotes":"","jetpack_publicize_message":"","jetpack_publicize_feature_enabled":true,"jetpack_social_post_already_shared":true,"jetpack_social_options":{"image_generator_settings":{"template":"highway","default_image_id":0,"font":"","enabled":false},"version":2}},"categories":[1,3,11],"tags":[],"class_list":["post-39530","post","type-post","status-publish","format-standard","has-post-thumbnail","hentry","category-noticias","category-politica","category-regional"],"acf":[],"jetpack_publicize_connections":[],"jetpack_featured_media_url":"https:\/\/i0.wp.com\/blogdoeloiltoncajuhy.com.br\/site\/wp-content\/uploads\/2019\/12\/PMJ_MobiliarioEscolas-02.jpg?fit=1280%2C853&ssl=1","jetpack_sharing_enabled":true,"publishpress_future_workflow_manual_trigger":{"enabledWorkflows":[]},"_links":{"self":[{"href":"https:\/\/blogdoeloiltoncajuhy.com.br\/site\/wp-json\/wp\/v2\/posts\/39530","targetHints":{"allow":["GET"]}}],"collection":[{"href":"https:\/\/blogdoeloiltoncajuhy.com.br\/site\/wp-json\/wp\/v2\/posts"}],"about":[{"href":"https:\/\/blogdoeloiltoncajuhy.com.br\/site\/wp-json\/wp\/v2\/types\/post"}],"author":[{"embeddable":true,"href":"https:\/\/blogdoeloiltoncajuhy.com.br\/site\/wp-json\/wp\/v2\/users\/2"}],"replies":[{"embeddable":true,"href":"https:\/\/blogdoeloiltoncajuhy.com.br\/site\/wp-json\/wp\/v2\/comments?post=39530"}],"version-history":[{"count":1,"href":"https:\/\/blogdoeloiltoncajuhy.com.br\/site\/wp-json\/wp\/v2\/posts\/39530\/revisions"}],"predecessor-version":[{"id":39533,"href":"https:\/\/blogdoeloiltoncajuhy.com.br\/site\/wp-json\/wp\/v2\/posts\/39530\/revisions\/39533"}],"wp:featuredmedia":[{"embeddable":true,"href":"https:\/\/blogdoeloiltoncajuhy.com.br\/site\/wp-json\/wp\/v2\/media\/39532"}],"wp:attachment":[{"href":"https:\/\/blogdoeloiltoncajuhy.com.br\/site\/wp-json\/wp\/v2\/media?parent=39530"}],"wp:term":[{"taxonomy":"category","embeddable":true,"href":"https:\/\/blogdoeloiltoncajuhy.com.br\/site\/wp-json\/wp\/v2\/categories?post=39530"},{"taxonomy":"post_tag","embeddable":true,"href":"https:\/\/blogdoeloiltoncajuhy.com.br\/site\/wp-json\/wp\/v2\/tags?post=39530"}],"curies":[{"name":"wp","href":"https:\/\/api.w.org\/{rel}","templated":true}]}}