{"id":39525,"date":"2019-12-11T20:33:19","date_gmt":"2019-12-11T23:33:19","guid":{"rendered":"http:\/\/blogdoeloiltoncajuhy.com.br\/site\/?p=39525"},"modified":"2019-12-11T20:33:25","modified_gmt":"2019-12-11T23:33:25","slug":"livro-sobre-cotidianos-universitarios-conta-com-artigos-de-estudantes-de-teatro-e-pedagogia-da-uneb-em-senhor-do-bonfim","status":"publish","type":"post","link":"https:\/\/blogdoeloiltoncajuhy.com.br\/site\/livro-sobre-cotidianos-universitarios-conta-com-artigos-de-estudantes-de-teatro-e-pedagogia-da-uneb-em-senhor-do-bonfim\/","title":{"rendered":"Livro sobre cotidianos universit\u00e1rios conta com artigos de estudantes de Teatro e Pedagogia da UNEB em Senhor do Bonfim"},"content":{"rendered":"\n<p><strong>Lorena Simas<\/strong><br>Coordenadora do N\u00facleo de Assessoria de Comunica\u00e7\u00e3o (NAC- DEDC\/ UNEB)<\/p>\n\n\n\n<div class=\"wp-block-image\"><figure class=\"aligncenter size-large is-resized\"><img fetchpriority=\"high\" decoding=\"async\" src=\"https:\/\/i2.wp.com\/blogdoeloiltoncajuhy.com.br\/site\/wp-content\/uploads\/2019\/12\/Uneb_LivroFiosUniversitarios.jpeg?fit=590%2C590\" alt=\"\" class=\"wp-image-39526\" width=\"443\" height=\"443\" srcset=\"https:\/\/i0.wp.com\/blogdoeloiltoncajuhy.com.br\/site\/wp-content\/uploads\/2019\/12\/Uneb_LivroFiosUniversitarios.jpeg?w=1280&amp;ssl=1 1280w, https:\/\/i0.wp.com\/blogdoeloiltoncajuhy.com.br\/site\/wp-content\/uploads\/2019\/12\/Uneb_LivroFiosUniversitarios.jpeg?resize=300%2C300&amp;ssl=1 300w, https:\/\/i0.wp.com\/blogdoeloiltoncajuhy.com.br\/site\/wp-content\/uploads\/2019\/12\/Uneb_LivroFiosUniversitarios.jpeg?resize=1024%2C1024&amp;ssl=1 1024w, https:\/\/i0.wp.com\/blogdoeloiltoncajuhy.com.br\/site\/wp-content\/uploads\/2019\/12\/Uneb_LivroFiosUniversitarios.jpeg?resize=150%2C150&amp;ssl=1 150w, https:\/\/i0.wp.com\/blogdoeloiltoncajuhy.com.br\/site\/wp-content\/uploads\/2019\/12\/Uneb_LivroFiosUniversitarios.jpeg?resize=768%2C768&amp;ssl=1 768w, https:\/\/i0.wp.com\/blogdoeloiltoncajuhy.com.br\/site\/wp-content\/uploads\/2019\/12\/Uneb_LivroFiosUniversitarios.jpeg?resize=250%2C250&amp;ssl=1 250w, https:\/\/i0.wp.com\/blogdoeloiltoncajuhy.com.br\/site\/wp-content\/uploads\/2019\/12\/Uneb_LivroFiosUniversitarios.jpeg?resize=48%2C48&amp;ssl=1 48w\" sizes=\"(max-width: 443px) 100vw, 443px\" \/><\/figure><\/div>\n\n\n\n<p>O livro <strong><em>\u201cVozes estudantis e fios cotidianos universit\u00e1rios\u201d<\/em><\/strong> faz parte da s\u00e9rie <strong><em>Experi\u00eancias e Reflex\u00f5es Discentes<\/em><\/strong>, uma colet\u00e2nea de artigos produzidos por estudantes universit\u00e1rios da Universidade do Estado da Bahia (UNEB) que aborda sobre v\u00e1rias tem\u00e1ticas, colocando o estudante como protagonista da produ\u00e7\u00e3o cient\u00edfica. O livro ser\u00e1 lan\u00e7ado nesta quinta-feira (12), \u00e0s 18h30, no Museu de Arte da Bahia em Salvador.<\/p>\n\n\n\n<p>A obra conta com tr\u00eas produ\u00e7\u00f5es de estudantes do Departamento de Educa\u00e7\u00e3o, Campus VII da UNEB, sendo dois de estudantes do curso de Teatro, <strong><em>\u201cVivendo o: Hoje tem espet\u00e1culo? &#8211; relato de experi\u00eancia discente\u201d<\/em><\/strong>, de Israel Santana e <strong><em>\u201cTer\u00e7a C\u00eanica: Narrativas do Circo, Teatro e Dan\u00e7a no sert\u00e3o baiano\u201d<\/em><\/strong>, de Tat\u00e1 Barbosa; e <em><strong>\u201cA escola n\u00e3o te pertence: narrativa autobiogr\u00e1fica de uma das v\u00edtimas do preconceito de exclus\u00e3o no contexto educacional\u201d<\/strong><\/em>, do estudante de Pedagogia, Geovanx Morgado.<\/p>\n\n\n\n<p>A S\u00e9rie Experi\u00eancias e Reflex\u00f5es Discentes \u00e9 uma publica\u00e7\u00e3o anual, em formato de colet\u00e2nea, de iniciativa da Pr\u00f3-Reitoria de Assist\u00eancia Estudantil (PRAES) em parceria com a Editora da Universidade do Estado da Bahia (EDUNEB), que objetiva a divulga\u00e7\u00e3o de artigos elaborados por estudantes de gradua\u00e7\u00e3o e p\u00f3s-gradua\u00e7\u00e3o Lato Sensu (Modalidade Presencial), e os discentes da PARFOR, da Universidade do Estado da Bahia, que relatem de forma anal\u00edtica, cr\u00edtica e reflexiva, experi\u00eancias significativas no processo de ensino-aprendizagem durante suas trajet\u00f3rias na universidade.<\/p>\n\n\n\n<p><em>\u201cA constru\u00e7\u00e3o desse relato pode se configurar como importante potencializador do protagonismo dos autores e dos leitores dos textos publicados nesta S\u00e9rie\u201d<\/em>, destaca a pr\u00f3-reitora da PRAES, Eliv\u00e2nia Alves. Nesse sentido, o estudante de Teatro, Israel Santana afirma que <em>\u201ceste \u00e9 meu primeiro artigo cient\u00edfico produzido e tamb\u00e9m publicado em livro. Isso \u00e9 magn\u00edfico. \u00c9 muito importante esse registro, n\u00e3o apenas para mim, enquanto estudante, mas para a academia como um todo\u201d<\/em>.<\/p>\n\n\n\n<p>A diretora do DEDC VII da UNEB, Suzzana Alice Lima, destacou que essa \u00e9 uma oportunidade in\u00e9dita. <em>\u201cEsta obra faz com que a produ\u00e7\u00e3o do conhecimento seja estimulada e este olhar reflexivo para o cotidiano e para as quest\u00f5es da sociedade contempor\u00e2nea, se transforma em provoca\u00e7\u00f5es, produzidas e registradas em publica\u00e7\u00f5es que se tornam registro hist\u00f3rico\u201d<\/em>.<\/p>\n\n\n\n<p>Suzzana adiantou tamb\u00e9m, que o DEDC VII far\u00e1 o lan\u00e7amento do livro \u201cVozes estudantis e fios cotidianos universit\u00e1rios\u201d em abril de 2020.<\/p>\n","protected":false},"excerpt":{"rendered":"<p>Lorena SimasCoordenadora do N\u00facleo de Assessoria de Comunica\u00e7\u00e3o (NAC- DEDC\/ UNEB) O livro \u201cVozes estudantis e fios cotidianos universit\u00e1rios\u201d faz parte da s\u00e9rie Experi\u00eancias e Reflex\u00f5es Discentes, uma colet\u00e2nea de artigos produzidos por estudantes universit\u00e1rios da Universidade do Estado da Bahia (UNEB) que aborda sobre v\u00e1rias tem\u00e1ticas, colocando o estudante como protagonista da produ\u00e7\u00e3o cient\u00edfica. [&hellip;]<\/p>\n","protected":false},"author":2,"featured_media":39526,"comment_status":"open","ping_status":"open","sticky":false,"template":"","format":"standard","meta":{"_acf_changed":false,"_monsterinsights_skip_tracking":false,"_monsterinsights_sitenote_active":false,"_monsterinsights_sitenote_note":"","_monsterinsights_sitenote_category":0,"_jetpack_memberships_contains_paid_content":false,"footnotes":"","jetpack_publicize_message":"","jetpack_publicize_feature_enabled":true,"jetpack_social_post_already_shared":true,"jetpack_social_options":{"image_generator_settings":{"template":"highway","default_image_id":0,"font":"","enabled":false},"version":2}},"categories":[14,1,4],"tags":[],"class_list":["post-39525","post","type-post","status-publish","format-standard","has-post-thumbnail","hentry","category-educacao","category-noticias","category-local"],"acf":[],"jetpack_publicize_connections":[],"jetpack_featured_media_url":"https:\/\/i0.wp.com\/blogdoeloiltoncajuhy.com.br\/site\/wp-content\/uploads\/2019\/12\/Uneb_LivroFiosUniversitarios.jpeg?fit=1280%2C1280&ssl=1","jetpack_sharing_enabled":true,"publishpress_future_workflow_manual_trigger":{"enabledWorkflows":[]},"_links":{"self":[{"href":"https:\/\/blogdoeloiltoncajuhy.com.br\/site\/wp-json\/wp\/v2\/posts\/39525","targetHints":{"allow":["GET"]}}],"collection":[{"href":"https:\/\/blogdoeloiltoncajuhy.com.br\/site\/wp-json\/wp\/v2\/posts"}],"about":[{"href":"https:\/\/blogdoeloiltoncajuhy.com.br\/site\/wp-json\/wp\/v2\/types\/post"}],"author":[{"embeddable":true,"href":"https:\/\/blogdoeloiltoncajuhy.com.br\/site\/wp-json\/wp\/v2\/users\/2"}],"replies":[{"embeddable":true,"href":"https:\/\/blogdoeloiltoncajuhy.com.br\/site\/wp-json\/wp\/v2\/comments?post=39525"}],"version-history":[{"count":1,"href":"https:\/\/blogdoeloiltoncajuhy.com.br\/site\/wp-json\/wp\/v2\/posts\/39525\/revisions"}],"predecessor-version":[{"id":39527,"href":"https:\/\/blogdoeloiltoncajuhy.com.br\/site\/wp-json\/wp\/v2\/posts\/39525\/revisions\/39527"}],"wp:featuredmedia":[{"embeddable":true,"href":"https:\/\/blogdoeloiltoncajuhy.com.br\/site\/wp-json\/wp\/v2\/media\/39526"}],"wp:attachment":[{"href":"https:\/\/blogdoeloiltoncajuhy.com.br\/site\/wp-json\/wp\/v2\/media?parent=39525"}],"wp:term":[{"taxonomy":"category","embeddable":true,"href":"https:\/\/blogdoeloiltoncajuhy.com.br\/site\/wp-json\/wp\/v2\/categories?post=39525"},{"taxonomy":"post_tag","embeddable":true,"href":"https:\/\/blogdoeloiltoncajuhy.com.br\/site\/wp-json\/wp\/v2\/tags?post=39525"}],"curies":[{"name":"wp","href":"https:\/\/api.w.org\/{rel}","templated":true}]}}