{"id":39522,"date":"2019-12-11T20:20:17","date_gmt":"2019-12-11T23:20:17","guid":{"rendered":"http:\/\/blogdoeloiltoncajuhy.com.br\/site\/?p=39522"},"modified":"2019-12-11T20:20:23","modified_gmt":"2019-12-11T23:20:23","slug":"psol-de-senhor-do-bonfim-defende-pre-candidatura-de-dr-alan-kardecson-a-prefeitura","status":"publish","type":"post","link":"https:\/\/blogdoeloiltoncajuhy.com.br\/site\/psol-de-senhor-do-bonfim-defende-pre-candidatura-de-dr-alan-kardecson-a-prefeitura\/","title":{"rendered":"Psol de Senhor do Bonfim defende pr\u00e9-candidatura de Dr. Alan Kardecson \u00e0 prefeitura"},"content":{"rendered":"\n<p><strong>BLOG DO ELOILTON CAJUHY<\/strong><br>Com informa\u00e7\u00f5es do Diret\u00f3rio Municipal do Psol<\/p>\n\n\n\n<div class=\"wp-block-image\"><figure class=\"alignleft size-large is-resized\"><img fetchpriority=\"high\" decoding=\"async\" src=\"https:\/\/i0.wp.com\/blogdoeloiltoncajuhy.com.br\/site\/wp-content\/uploads\/2019\/12\/AlanKardecson.jpg?fit=590%2C657\" alt=\"\" class=\"wp-image-39523\" width=\"308\" height=\"344\" srcset=\"https:\/\/i0.wp.com\/blogdoeloiltoncajuhy.com.br\/site\/wp-content\/uploads\/2019\/12\/AlanKardecson.jpg?w=1150&amp;ssl=1 1150w, https:\/\/i0.wp.com\/blogdoeloiltoncajuhy.com.br\/site\/wp-content\/uploads\/2019\/12\/AlanKardecson.jpg?resize=920%2C1024&amp;ssl=1 920w, https:\/\/i0.wp.com\/blogdoeloiltoncajuhy.com.br\/site\/wp-content\/uploads\/2019\/12\/AlanKardecson.jpg?resize=768%2C855&amp;ssl=1 768w, https:\/\/i0.wp.com\/blogdoeloiltoncajuhy.com.br\/site\/wp-content\/uploads\/2019\/12\/AlanKardecson.jpg?resize=225%2C250&amp;ssl=1 225w\" sizes=\"(max-width: 308px) 100vw, 308px\" \/><figcaption><em>Foto: Suzana Batista<\/em><\/figcaption><\/figure><\/div>\n\n\n\n<p>O Psol de Senhor do Bonfim h\u00e1 cerca de um m\u00eas atr\u00e1s realizou uma plen\u00e1ria interna com seus filiados, onde o nome do Dr. Alan Kardecson foi escolhido por unanimidade para ser o pr\u00e9-candidato do partido para disputar a prefeitura de Senhor do Bonfim.<\/p>\n\n\n\n<p>Dr. Alan afastou-se da pol\u00edtica por um tempo, mas viu a necessidade de voltar ao cen\u00e1rio pol\u00edtico h\u00e1 um ano pelo Partido Socialismo e Liberdade (Psol), por entender que existem muitos pol\u00edticos despreparados, buscando interesses meramente individuais, pondo em risco a n\u00e3o consolida\u00e7\u00e3o da democracia.<\/p>\n\n\n\n<p>Alan aponta a import\u00e2ncia da mudan\u00e7a na vida dos moradores da cidade e, se eleito, pretende defender os direitos da popula\u00e7\u00e3o bonfinense e destaca suas inten\u00e7\u00f5es. <em>\u201cPretendo solidificar a defesa do servidor p\u00fablico, com \u00eanfase em desenvolvimento educacional, sa\u00fade, tendo os princ\u00edpios de igualdade e isonomia sendo um dos pilares de nossa administra\u00e7\u00e3o, caso me torne prefeito da cidade em que nasci h\u00e1 43 anos\u201d<\/em>, salienta o pr\u00e9-candidato.<\/p>\n","protected":false},"excerpt":{"rendered":"<p>BLOG DO ELOILTON CAJUHYCom informa\u00e7\u00f5es do Diret\u00f3rio Municipal do Psol O Psol de Senhor do Bonfim h\u00e1 cerca de um m\u00eas atr\u00e1s realizou uma plen\u00e1ria interna com seus filiados, onde o nome do Dr. Alan Kardecson foi escolhido por unanimidade para ser o pr\u00e9-candidato do partido para disputar a prefeitura de Senhor do Bonfim. Dr. [&hellip;]<\/p>\n","protected":false},"author":2,"featured_media":39523,"comment_status":"open","ping_status":"open","sticky":false,"template":"","format":"standard","meta":{"_acf_changed":false,"_monsterinsights_skip_tracking":false,"_monsterinsights_sitenote_active":false,"_monsterinsights_sitenote_note":"","_monsterinsights_sitenote_category":0,"_jetpack_memberships_contains_paid_content":false,"footnotes":"","jetpack_publicize_message":"","jetpack_publicize_feature_enabled":true,"jetpack_social_post_already_shared":true,"jetpack_social_options":{"image_generator_settings":{"template":"highway","default_image_id":0,"font":"","enabled":false},"version":2}},"categories":[1,3,4],"tags":[],"class_list":["post-39522","post","type-post","status-publish","format-standard","has-post-thumbnail","hentry","category-noticias","category-politica","category-local"],"acf":[],"jetpack_publicize_connections":[],"jetpack_featured_media_url":"https:\/\/i0.wp.com\/blogdoeloiltoncajuhy.com.br\/site\/wp-content\/uploads\/2019\/12\/AlanKardecson.jpg?fit=1150%2C1280&ssl=1","jetpack_sharing_enabled":true,"publishpress_future_workflow_manual_trigger":{"enabledWorkflows":[]},"_links":{"self":[{"href":"https:\/\/blogdoeloiltoncajuhy.com.br\/site\/wp-json\/wp\/v2\/posts\/39522","targetHints":{"allow":["GET"]}}],"collection":[{"href":"https:\/\/blogdoeloiltoncajuhy.com.br\/site\/wp-json\/wp\/v2\/posts"}],"about":[{"href":"https:\/\/blogdoeloiltoncajuhy.com.br\/site\/wp-json\/wp\/v2\/types\/post"}],"author":[{"embeddable":true,"href":"https:\/\/blogdoeloiltoncajuhy.com.br\/site\/wp-json\/wp\/v2\/users\/2"}],"replies":[{"embeddable":true,"href":"https:\/\/blogdoeloiltoncajuhy.com.br\/site\/wp-json\/wp\/v2\/comments?post=39522"}],"version-history":[{"count":1,"href":"https:\/\/blogdoeloiltoncajuhy.com.br\/site\/wp-json\/wp\/v2\/posts\/39522\/revisions"}],"predecessor-version":[{"id":39524,"href":"https:\/\/blogdoeloiltoncajuhy.com.br\/site\/wp-json\/wp\/v2\/posts\/39522\/revisions\/39524"}],"wp:featuredmedia":[{"embeddable":true,"href":"https:\/\/blogdoeloiltoncajuhy.com.br\/site\/wp-json\/wp\/v2\/media\/39523"}],"wp:attachment":[{"href":"https:\/\/blogdoeloiltoncajuhy.com.br\/site\/wp-json\/wp\/v2\/media?parent=39522"}],"wp:term":[{"taxonomy":"category","embeddable":true,"href":"https:\/\/blogdoeloiltoncajuhy.com.br\/site\/wp-json\/wp\/v2\/categories?post=39522"},{"taxonomy":"post_tag","embeddable":true,"href":"https:\/\/blogdoeloiltoncajuhy.com.br\/site\/wp-json\/wp\/v2\/tags?post=39522"}],"curies":[{"name":"wp","href":"https:\/\/api.w.org\/{rel}","templated":true}]}}