{"id":39518,"date":"2019-12-11T15:46:17","date_gmt":"2019-12-11T18:46:17","guid":{"rendered":"http:\/\/blogdoeloiltoncajuhy.com.br\/site\/?p=39518"},"modified":"2019-12-11T15:46:23","modified_gmt":"2019-12-11T18:46:23","slug":"projeto-amparo-desenvolvido-pela-prefeitura-de-jaguarari-supera-expectativas-ao-dar-suporte-psicologico-a-jovens-do-municipio","status":"publish","type":"post","link":"https:\/\/blogdoeloiltoncajuhy.com.br\/site\/projeto-amparo-desenvolvido-pela-prefeitura-de-jaguarari-supera-expectativas-ao-dar-suporte-psicologico-a-jovens-do-municipio\/","title":{"rendered":"Projeto Amparo desenvolvido pela Prefeitura de Jaguarari supera expectativas ao dar suporte psicol\u00f3gico a jovens do munic\u00edpio"},"content":{"rendered":"\n<p><strong>ASCOM \u2013 Prefeitura de Jaguarari-BA<\/strong><\/p>\n\n\n\n<div class=\"wp-block-image\"><figure class=\"aligncenter size-large is-resized\"><img fetchpriority=\"high\" decoding=\"async\" src=\"https:\/\/i0.wp.com\/blogdoeloiltoncajuhy.com.br\/site\/wp-content\/uploads\/2019\/12\/PMJ_ProjetoAmparo.jpg?fit=590%2C631\" alt=\"\" class=\"wp-image-39519\" width=\"295\" height=\"316\" srcset=\"https:\/\/i0.wp.com\/blogdoeloiltoncajuhy.com.br\/site\/wp-content\/uploads\/2019\/12\/PMJ_ProjetoAmparo.jpg?w=1197&amp;ssl=1 1197w, https:\/\/i0.wp.com\/blogdoeloiltoncajuhy.com.br\/site\/wp-content\/uploads\/2019\/12\/PMJ_ProjetoAmparo.jpg?resize=281%2C300&amp;ssl=1 281w, https:\/\/i0.wp.com\/blogdoeloiltoncajuhy.com.br\/site\/wp-content\/uploads\/2019\/12\/PMJ_ProjetoAmparo.jpg?resize=958%2C1024&amp;ssl=1 958w, https:\/\/i0.wp.com\/blogdoeloiltoncajuhy.com.br\/site\/wp-content\/uploads\/2019\/12\/PMJ_ProjetoAmparo.jpg?resize=768%2C821&amp;ssl=1 768w, https:\/\/i0.wp.com\/blogdoeloiltoncajuhy.com.br\/site\/wp-content\/uploads\/2019\/12\/PMJ_ProjetoAmparo.jpg?resize=234%2C250&amp;ssl=1 234w\" sizes=\"(max-width: 295px) 100vw, 295px\" \/><\/figure><\/div>\n\n\n\n<p>A prefeitura de Jaguarari, em conjunto as secretarias de Educa\u00e7\u00e3o, Desenvolvimento Social e Sa\u00fade, est\u00e1 realizando junto a jovens alunos da rede municipal, o Projeto Amparo: <strong><em>&#8220;Con (Versando) com as Emo\u00e7\u00f5es&#8221;<\/em><\/strong>. Desde o inicio do m\u00eas de novembro, a administra\u00e7\u00e3o municipal vem proporcionando o acolhimento necess\u00e1rio e dando suporte para ajudar jovens que \u201cgritam por socorro\u201d.<\/p>\n\n\n\n<p>O Projeto Amparo vem mudando a realidade desses alunos com idades entre 13 a 17 anos em situa\u00e7\u00e3o de vulnerabilidade. A execu\u00e7\u00e3o desse projeto trouxe cuidados psicol\u00f3gicos sob uma nova perspectiva, tendo por meta estimular diversas habilidades do cotidiano: amadurecimento emocional, aproxima\u00e7\u00e3o entre escola, p\u00fablico estudantil e fam\u00edlia, desenvolvendo compreens\u00f5es b\u00e1sicas de autocuidado e socializa\u00e7\u00e3o entre professores e adolescentes. <\/p>\n\n\n\n<p>Durante visita feita ao projeto, o prefeito Everton Rocha afirmou que ele ser\u00e1 expandido no pr\u00f3ximo ano. <em>&#8220;Iniciamos esse projeto visando ajudar os nossos jovens que durante o m\u00eas de setembro quando foram realizadas palestras sobre automutila\u00e7\u00e3o, depress\u00e3o e suic\u00eddio, percebemos que precis\u00e1vamos ir al\u00e9m e proporcionar socorro a esses jovens que de alguma forma pedem ajuda. No retorno do projeto em 2020 iremos ampliar o atendimento, atendendo um quantitativo ainda maior desses jovens das nossas escolas municipais&#8221;<\/em>, anunciou o prefeito. <\/p>\n\n\n\n<p>Durante os encontros realizados com os jovens atendidos pelo projeto, s\u00e3o desenvolvidas din\u00e2micas e atividades de relaxamento. Em um desses encontros os jovens registraram a import\u00e2ncia do Projeto Amparo em suas vidas.<\/p>\n\n\n\n<p>Veja alguns depoimentos emocionados: O aluno P.W.A disse: <em>Desde que iniciei no projeto Amparo parei de me cortar e seguir minha vida mais feliz<\/em>. J\u00e1 a jovem M.R.C afirmou: <em>Est\u00e1 me ajudando a sorrir direito, mesmo triste estou sendo uma pessoa melhor, pois eu me sentia um lixo, j\u00e1 tinha tentado me suicidar, mas depois do amparo, mudei muito<\/em>. Outro aluno J.M.R afirmou: <em>Me fez ficar mais forte, aprendendo muitas coisas, aprendendo a controlar minha ansiedade. Obrigado Amparo!<\/em> A aluna V. L. disse: <em>Estava precisando, passei por momentos dif\u00edceis, me ajudou muito<\/em>.<\/p>\n\n\n\n<p><em>&#8220;Observamos que o Projeto Amparo \u00e9 um marco na educa\u00e7\u00e3o municipal de Jaguarari.  Pois esta a\u00e7\u00e3o promove sa\u00fade, amadurecimento emocional e relacional dentro da escola e at\u00e9 mesmo no \u00e2mbito familiar. Eles se sentem confort\u00e1veis para expor as mais diversas vulnerabilidades. Podem externar suas frustra\u00e7\u00f5es, o choro reprimido, conflitos vivenciados dentro e fora de casa, al\u00e9m de outras afeta\u00e7\u00f5es. Acabamos tamb\u00e9m aprendendo muito com eles&#8221;<\/em>, pontuou a coordenadora do projeto, Lara Benares.<\/p>\n\n\n\n<p>Na pr\u00f3xima quinta-feira (12), os jovens atendidos pelo Projeto Amparo far\u00e3o um divertido passeio de confraterniza\u00e7\u00e3o, marcando o encerramento do projeto neste ano de 2019, devendo retornar suas atividades com o inicio das aulas da rede municipal de ensino, onde ser\u00e1 expandido para outras escolas municipais.<\/p>\n","protected":false},"excerpt":{"rendered":"<p>ASCOM \u2013 Prefeitura de Jaguarari-BA A prefeitura de Jaguarari, em conjunto as secretarias de Educa\u00e7\u00e3o, Desenvolvimento Social e Sa\u00fade, est\u00e1 realizando junto a jovens alunos da rede municipal, o Projeto Amparo: &#8220;Con (Versando) com as Emo\u00e7\u00f5es&#8221;. Desde o inicio do m\u00eas de novembro, a administra\u00e7\u00e3o municipal vem proporcionando o acolhimento necess\u00e1rio e dando suporte para [&hellip;]<\/p>\n","protected":false},"author":2,"featured_media":39519,"comment_status":"open","ping_status":"open","sticky":false,"template":"","format":"standard","meta":{"_acf_changed":false,"_monsterinsights_skip_tracking":false,"_monsterinsights_sitenote_active":false,"_monsterinsights_sitenote_note":"","_monsterinsights_sitenote_category":0,"_jetpack_memberships_contains_paid_content":false,"footnotes":"","jetpack_publicize_message":"","jetpack_publicize_feature_enabled":true,"jetpack_social_post_already_shared":true,"jetpack_social_options":{"image_generator_settings":{"template":"highway","default_image_id":0,"font":"","enabled":false},"version":2}},"categories":[1,11],"tags":[],"class_list":["post-39518","post","type-post","status-publish","format-standard","has-post-thumbnail","hentry","category-noticias","category-regional"],"acf":[],"jetpack_publicize_connections":[],"jetpack_featured_media_url":"https:\/\/i0.wp.com\/blogdoeloiltoncajuhy.com.br\/site\/wp-content\/uploads\/2019\/12\/PMJ_ProjetoAmparo.jpg?fit=1197%2C1280&ssl=1","jetpack_sharing_enabled":true,"publishpress_future_workflow_manual_trigger":{"enabledWorkflows":[]},"_links":{"self":[{"href":"https:\/\/blogdoeloiltoncajuhy.com.br\/site\/wp-json\/wp\/v2\/posts\/39518","targetHints":{"allow":["GET"]}}],"collection":[{"href":"https:\/\/blogdoeloiltoncajuhy.com.br\/site\/wp-json\/wp\/v2\/posts"}],"about":[{"href":"https:\/\/blogdoeloiltoncajuhy.com.br\/site\/wp-json\/wp\/v2\/types\/post"}],"author":[{"embeddable":true,"href":"https:\/\/blogdoeloiltoncajuhy.com.br\/site\/wp-json\/wp\/v2\/users\/2"}],"replies":[{"embeddable":true,"href":"https:\/\/blogdoeloiltoncajuhy.com.br\/site\/wp-json\/wp\/v2\/comments?post=39518"}],"version-history":[{"count":1,"href":"https:\/\/blogdoeloiltoncajuhy.com.br\/site\/wp-json\/wp\/v2\/posts\/39518\/revisions"}],"predecessor-version":[{"id":39520,"href":"https:\/\/blogdoeloiltoncajuhy.com.br\/site\/wp-json\/wp\/v2\/posts\/39518\/revisions\/39520"}],"wp:featuredmedia":[{"embeddable":true,"href":"https:\/\/blogdoeloiltoncajuhy.com.br\/site\/wp-json\/wp\/v2\/media\/39519"}],"wp:attachment":[{"href":"https:\/\/blogdoeloiltoncajuhy.com.br\/site\/wp-json\/wp\/v2\/media?parent=39518"}],"wp:term":[{"taxonomy":"category","embeddable":true,"href":"https:\/\/blogdoeloiltoncajuhy.com.br\/site\/wp-json\/wp\/v2\/categories?post=39518"},{"taxonomy":"post_tag","embeddable":true,"href":"https:\/\/blogdoeloiltoncajuhy.com.br\/site\/wp-json\/wp\/v2\/tags?post=39518"}],"curies":[{"name":"wp","href":"https:\/\/api.w.org\/{rel}","templated":true}]}}