{"id":39511,"date":"2019-12-11T09:26:13","date_gmt":"2019-12-11T12:26:13","guid":{"rendered":"http:\/\/blogdoeloiltoncajuhy.com.br\/site\/?p=39511"},"modified":"2019-12-11T09:26:20","modified_gmt":"2019-12-11T12:26:20","slug":"veja-o-resumo-da-sessao-ordinaria-da-camara-municipal-de-senhor-do-bonfim-desta-terca-feira-10","status":"publish","type":"post","link":"https:\/\/blogdoeloiltoncajuhy.com.br\/site\/veja-o-resumo-da-sessao-ordinaria-da-camara-municipal-de-senhor-do-bonfim-desta-terca-feira-10\/","title":{"rendered":"Veja o resumo da sess\u00e3o ordin\u00e1ria da C\u00e2mara Municipal de Senhor do Bonfim desta ter\u00e7a-feira (10)"},"content":{"rendered":"\n<p><strong>ASCOM &#8211; C\u00e2mara Municipal de Senhor do Bonfim-BA<\/strong><\/p>\n\n\n\n<figure class=\"wp-block-embed-youtube aligncenter wp-block-embed is-type-video is-provider-youtube wp-embed-aspect-16-9 wp-has-aspect-ratio\"><div class=\"wp-block-embed__wrapper\">\n<iframe title=\"32\u00aa Sess\u00e3o Ordin\u00e1ria do 2\u00ba PO [10\/12\/2019]\" width=\"800\" height=\"450\" src=\"https:\/\/www.youtube.com\/embed\/xQu-ggTbpY0?feature=oembed\" frameborder=\"0\" allow=\"accelerometer; autoplay; encrypted-media; gyroscope; picture-in-picture\" allowfullscreen><\/iframe>\n<\/div><\/figure>\n\n\n\n<p>Nesta ter\u00e7a-feira, 10 de dezembro, foi realizada a 32\u00aa Sess\u00e3o Ordin\u00e1ria do 2\u00ba Per\u00edodo Ordin\u00e1rio, do ano de 2019, da C\u00e2mara Municipal de Senhor do Bonfim. Conduzida pelo Presidente da Casa, vereador Cleiton Vieira, a sess\u00e3o teve in\u00edcio \u00e0s 19h15, ap\u00f3s a chamada dos vereadores, onde havendo n\u00famero legal \u00e9 declarada aberta. Atendendo o Regimento Interno desta Casa Legislativa em seu artigo 141, foi encaminhada a Ata da Sess\u00e3o Ordin\u00e1ria anterior aos e-mails de todos os vereadores. Foi colocada em discuss\u00e3o e, ningu\u00e9m querendo discutir, \u00e9 colocada em vota\u00e7\u00e3o, sendo aprovada.<\/p>\n\n\n\n<p class=\"has-medium-font-size\"><strong>Passa-se \u00e0 leitura do expediente, que consta das seguintes mat\u00e9rias:<\/strong> <\/p>\n\n\n\n<ul class=\"wp-block-list\"><li><strong>PROJETO DE LEI DO LEGISLATIVO<\/strong>, de autoria do vereador Reinaldo Ferreira Santana, que \u201cdeclara as apresenta\u00e7\u00f5es do \u2018Terno de Reis do Quic\u00e9\u2019, Patrim\u00f4nio Cultural e Imaterial de Senhor do Bonfim e d\u00e1 outras provid\u00eancias\u201d;<\/li><li><strong>Parecer da Comiss\u00e3o Permanente de Legisla\u00e7\u00e3o, Justi\u00e7a, Postura e Reda\u00e7\u00e3o Final, ao Projeto de Lei do Legislativo n\u00ba 042\/2019<\/strong>;<\/li><li><strong>Parecer da Comiss\u00e3o Permanente de Educa\u00e7\u00e3o, Cultura, Sa\u00fade e Assist\u00eancia Social ao Projeto de Lei do Legislativo n\u00ba 042\/2019<\/strong>;<\/li><li><strong>Parecer da Comiss\u00e3o Permanente de Legisla\u00e7\u00e3o, Justi\u00e7a, Postura e Reda\u00e7\u00e3o Final, ao Projeto de Lei do Legislativo n\u00ba 043\/2019<\/strong>;<\/li><li><strong>Parecer da Comiss\u00e3o Permanente de Educa\u00e7\u00e3o, Cultura, Sa\u00fade e Assist\u00eancia Social ao Projeto de Lei do Legislativo n\u00ba 043\/2019<\/strong>;<\/li><li><strong>Parecer da Comiss\u00e3o Permanente de Legisla\u00e7\u00e3o, Justi\u00e7a, Postura e Reda\u00e7\u00e3o Final, ao Projeto de Lei do Legislativo n\u00ba 045\/2019<\/strong>;<\/li><li><strong>Parecer da Comiss\u00e3o Permanente de Educa\u00e7\u00e3o, Cultura, Sa\u00fade e Assist\u00eancia Social ao Projeto de Lei do Legislativo n\u00ba 045\/2019<\/strong>;<\/li><li><strong>Parecer da Comiss\u00e3o Permanente de Legisla\u00e7\u00e3o, Justi\u00e7a, Postura e Reda\u00e7\u00e3o Final, ao Projeto de Decreto Legislativo n\u00ba 052\/2019<\/strong>;<\/li><li><strong>INDICA\u00c7\u00c3O N\u00ba 007\/2019<\/strong>, de autoria do vereador Gerivaldo Ribeiro Sampaio, que \u201csolicita provid\u00eancias com rela\u00e7\u00e3o ao atendimento do SAC \u2013 Servi\u00e7o de Atendimento ao Cidad\u00e3o no servi\u00e7o de distribui\u00e7\u00e3o de senhas para RG, pois o n\u00famero de senhas foram reduzidas para 70%\u201d;<\/li><li><strong>PEDIDO DE PROVID\u00caNCIA N\u00ba 021\/2019<\/strong>, de autoria da vereadora L\u00facia Cristina Souza Cerqueira, que solicita \u201cque seja feita a limpeza do canal na Rua da B\u00e9lgica, bairro Olaria, munic\u00edpio de Senhor do Bonfim\u201d;<\/li><li><strong>PEDIDO DE PROVID\u00caNCIA N\u00ba 061\/2019<\/strong>, de autoria do vereador Elizeu Concei\u00e7\u00e3o de Souza, que solicita que \u201cseja realizado o servi\u00e7o de capinagem e poda do matagal bem como a manuten\u00e7\u00e3o do cal\u00e7amento na Rua Daiane dos Santos no bairro Vila Bela em Senhor do Bonfim\u201d;<\/li><li><strong>PEDIDO DE PROVID\u00caNCIA N\u00ba 083\/2019<\/strong>, de autoria do vereador La\u00e9rcio Muniz de Azevedo J\u00fanior, que solicita que \u201ca Secretaria Municipal de Infraestrutura promova a melhoria da via p\u00fablica, rua Oper\u00e1rios da Leste, Centro, fazendo a melhoria do seu cal\u00e7amento\u201d;<\/li><li><strong>PEDIDO DE PROVID\u00caNCIA N\u00ba 084\/2019<\/strong>, de autoria do vereador La\u00e9rcio Muniz de Azevedo J\u00fanior, que solicita que \u201ca Secretaria Municipal de Infraestrutura promova a melhoria da via p\u00fablica, travessa C\u00e2ndido Augusto Martins, bairro Campo Clube, fazendo a poda das \u00e1rvores\u201d;<\/li><li><strong>PEDIDO DE PROVID\u00caNCIA N\u00ba 085\/2019<\/strong>, de autoria do vereador La\u00e9rcio Muniz de Azevedo J\u00fanior, que solicita que \u201ca Secretaria Municipal de Infraestrutura promova a melhoria da ilumina\u00e7\u00e3o p\u00fablica, na Rua Renato Guimar\u00e3es, bairro Pebinhas, fazendo a reposi\u00e7\u00e3o de l\u00e2mpadas\u201d;<\/li><li><strong>PEDIDO DE PROVID\u00caNCIA N\u00ba 086\/2019<\/strong>, de autoria do vereador La\u00e9rcio Muniz de Azevedo J\u00fanior, que solicita que \u201ca Secretaria Municipal de Infraestrutura promova a melhoria da via p\u00fablica, rua Amazonas, bairro Rodovi\u00e1rio, fazendo a manuten\u00e7\u00e3o da rede de esgoto\u201d;<\/li><li><strong>PEDIDO DE PROVID\u00caNCIA N\u00ba 087\/2019<\/strong>, de autoria do vereador La\u00e9rcio Muniz de Azevedo J\u00fanior, que solicita que \u201ca Secretaria Municipal de Infraestrutura promova a melhoria da via p\u00fablica, rua Ramiro Miranda, bairro S\u00e3o Jorge, fazendo a manuten\u00e7\u00e3o da rede de esgoto\u201d.<\/li><\/ul>\n\n\n\n<p>Dando continuidade, o Sr. Presidente informa que n\u00e3o h\u00e1 tempo h\u00e1bil para ordem dos vereadores inscritos. Estes ficam inscritos para pr\u00f3xima Sess\u00e3o Ordin\u00e1ria. N\u00e3o havendo tempo para os vereadores inscritos, passa para <strong>ORDEM DO DIA<\/strong><\/p>\n\n\n\n<ul class=\"wp-block-list\"><li>\u00c9 lido o <strong>PARECER da Comiss\u00e3o Permanente de Legisla\u00e7\u00e3o, Justi\u00e7a, Postura e Reda\u00e7\u00e3o Final, ao Projeto de Lei do Legislativo n\u00ba 045\/2019<\/strong>, que \u201cDeclara como Patrim\u00f4nio Cultural Imaterial do Munic\u00edpio de Senhor do Bonfim o Terno de Reis de Passagem Velha\u201d \u00e9 colocado em discuss\u00e3o e ningu\u00e9m querendo discutir \u00e9 colocado em vota\u00e7\u00e3o, sendo aprovado por unanimidade.<\/li><\/ul>\n\n\n\n<ul class=\"wp-block-list\"><li><strong>PARECER da Comiss\u00e3o Permanente de Educa\u00e7\u00e3o, Cultura, Sa\u00fade e Assist\u00eancia Social ao Projeto de Lei do Legislativo n\u00ba 045\/2019<\/strong>, que \u201cDeclara como Patrim\u00f4nio Cultural Imaterial do Munic\u00edpio de Senhor do Bonfim o Terno de Reis de Passagem Velha\u201d \u00e9 colocado em discuss\u00e3o e ningu\u00e9m querendo discutir \u00e9 colocado em vota\u00e7\u00e3o, sendo aprovado por unanimidade.<\/li><\/ul>\n\n\n\n<ul class=\"wp-block-list\"><li><strong>PROJETO DE LEI DO LEGISLATIVO N\u00ba 045\/2019<\/strong>, de autoria da Vereadora L\u00facia Cristina Cerqueira, que \u201cDeclara como Patrim\u00f4nio Cultural Imaterial do Munic\u00edpio de Senhor do Bonfim o Terno de Reis de Passagem Velha\u201d \u00e9 colocado em discuss\u00e3o e usa da palavra a Vereadora L\u00facia Cristina Souza Cerqueira da Silva, autora da mat\u00e9ria, que faz um amplo pronunciamento sobre a mat\u00e9ria ficando favor\u00e1vel a sua aprova\u00e7\u00e3o. Usam tamb\u00e9m os vereadores Jorge Souza e Silva Filho, Herm\u00f3genes Gomes de Almeida, La\u00e9rcio Muniz de Azevedo J\u00fanior, Reinaldo Ferreira Santana, Carlos Alberto Dias dos Santos, Elizeu Concei\u00e7\u00e3o de Souza, Andreilto de Almeida Barbosa e Cleiton Vieira Pinto, que discutem a propositura e ficam favor\u00e1veis a sua aprova\u00e7\u00e3o e, ningu\u00e9m mais querendo discutir, \u00e9 colocado em vota\u00e7\u00e3o, sendo aprovado por unanimidade.<\/li><\/ul>\n\n\n\n<ul class=\"wp-block-list\"><li><strong>PARECER da Comiss\u00e3o Permanente de Legisla\u00e7\u00e3o, Justi\u00e7a, Postura e Reda\u00e7\u00e3o Final, ao Projeto de Lei do Legislativo n\u00ba 042\/2019<\/strong>, que \u201cDisp\u00f5e sobre a institui\u00e7\u00e3o no Munic\u00edpio de Senhor do Bonfim a Campanha Municipal Maria da Penha e de combate ao Ass\u00e9dio Moral e Sexual e d\u00e1 outras provid\u00eancias\u201d, \u00e9 colocado em discuss\u00e3o e usa da palavra o Vereador Herm\u00f3genes Gomes de Almeida, que discute a propositura ficando contr\u00e1rio a mat\u00e9ria. Usa tamb\u00e9m o Vereador La\u00e9rcio Muniz de Azevedo J\u00fanior, que discute a propositura ficando favor\u00e1vel a sua aprova\u00e7\u00e3o e, ningu\u00e9m mais querendo discutir, \u00e9 colocado em vota\u00e7\u00e3o, sendo aprovado por treze votos favor\u00e1veis e um contr\u00e1rio.<\/li><\/ul>\n\n\n\n<ul class=\"wp-block-list\"><li><strong>PARECER da Comiss\u00e3o Permanente de Educa\u00e7\u00e3o, Cultura, Sa\u00fade e Assist\u00eancia Social ao Projeto de Lei do Legislativo n\u00ba 042\/2019<\/strong>, que \u201cDisp\u00f5e sobre a institui\u00e7\u00e3o no Munic\u00edpio de Senhor do Bonfim a Campanha Municipal Maria da Penha e de combate ao Ass\u00e9dio Moral e Sexual e d\u00e1 outras provid\u00eancias\u201d, \u00e9 colocado em discuss\u00e3o e usa da palavra o Vereador Andreilto de Almeida Barbosa, que discute a propositura ficando favor\u00e1vel a sua aprova\u00e7\u00e3o e, ningu\u00e9m mais querendo discutir, \u00e9 colocado em vota\u00e7\u00e3o, sendo aprovado por treze votos favor\u00e1veis e um contr\u00e1rio.<\/li><\/ul>\n\n\n\n<ul class=\"wp-block-list\"><li><strong>PROJETO DE LEI DO LEGISLATIVO N\u00ba 042\/2019<\/strong>, de autoria do Vereador Elizeu Concei\u00e7\u00e3o de Souza, que \u201cDisp\u00f5e sobre a institui\u00e7\u00e3o no Munic\u00edpio de Senhor do Bonfim a Campanha Municipal Maria da Penha e de combate ao Ass\u00e9dio Moral e Sexual e d\u00e1 outras provid\u00eancias\u201d, \u00e9 colocado em discuss\u00e3o e usam da palavra os Vereadores La\u00e9rcio Muniz de Azevedo J\u00fanior, Cleiton Vieira Pinto, Elizeu Concei\u00e7\u00e3o, Reinaldo Jos\u00e9 da Silva e Gerivaldo Ribeiro Sampaio, que discutem a propositura e ficam favor\u00e1veis a sua aprova\u00e7\u00e3o. Usa tamb\u00e9m o Vereador Herm\u00f3genes Gomes de Almeida, que discute a propositura e fica contr\u00e1rio \u00e0 sua aprova\u00e7\u00e3o e, ningu\u00e9m mais querendo discutir, \u00e9 colocado em vota\u00e7\u00e3o, sendo aprovado por treze votos favor\u00e1veis e um contr\u00e1rio.<\/li><\/ul>\n\n\n\n<ul class=\"wp-block-list\"><li><strong>PARECER da Comiss\u00e3o Permanente de Legisla\u00e7\u00e3o, Justi\u00e7a, Postura e Reda\u00e7\u00e3o Final, ao Projeto de Lei do Legislativo n\u00ba 043\/2019<\/strong>, que \u201cDisp\u00f5e acerca da institui\u00e7\u00e3o de semin\u00e1rios em \u00e2mbito das escolas da rede municipal de ensino, em que versem sobre \u2018O perigo das drogas e a viol\u00eancia no bojo familiar\u201d, \u00e9 colocado em discuss\u00e3o e usa da palavra o Vereador La\u00e9rcio Muniz de Azevedo J\u00fanior e a Vereadora L\u00facia Cristina Souza Cerqueira da Silva, que discutem a propositura e ficam favor\u00e1veis a sua aprova\u00e7\u00e3o e, ningu\u00e9m mais querendo discutir, \u00e9 colocado em vota\u00e7\u00e3o, sendo aprovado por doze votos favor\u00e1veis e um contr\u00e1rio.<\/li><\/ul>\n\n\n\n<ul class=\"wp-block-list\"><li><strong>PARECER da Comiss\u00e3o Permanente de Educa\u00e7\u00e3o, Cultura, Sa\u00fade e Assist\u00eancia Social ao Projeto de Lei do Legislativo n\u00ba 043\/2019<\/strong>, que \u201cDisp\u00f5e acerca da institui\u00e7\u00e3o de semin\u00e1rios em \u00e2mbito das escolas da rede municipal de ensino, em que versem sobre \u2018O perigo das drogas e a viol\u00eancia no bojo familiar\u201d, \u00e9 colocado em discuss\u00e3o e usa da palavra o Vereador Andreilto de Almeida Barbosa que discute a propositura e fica favor\u00e1vel a sua aprova\u00e7\u00e3o e, ningu\u00e9m mais querendo discutir, \u00e9 colocado em vota\u00e7\u00e3o, sendo aprovado por doze votos favor\u00e1veis e um contr\u00e1rio.<\/li><\/ul>\n\n\n\n<ul class=\"wp-block-list\"><li><strong>PROJETO DE LEI DO LEGISLATIVO  N\u00ba 043\/2019<\/strong>, de autoria dos Vereadores Cleiton Vieira Pinto e L\u00facia Cristina Cerqueira, que \u201cDisp\u00f5e acerca da institui\u00e7\u00e3o de semin\u00e1rios em \u00e2mbito das escolas da rede municipal de ensino, em que versem sobre \u2018O perigo das drogas e a viol\u00eancia no bojo familiar\u201d \u00e9 colocado em discuss\u00e3o e usam da palavra os vereadores La\u00e9rcio Muniz de Azevedo J\u00fanior, L\u00facia Cristina Souza Cerqueira da Silva e Alexandre Ferreira, que discutem a propositura e ficam favor\u00e1veis a sua aprova\u00e7\u00e3o e, ningu\u00e9m mais querendo discutir, \u00e9 colocado em vota\u00e7\u00e3o, sendo aprovado por doze votos favor\u00e1veis e um contr\u00e1rio.<\/li><\/ul>\n\n\n\n<ul class=\"wp-block-list\"><li><strong>PARECER da Comiss\u00e3o Permanente de Legisla\u00e7\u00e3o, Justi\u00e7a, Postura e Reda\u00e7\u00e3o Final, ao Projeto de Decreto Legislativo n\u00ba 052\/2019<\/strong>, que \u201cConcede T\u00edtulo de Cidad\u00e3o Bonfinense ao Sr. Daniel Gomes de Almeida e d\u00e1 outras provid\u00eancias\u201d, \u00e9 colocado em discuss\u00e3o e, ningu\u00e9m querendo discutir, \u00e9 colocado em vota\u00e7\u00e3o, sendo aprovado por unanimidade.<\/li><\/ul>\n\n\n\n<ul class=\"wp-block-list\"><li><strong>PROJETO DE DECRETO LEGISLATIVO N\u00ba 052\/2019<\/strong>, de autoria do Vereador Andreilto de Almeida Barbosa, que \u201cConcede T\u00edtulo de Cidad\u00e3o Bonfinense ao Sr. Daniel Gomes de Almeida e d\u00e1 outras provid\u00eancias\u201d, \u00e9 colocado em discuss\u00e3o e usam da palavra os vereadores Andreilto de Almeida Barbosa e Elizeu Concei\u00e7\u00e3o de Souza, que discutem a propositura e ficam favor\u00e1veis a sua aprova\u00e7\u00e3o e, ningu\u00e9m mais querendo discutir, \u00e9 colocado em vota\u00e7\u00e3o, sendo aprovado por unanimidade.<\/li><\/ul>\n\n\n\n<p>Durante a Ordem do Dia, o Sr. Presidente prorrogou a Sess\u00e3o at\u00e9 que seja votada a \u00faltima mat\u00e9ria, o que \u00e9 feito. N\u00e3o havendo mais nenhuma mat\u00e9ria para ser discutida, e extrapolado o hor\u00e1rio regimental, o Sr. Presidente, \u00e0s vinte e tr\u00eas horas e vinte e cinco minutos, d\u00e1 por encerrada a Sess\u00e3o.<\/p>\n","protected":false},"excerpt":{"rendered":"<p>ASCOM &#8211; C\u00e2mara Municipal de Senhor do Bonfim-BA Nesta ter\u00e7a-feira, 10 de dezembro, foi realizada a 32\u00aa Sess\u00e3o Ordin\u00e1ria do 2\u00ba Per\u00edodo Ordin\u00e1rio, do ano de 2019, da C\u00e2mara Municipal de Senhor do Bonfim. Conduzida pelo Presidente da Casa, vereador Cleiton Vieira, a sess\u00e3o teve in\u00edcio \u00e0s 19h15, ap\u00f3s a chamada dos vereadores, onde havendo [&hellip;]<\/p>\n","protected":false},"author":2,"featured_media":0,"comment_status":"open","ping_status":"open","sticky":false,"template":"","format":"standard","meta":{"_acf_changed":false,"_monsterinsights_skip_tracking":false,"_monsterinsights_sitenote_active":false,"_monsterinsights_sitenote_note":"","_monsterinsights_sitenote_category":0,"_jetpack_memberships_contains_paid_content":false,"footnotes":"","jetpack_publicize_message":"","jetpack_publicize_feature_enabled":true,"jetpack_social_post_already_shared":true,"jetpack_social_options":{"image_generator_settings":{"template":"highway","default_image_id":0,"font":"","enabled":false},"version":2}},"categories":[1,3,4],"tags":[],"class_list":["post-39511","post","type-post","status-publish","format-standard","hentry","category-noticias","category-politica","category-local"],"acf":[],"jetpack_publicize_connections":[],"jetpack_featured_media_url":"","jetpack_sharing_enabled":true,"publishpress_future_workflow_manual_trigger":{"enabledWorkflows":[]},"_links":{"self":[{"href":"https:\/\/blogdoeloiltoncajuhy.com.br\/site\/wp-json\/wp\/v2\/posts\/39511","targetHints":{"allow":["GET"]}}],"collection":[{"href":"https:\/\/blogdoeloiltoncajuhy.com.br\/site\/wp-json\/wp\/v2\/posts"}],"about":[{"href":"https:\/\/blogdoeloiltoncajuhy.com.br\/site\/wp-json\/wp\/v2\/types\/post"}],"author":[{"embeddable":true,"href":"https:\/\/blogdoeloiltoncajuhy.com.br\/site\/wp-json\/wp\/v2\/users\/2"}],"replies":[{"embeddable":true,"href":"https:\/\/blogdoeloiltoncajuhy.com.br\/site\/wp-json\/wp\/v2\/comments?post=39511"}],"version-history":[{"count":1,"href":"https:\/\/blogdoeloiltoncajuhy.com.br\/site\/wp-json\/wp\/v2\/posts\/39511\/revisions"}],"predecessor-version":[{"id":39512,"href":"https:\/\/blogdoeloiltoncajuhy.com.br\/site\/wp-json\/wp\/v2\/posts\/39511\/revisions\/39512"}],"wp:attachment":[{"href":"https:\/\/blogdoeloiltoncajuhy.com.br\/site\/wp-json\/wp\/v2\/media?parent=39511"}],"wp:term":[{"taxonomy":"category","embeddable":true,"href":"https:\/\/blogdoeloiltoncajuhy.com.br\/site\/wp-json\/wp\/v2\/categories?post=39511"},{"taxonomy":"post_tag","embeddable":true,"href":"https:\/\/blogdoeloiltoncajuhy.com.br\/site\/wp-json\/wp\/v2\/tags?post=39511"}],"curies":[{"name":"wp","href":"https:\/\/api.w.org\/{rel}","templated":true}]}}