{"id":39505,"date":"2019-12-10T20:46:30","date_gmt":"2019-12-10T23:46:30","guid":{"rendered":"http:\/\/blogdoeloiltoncajuhy.com.br\/site\/?p=39505"},"modified":"2019-12-10T20:46:36","modified_gmt":"2019-12-10T23:46:36","slug":"espetaculo-colcha-de-retalhos-encenado-por-alunas-da-uati-sera-apresentado-nesta-sexta-feira-13","status":"publish","type":"post","link":"https:\/\/blogdoeloiltoncajuhy.com.br\/site\/espetaculo-colcha-de-retalhos-encenado-por-alunas-da-uati-sera-apresentado-nesta-sexta-feira-13\/","title":{"rendered":"Espet\u00e1culo \u201cColcha de Retalhos\u201d encenado por alunas da UATI ser\u00e1 apresentado nesta sexta-feira (13)"},"content":{"rendered":"\n<p><strong>Lorena Simas<\/strong><br>Coordenadora do N\u00facleo de Assessoria de Comunica\u00e7\u00e3o (NAC-DEDC\/UNEB)<\/p>\n\n\n\n<figure class=\"wp-block-gallery aligncenter columns-2 is-cropped wp-block-gallery-1 is-layout-flex wp-block-gallery-is-layout-flex\"><ul class=\"blocks-gallery-grid\"><li class=\"blocks-gallery-item\"><figure><img data-recalc-dims=\"1\" fetchpriority=\"high\" decoding=\"async\" width=\"723\" height=\"1024\" src=\"https:\/\/i0.wp.com\/blogdoeloiltoncajuhy.com.br\/site\/wp-content\/uploads\/2019\/12\/Uneb_ProjetoColchaRetalhos-01.jpeg?resize=723%2C1024\" alt=\"\" data-id=\"39506\" data-full-url=\"http:\/\/blogdoeloiltoncajuhy.com.br\/site\/wp-content\/uploads\/2019\/12\/Uneb_ProjetoColchaRetalhos-01.jpeg\" data-link=\"http:\/\/blogdoeloiltoncajuhy.com.br\/site\/?attachment_id=39506\" class=\"wp-image-39506\" srcset=\"https:\/\/i0.wp.com\/blogdoeloiltoncajuhy.com.br\/site\/wp-content\/uploads\/2019\/12\/Uneb_ProjetoColchaRetalhos-01.jpeg?resize=723%2C1024&amp;ssl=1 723w, https:\/\/i0.wp.com\/blogdoeloiltoncajuhy.com.br\/site\/wp-content\/uploads\/2019\/12\/Uneb_ProjetoColchaRetalhos-01.jpeg?resize=212%2C300&amp;ssl=1 212w, https:\/\/i0.wp.com\/blogdoeloiltoncajuhy.com.br\/site\/wp-content\/uploads\/2019\/12\/Uneb_ProjetoColchaRetalhos-01.jpeg?resize=768%2C1087&amp;ssl=1 768w, https:\/\/i0.wp.com\/blogdoeloiltoncajuhy.com.br\/site\/wp-content\/uploads\/2019\/12\/Uneb_ProjetoColchaRetalhos-01.jpeg?resize=177%2C250&amp;ssl=1 177w, https:\/\/i0.wp.com\/blogdoeloiltoncajuhy.com.br\/site\/wp-content\/uploads\/2019\/12\/Uneb_ProjetoColchaRetalhos-01.jpeg?w=904&amp;ssl=1 904w\" sizes=\"(max-width: 723px) 100vw, 723px\" \/><\/figure><\/li><li class=\"blocks-gallery-item\"><figure><img data-recalc-dims=\"1\" decoding=\"async\" width=\"723\" height=\"1024\" src=\"https:\/\/i0.wp.com\/blogdoeloiltoncajuhy.com.br\/site\/wp-content\/uploads\/2019\/12\/Uneb_ProjetoColchaRetalhos-02.jpeg?resize=723%2C1024\" alt=\"\" data-id=\"39507\" data-full-url=\"http:\/\/blogdoeloiltoncajuhy.com.br\/site\/wp-content\/uploads\/2019\/12\/Uneb_ProjetoColchaRetalhos-02.jpeg\" data-link=\"http:\/\/blogdoeloiltoncajuhy.com.br\/site\/?attachment_id=39507\" class=\"wp-image-39507\" srcset=\"https:\/\/i0.wp.com\/blogdoeloiltoncajuhy.com.br\/site\/wp-content\/uploads\/2019\/12\/Uneb_ProjetoColchaRetalhos-02.jpeg?resize=723%2C1024&amp;ssl=1 723w, https:\/\/i0.wp.com\/blogdoeloiltoncajuhy.com.br\/site\/wp-content\/uploads\/2019\/12\/Uneb_ProjetoColchaRetalhos-02.jpeg?resize=212%2C300&amp;ssl=1 212w, https:\/\/i0.wp.com\/blogdoeloiltoncajuhy.com.br\/site\/wp-content\/uploads\/2019\/12\/Uneb_ProjetoColchaRetalhos-02.jpeg?resize=768%2C1087&amp;ssl=1 768w, https:\/\/i0.wp.com\/blogdoeloiltoncajuhy.com.br\/site\/wp-content\/uploads\/2019\/12\/Uneb_ProjetoColchaRetalhos-02.jpeg?resize=177%2C250&amp;ssl=1 177w, https:\/\/i0.wp.com\/blogdoeloiltoncajuhy.com.br\/site\/wp-content\/uploads\/2019\/12\/Uneb_ProjetoColchaRetalhos-02.jpeg?w=904&amp;ssl=1 904w\" sizes=\"(max-width: 723px) 100vw, 723px\" \/><\/figure><\/li><\/ul><\/figure>\n\n\n\n<p>Mem\u00f3rias, can\u00e7\u00f5es, cantigas de roda e ciranda fazem parte do espet\u00e1culo <strong><em>\u201cColcha de Retalhos\u201d<\/em><\/strong> apresentado pelas alunas da Universidade Aberta \u00e0 Terceira Idade (UATI) do Departamento de Educa\u00e7\u00e3o (DEDC), Campus VII da UNEB. O espet\u00e1culo ser\u00e1 apresentado nesta sexta-feira (13), \u00e0s 17h30 no Centro de Artes Professor Marcos F\u00e1bio Oliveira Marques localizado no Col\u00e9gio Estadual Senhor do Bonfim (CESB).<\/p>\n\n\n\n<p>O espet\u00e1culo aborda sobre mem\u00f3rias e perip\u00e9cias das alunas da UATI, apresentando can\u00e7\u00f5es e cirandas que fazem parte das suas lembran\u00e7as. <em>\u201cTrazemos o resgate de belas m\u00fasicas cantadas ao vivo, enquanto as mem\u00f3rias de vida v\u00e3o sendo narradas de forma po\u00e9tica e simples como se estivessem no banco, na cal\u00e7ada das suas casas, na rua ou na pra\u00e7a\u201d<\/em>, explica o diretor da pe\u00e7a, Enjolras de Oliveira.<\/p>\n\n\n\n<p>A pe\u00e7a remete, ainda, a valoriza\u00e7\u00e3o dos relacionamentos, dos sentimentos humanos e da cultura que pode ser perdida com o tempo, caindo para sempre no esquecimento.  \u201cColcha de Retalhos\u201d \u00e9 o encerramento do projeto de extens\u00e3o <strong><em>\u201cO Teatro de reminisc\u00eancias como pr\u00e1tica de experimenta\u00e7\u00e3o\u201d<\/em><\/strong>, com realiza\u00e7\u00e3o do curso de Teatro e da UATI do DEDC VII da UNEB. A entrada \u00e9 gratuita.<\/p>\n","protected":false},"excerpt":{"rendered":"<p>Lorena SimasCoordenadora do N\u00facleo de Assessoria de Comunica\u00e7\u00e3o (NAC-DEDC\/UNEB) Mem\u00f3rias, can\u00e7\u00f5es, cantigas de roda e ciranda fazem parte do espet\u00e1culo \u201cColcha de Retalhos\u201d apresentado pelas alunas da Universidade Aberta \u00e0 Terceira Idade (UATI) do Departamento de Educa\u00e7\u00e3o (DEDC), Campus VII da UNEB. O espet\u00e1culo ser\u00e1 apresentado nesta sexta-feira (13), \u00e0s 17h30 no Centro de Artes [&hellip;]<\/p>\n","protected":false},"author":2,"featured_media":39507,"comment_status":"open","ping_status":"open","sticky":false,"template":"","format":"standard","meta":{"_acf_changed":false,"_monsterinsights_skip_tracking":false,"_monsterinsights_sitenote_active":false,"_monsterinsights_sitenote_note":"","_monsterinsights_sitenote_category":0,"_jetpack_memberships_contains_paid_content":false,"footnotes":"","jetpack_publicize_message":"","jetpack_publicize_feature_enabled":true,"jetpack_social_post_already_shared":true,"jetpack_social_options":{"image_generator_settings":{"template":"highway","default_image_id":0,"font":"","enabled":false},"version":2}},"categories":[8,1,4],"tags":[],"class_list":["post-39505","post","type-post","status-publish","format-standard","has-post-thumbnail","hentry","category-cultura","category-noticias","category-local"],"acf":[],"jetpack_publicize_connections":[],"jetpack_featured_media_url":"https:\/\/i0.wp.com\/blogdoeloiltoncajuhy.com.br\/site\/wp-content\/uploads\/2019\/12\/Uneb_ProjetoColchaRetalhos-02.jpeg?fit=904%2C1280&ssl=1","jetpack_sharing_enabled":true,"publishpress_future_workflow_manual_trigger":{"enabledWorkflows":[]},"_links":{"self":[{"href":"https:\/\/blogdoeloiltoncajuhy.com.br\/site\/wp-json\/wp\/v2\/posts\/39505","targetHints":{"allow":["GET"]}}],"collection":[{"href":"https:\/\/blogdoeloiltoncajuhy.com.br\/site\/wp-json\/wp\/v2\/posts"}],"about":[{"href":"https:\/\/blogdoeloiltoncajuhy.com.br\/site\/wp-json\/wp\/v2\/types\/post"}],"author":[{"embeddable":true,"href":"https:\/\/blogdoeloiltoncajuhy.com.br\/site\/wp-json\/wp\/v2\/users\/2"}],"replies":[{"embeddable":true,"href":"https:\/\/blogdoeloiltoncajuhy.com.br\/site\/wp-json\/wp\/v2\/comments?post=39505"}],"version-history":[{"count":1,"href":"https:\/\/blogdoeloiltoncajuhy.com.br\/site\/wp-json\/wp\/v2\/posts\/39505\/revisions"}],"predecessor-version":[{"id":39508,"href":"https:\/\/blogdoeloiltoncajuhy.com.br\/site\/wp-json\/wp\/v2\/posts\/39505\/revisions\/39508"}],"wp:featuredmedia":[{"embeddable":true,"href":"https:\/\/blogdoeloiltoncajuhy.com.br\/site\/wp-json\/wp\/v2\/media\/39507"}],"wp:attachment":[{"href":"https:\/\/blogdoeloiltoncajuhy.com.br\/site\/wp-json\/wp\/v2\/media?parent=39505"}],"wp:term":[{"taxonomy":"category","embeddable":true,"href":"https:\/\/blogdoeloiltoncajuhy.com.br\/site\/wp-json\/wp\/v2\/categories?post=39505"},{"taxonomy":"post_tag","embeddable":true,"href":"https:\/\/blogdoeloiltoncajuhy.com.br\/site\/wp-json\/wp\/v2\/tags?post=39505"}],"curies":[{"name":"wp","href":"https:\/\/api.w.org\/{rel}","templated":true}]}}