{"id":39482,"date":"2019-12-10T11:08:03","date_gmt":"2019-12-10T14:08:03","guid":{"rendered":"http:\/\/blogdoeloiltoncajuhy.com.br\/site\/?p=39482"},"modified":"2019-12-10T11:09:34","modified_gmt":"2019-12-10T14:09:34","slug":"camara-municipal-de-senhor-do-bonfim-divulga-pauta-da-sessao-ordinaria-dessa-terca-feira-10","status":"publish","type":"post","link":"https:\/\/blogdoeloiltoncajuhy.com.br\/site\/camara-municipal-de-senhor-do-bonfim-divulga-pauta-da-sessao-ordinaria-dessa-terca-feira-10\/","title":{"rendered":"C\u00e2mara Municipal de Senhor do Bonfim divulga pauta da sess\u00e3o ordin\u00e1ria dessa ter\u00e7a-feira (10)"},"content":{"rendered":"\n<p><strong>ASCOM &#8211; C\u00e2mara Municipal de Senhor do Bonfim-BA<\/strong><\/p>\n\n\n\n<div class=\"wp-block-image\"><figure class=\"aligncenter size-large\"><img data-recalc-dims=\"1\" fetchpriority=\"high\" decoding=\"async\" width=\"768\" height=\"427\" src=\"https:\/\/i0.wp.com\/blogdoeloiltoncajuhy.com.br\/site\/wp-content\/uploads\/2019\/04\/camara-de-bonfim-2.jpg?resize=768%2C427\" alt=\"\" class=\"wp-image-33523\" srcset=\"https:\/\/i0.wp.com\/blogdoeloiltoncajuhy.com.br\/site\/wp-content\/uploads\/2019\/04\/camara-de-bonfim-2.jpg?w=768&amp;ssl=1 768w, https:\/\/i0.wp.com\/blogdoeloiltoncajuhy.com.br\/site\/wp-content\/uploads\/2019\/04\/camara-de-bonfim-2.jpg?resize=300%2C167&amp;ssl=1 300w, https:\/\/i0.wp.com\/blogdoeloiltoncajuhy.com.br\/site\/wp-content\/uploads\/2019\/04\/camara-de-bonfim-2.jpg?resize=250%2C139&amp;ssl=1 250w\" sizes=\"(max-width: 768px) 100vw, 768px\" \/><\/figure><\/div>\n\n\n\n<p>Ser\u00e1 realizada nesta ter\u00e7a-feira, 10 de dezembro, mais uma sess\u00e3o ordin\u00e1ria da C\u00e2mara Municipal de Senhor do Bonfim. A sess\u00e3o tamb\u00e9m ser\u00e1 transmitida pela internet a partir das 19h. <\/p>\n\n\n\n<p class=\"has-medium-font-size\"><strong>DURANTE O EXPEDIENTE SER\u00c3O LIDAS AS MAT\u00c9RIAS:<\/strong> <\/p>\n\n\n\n<ul class=\"wp-block-list\"><li><strong>PROJETO DE LEI DO LEGISLATIVO<\/strong>, de autoria do vereador Reinaldo Ferreira Santana, que \u201cdeclara as apresenta\u00e7\u00f5es do \u2018Terno de Reis do Quic\u00e9\u2019, Patrim\u00f4nio Cultural e Imaterial de Senhor do Bonfim e d\u00e1 outras provid\u00eancias\u201d;<\/li><\/ul>\n\n\n\n<ul class=\"wp-block-list\"><li><strong>Parecer da Comiss\u00e3o Permanente de Legisla\u00e7\u00e3o, Justi\u00e7a, Postura e Reda\u00e7\u00e3o Final, ao Projeto de Lei do Legislativo n\u00ba 042\/2019<\/strong>;<\/li><\/ul>\n\n\n\n<ul class=\"wp-block-list\"><li><strong>Parecer da Comiss\u00e3o Permanente de Educa\u00e7\u00e3o, Cultura, Sa\u00fade e Assist\u00eancia Social ao Projeto de Lei do Legislativo n\u00ba 042\/2019<\/strong>;<\/li><\/ul>\n\n\n\n<ul class=\"wp-block-list\"><li><strong>Parecer da Comiss\u00e3o Permanente de Legisla\u00e7\u00e3o, Justi\u00e7a, Postura e Reda\u00e7\u00e3o Final, ao Projeto de Lei do Legislativo n\u00ba 043\/2019<\/strong>;<\/li><\/ul>\n\n\n\n<ul class=\"wp-block-list\"><li><strong>Parecer da Comiss\u00e3o Permanente de Educa\u00e7\u00e3o, Cultura, Sa\u00fade e Assist\u00eancia Social ao Projeto de Lei do Legislativo n\u00ba 043\/2019<\/strong>;<\/li><\/ul>\n\n\n\n<ul class=\"wp-block-list\"><li><strong>Parecer da Comiss\u00e3o Permanente de Legisla\u00e7\u00e3o, Justi\u00e7a, Postura e Reda\u00e7\u00e3o Final, ao Projeto de Lei do Legislativo n\u00ba 045\/2019<\/strong>;<\/li><\/ul>\n\n\n\n<ul class=\"wp-block-list\"><li><strong>Parecer da Comiss\u00e3o Permanente de Educa\u00e7\u00e3o, Cultura, Sa\u00fade e Assist\u00eancia Social ao Projeto de Lei do Legislativo n\u00ba 045\/2019<\/strong>;<\/li><\/ul>\n\n\n\n<ul class=\"wp-block-list\"><li><strong>Parecer da Comiss\u00e3o Permanente de Legisla\u00e7\u00e3o, Justi\u00e7a, Postura e Reda\u00e7\u00e3o Final, ao Projeto de Decreto Legislativo n\u00ba 052\/2019<\/strong>;<\/li><\/ul>\n\n\n\n<ul class=\"wp-block-list\"><li><strong>INDICA\u00c7\u00c3O N\u00ba 007\/2019<\/strong>, de autoria do vereador Gerivaldo Ribeiro Sampaio, que \u201csolicita provid\u00eancias com rela\u00e7\u00e3o ao atendimento do SAC \u2013 Servi\u00e7o de Atendimento ao Cidad\u00e3o no servi\u00e7o de distribui\u00e7\u00e3o de senhas para RG, pois o n\u00famero de senhas foram reduzidas para 70%\u201d;<\/li><\/ul>\n\n\n\n<ul class=\"wp-block-list\"><li><strong>PEDIDO DE PROVID\u00caNCIA N\u00ba 021\/2019<\/strong>, de autoria da vereadora L\u00facia Cristina Souza Cerqueira, que solicita \u201cque seja feita a limpeza do canal na Rua da B\u00e9lgica, bairro Olaria, munic\u00edpio de Senhor do Bonfim\u201d;<\/li><\/ul>\n\n\n\n<ul class=\"wp-block-list\"><li><strong>PEDIDO DE PROVID\u00caNCIA N\u00ba 061\/2019<\/strong>, de autoria do vereador Elizeu Concei\u00e7\u00e3o de Souza, que solicita que \u201cseja realizado o servi\u00e7o de capinagem e poda do matagal bem como a manuten\u00e7\u00e3o do cal\u00e7amento na Rua Daiane dos Santos no bairro Vila Bela em Senhor do Bonfim\u201d;<\/li><\/ul>\n\n\n\n<ul class=\"wp-block-list\"><li><strong>PEDIDO DE PROVID\u00caNCIA N\u00ba 083\/2019<\/strong>, de autoria do vereador La\u00e9rcio Muniz de Azevedo J\u00fanior, que solicita que \u201ca Secretaria Municipal de Infraestrutura promova a melhoria da via p\u00fablica, rua Oper\u00e1rios da Leste, Centro, fazendo a melhoria do seu cal\u00e7amento\u201d;<\/li><\/ul>\n\n\n\n<ul class=\"wp-block-list\"><li><strong>PEDIDO DE PROVID\u00caNCIA N\u00ba 084\/2019<\/strong>, de autoria do vereador La\u00e9rcio Muniz de Azevedo J\u00fanior, que solicita que \u201ca Secretaria Municipal de Infraestrutura promova a melhoria da via p\u00fablica, travessa C\u00e2ndido Augusto Martins, bairro Campo Clube, fazendo a poda das \u00e1rvores\u201d;<\/li><\/ul>\n\n\n\n<ul class=\"wp-block-list\"><li><strong>PEDIDO DE PROVID\u00caNCIA N\u00ba 085\/2019<\/strong>, de autoria do vereador La\u00e9rcio Muniz de Azevedo J\u00fanior, que solicita que \u201ca Secretaria Municipal de Infraestrutura promova a melhoria da ilumina\u00e7\u00e3o p\u00fablica, na Rua Renato Guimar\u00e3es, bairro Pebinhas, fazendo a reposi\u00e7\u00e3o de l\u00e2mpadas\u201d;<\/li><\/ul>\n\n\n\n<ul class=\"wp-block-list\"><li><strong>PEDIDO DE PROVID\u00caNCIA N\u00ba 086\/2019<\/strong>, de autoria do vereador La\u00e9rcio Muniz de Azevedo J\u00fanior, que solicita que \u201ca Secretaria Municipal de Infraestrutura promova a melhoria da via p\u00fablica, rua Amazonas, bairro Rodovi\u00e1rio, fazendo a manuten\u00e7\u00e3o da rede de esgoto\u201d;<\/li><\/ul>\n\n\n\n<ul class=\"wp-block-list\"><li><strong>PEDIDO DE PROVID\u00caNCIA N\u00ba 087\/2019<\/strong>, de autoria do vereador La\u00e9rcio Muniz de Azevedo J\u00fanior, que solicita que \u201ca Secretaria Municipal de Infraestrutura promova a melhoria da via p\u00fablica, rua Ramiro Miranda, bairro S\u00e3o Jorge, fazendo a manuten\u00e7\u00e3o da rede de esgoto\u201d.<\/li><\/ul>\n\n\n\n<p class=\"has-medium-font-size\"><strong>ORDEM DO DO DIA<\/strong><\/p>\n\n\n\n<ul class=\"wp-block-list\"><li><strong>Parecer da Comiss\u00e3o Permanente de Legisla\u00e7\u00e3o, Justi\u00e7a, Postura e Reda\u00e7\u00e3o Final, ao Projeto de Lei do Legislativo n\u00ba 042\/2019<\/strong>;<\/li><\/ul>\n\n\n\n<ul class=\"wp-block-list\"><li><strong>Parecer da Comiss\u00e3o Permanente de Educa\u00e7\u00e3o, Cultura, Sa\u00fade e Assist\u00eancia Social ao Projeto de Lei do Legislativo n\u00ba 042\/2019<\/strong>;<\/li><\/ul>\n\n\n\n<ul class=\"wp-block-list\"><li><strong>PROJETO DE LEI DO LEGISLATIVO N\u00ba 042\/2019<\/strong>, de autoria do vereador Elizeu Concei\u00e7\u00e3o de Souza, que \u201cDisp\u00f5e sobre a institui\u00e7\u00e3o no Munic\u00edpio de Senhor do Bonfim a Campanha Municipal Maria da Penha e de combate ao Ass\u00e9dio Moral e Sexual e d\u00e1 outras provid\u00eancias\u201d;<\/li><\/ul>\n\n\n\n<ul class=\"wp-block-list\"><li><strong>Parecer da Comiss\u00e3o Permanente de Legisla\u00e7\u00e3o, Justi\u00e7a, Postura e Reda\u00e7\u00e3o Final, ao Projeto de Lei do Legislativo n\u00ba 043\/2019<\/strong>;<\/li><\/ul>\n\n\n\n<ul class=\"wp-block-list\"><li><strong>Parecer da Comiss\u00e3o Permanente de Educa\u00e7\u00e3o, Cultura, Sa\u00fade e Assist\u00eancia Social ao Projeto de Lei do Legislativo n\u00ba 043\/2019<\/strong>;<\/li><\/ul>\n\n\n\n<ul class=\"wp-block-list\"><li><strong>PROJETO DE LEI DO LEGISLATIVO N\u00ba 043\/2019<\/strong>, de autoria dos vereadores Cleiton Vieira Pinto e L\u00facia Cristina Cerqueira, que \u201cDisp\u00f5e acerca da institui\u00e7\u00e3o de semin\u00e1rios em \u00e2mbito das escolas da rede municipal de ensino, em que versem sobre \u2018 O perigo das drogas e a viol\u00eancia no bojo familiar\u2019\u201d;<\/li><\/ul>\n\n\n\n<ul class=\"wp-block-list\"><li><strong>Parecer da Comiss\u00e3o Permanente de Legisla\u00e7\u00e3o, Justi\u00e7a, Postura e Reda\u00e7\u00e3o Final, ao Projeto de Lei do Legislativo n\u00ba 045\/2019<\/strong>;<\/li><\/ul>\n\n\n\n<ul class=\"wp-block-list\"><li><strong>Parecer da Comiss\u00e3o Permanente de Educa\u00e7\u00e3o, Cultura, Sa\u00fade e Assist\u00eancia Social ao Projeto de Lei do Legislativo n\u00ba 045\/2019<\/strong>;<\/li><\/ul>\n\n\n\n<ul class=\"wp-block-list\"><li><strong>PROJETO DE LEI DO LEGISLATIVO N\u00ba 045\/2019<\/strong>, de autoria da vereadora L\u00facia Cristina Cerqueira, que \u201cDeclara como Patrim\u00f4nio Cultural Imaterial do Munic\u00edpio de Senhor do Bonfim o Terno de Reis de Passagem Velha\u201d;<\/li><\/ul>\n\n\n\n<ul class=\"wp-block-list\"><li><strong>Parecer da Comiss\u00e3o Permanente de Legisla\u00e7\u00e3o, Justi\u00e7a, Postura e Reda\u00e7\u00e3o Final, ao Projeto de Decreto Legislativo n\u00ba 052\/2019<\/strong>;<\/li><\/ul>\n\n\n\n<ul class=\"wp-block-list\"><li><strong>PROJETO DE DECRETO LEGISLATIVO N\u00ba 052\/2019<\/strong>, de autoria do vereador Andreilto de Almeida Barbosa, que \u201cConcede T\u00edtulo de Cidad\u00e3o Bonfinense ao Sr. Daniel Gomes de Almeida e d\u00e1 outras provid\u00eancias\u201d.<\/li><\/ul>\n","protected":false},"excerpt":{"rendered":"<p>ASCOM &#8211; C\u00e2mara Municipal de Senhor do Bonfim-BA Ser\u00e1 realizada nesta ter\u00e7a-feira, 10 de dezembro, mais uma sess\u00e3o ordin\u00e1ria da C\u00e2mara Municipal de Senhor do Bonfim. A sess\u00e3o tamb\u00e9m ser\u00e1 transmitida pela internet a partir das 19h. DURANTE O EXPEDIENTE SER\u00c3O LIDAS AS MAT\u00c9RIAS: PROJETO DE LEI DO LEGISLATIVO, de autoria do vereador Reinaldo Ferreira [&hellip;]<\/p>\n","protected":false},"author":2,"featured_media":0,"comment_status":"open","ping_status":"open","sticky":false,"template":"","format":"standard","meta":{"_acf_changed":false,"_monsterinsights_skip_tracking":false,"_monsterinsights_sitenote_active":false,"_monsterinsights_sitenote_note":"","_monsterinsights_sitenote_category":0,"_jetpack_memberships_contains_paid_content":false,"footnotes":"","jetpack_publicize_message":"","jetpack_publicize_feature_enabled":true,"jetpack_social_post_already_shared":true,"jetpack_social_options":{"image_generator_settings":{"template":"highway","default_image_id":0,"font":"","enabled":false},"version":2}},"categories":[1,3,4],"tags":[],"class_list":["post-39482","post","type-post","status-publish","format-standard","hentry","category-noticias","category-politica","category-local"],"acf":[],"jetpack_publicize_connections":[],"jetpack_featured_media_url":"","jetpack_sharing_enabled":true,"publishpress_future_workflow_manual_trigger":{"enabledWorkflows":[]},"_links":{"self":[{"href":"https:\/\/blogdoeloiltoncajuhy.com.br\/site\/wp-json\/wp\/v2\/posts\/39482","targetHints":{"allow":["GET"]}}],"collection":[{"href":"https:\/\/blogdoeloiltoncajuhy.com.br\/site\/wp-json\/wp\/v2\/posts"}],"about":[{"href":"https:\/\/blogdoeloiltoncajuhy.com.br\/site\/wp-json\/wp\/v2\/types\/post"}],"author":[{"embeddable":true,"href":"https:\/\/blogdoeloiltoncajuhy.com.br\/site\/wp-json\/wp\/v2\/users\/2"}],"replies":[{"embeddable":true,"href":"https:\/\/blogdoeloiltoncajuhy.com.br\/site\/wp-json\/wp\/v2\/comments?post=39482"}],"version-history":[{"count":2,"href":"https:\/\/blogdoeloiltoncajuhy.com.br\/site\/wp-json\/wp\/v2\/posts\/39482\/revisions"}],"predecessor-version":[{"id":39484,"href":"https:\/\/blogdoeloiltoncajuhy.com.br\/site\/wp-json\/wp\/v2\/posts\/39482\/revisions\/39484"}],"wp:attachment":[{"href":"https:\/\/blogdoeloiltoncajuhy.com.br\/site\/wp-json\/wp\/v2\/media?parent=39482"}],"wp:term":[{"taxonomy":"category","embeddable":true,"href":"https:\/\/blogdoeloiltoncajuhy.com.br\/site\/wp-json\/wp\/v2\/categories?post=39482"},{"taxonomy":"post_tag","embeddable":true,"href":"https:\/\/blogdoeloiltoncajuhy.com.br\/site\/wp-json\/wp\/v2\/tags?post=39482"}],"curies":[{"name":"wp","href":"https:\/\/api.w.org\/{rel}","templated":true}]}}