{"id":39480,"date":"2019-12-10T07:26:15","date_gmt":"2019-12-10T10:26:15","guid":{"rendered":"http:\/\/blogdoeloiltoncajuhy.com.br\/site\/?p=39480"},"modified":"2019-12-10T07:26:21","modified_gmt":"2019-12-10T10:26:21","slug":"ministerio-da-saude-firma-parceria-com-ibge-para-fazer-retrato-da-saude-da-populacao","status":"publish","type":"post","link":"https:\/\/blogdoeloiltoncajuhy.com.br\/site\/ministerio-da-saude-firma-parceria-com-ibge-para-fazer-retrato-da-saude-da-populacao\/","title":{"rendered":"Minist\u00e9rio da Sa\u00fade firma parceria com IBGE para fazer retrato da sa\u00fade da popula\u00e7\u00e3o"},"content":{"rendered":"\n<p><strong>Bahia Not\u00edcias<\/strong><\/p>\n\n\n\n<div class=\"wp-block-image\"><figure class=\"aligncenter size-large\"><img data-recalc-dims=\"1\" fetchpriority=\"high\" decoding=\"async\" width=\"500\" height=\"331\" src=\"https:\/\/i0.wp.com\/blogdoeloiltoncajuhy.com.br\/site\/wp-content\/uploads\/2015\/12\/concurso-ibge.jpg?resize=500%2C331\" alt=\"\" class=\"wp-image-6672\" srcset=\"https:\/\/i0.wp.com\/blogdoeloiltoncajuhy.com.br\/site\/wp-content\/uploads\/2015\/12\/concurso-ibge.jpg?w=500&amp;ssl=1 500w, https:\/\/i0.wp.com\/blogdoeloiltoncajuhy.com.br\/site\/wp-content\/uploads\/2015\/12\/concurso-ibge.jpg?resize=300%2C199&amp;ssl=1 300w, https:\/\/i0.wp.com\/blogdoeloiltoncajuhy.com.br\/site\/wp-content\/uploads\/2015\/12\/concurso-ibge.jpg?resize=250%2C166&amp;ssl=1 250w\" sizes=\"(max-width: 500px) 100vw, 500px\" \/><\/figure><\/div>\n\n\n\n<p>O Minist\u00e9rio da Sa\u00fade e o Instituto Brasileiro de Geografia e Estat\u00edstica (IBGE) firmaram um acordo para levantar informa\u00e7\u00f5es sobre a sa\u00fade da popula\u00e7\u00e3o e a capacidade do Sistema \u00danico de Sa\u00fade (SUS), com foco na Aten\u00e7\u00e3o Prim\u00e1ria \u00e0 Sa\u00fade (APS).<\/p>\n\n\n\n<p>O termo de Coopera\u00e7\u00e3o T\u00e9cnica de Pesquisa em Sa\u00fade de Base Domiciliar Nacional entre o MS e o IBGE foi formalizado nesta segunda-feira (9).<\/p>\n\n\n\n<p>De acordo com o MS, o conv\u00eanio contar\u00e1 com R$ 30,1 milh\u00f5es da pasta para a realiza\u00e7\u00e3o de tr\u00eas pesquisas: a Pesquisa Nacional por Amostra de Domic\u00edlios Cont\u00ednua (PNAD Cont\u00ednua), a Pesquisa Nacional de Demografia e Sa\u00fade (PNDS) e a Pesquisa de Assist\u00eancia M\u00e9dico-Sanit\u00e1ria (AMS).<\/p>\n\n\n\n<p>A partir da coopera\u00e7\u00e3o, o Minist\u00e9rio da Sa\u00fade vai aproveitar inqu\u00e9ritos j\u00e1 realizados pelo IBGE para incluir assuntos relevantes para a avalia\u00e7\u00e3o do momento atual do SUS. A defini\u00e7\u00e3o das pesquisas e seu conte\u00fado \u00e9 uma parceria interministerial entre o Minist\u00e9rio da Sa\u00fade e o Minist\u00e9rio da Cidadania.<\/p>\n","protected":false},"excerpt":{"rendered":"<p>Bahia Not\u00edcias O Minist\u00e9rio da Sa\u00fade e o Instituto Brasileiro de Geografia e Estat\u00edstica (IBGE) firmaram um acordo para levantar informa\u00e7\u00f5es sobre a sa\u00fade da popula\u00e7\u00e3o e a capacidade do Sistema \u00danico de Sa\u00fade (SUS), com foco na Aten\u00e7\u00e3o Prim\u00e1ria \u00e0 Sa\u00fade (APS). O termo de Coopera\u00e7\u00e3o T\u00e9cnica de Pesquisa em Sa\u00fade de Base Domiciliar [&hellip;]<\/p>\n","protected":false},"author":2,"featured_media":0,"comment_status":"open","ping_status":"open","sticky":false,"template":"","format":"standard","meta":{"_acf_changed":false,"_monsterinsights_skip_tracking":false,"_monsterinsights_sitenote_active":false,"_monsterinsights_sitenote_note":"","_monsterinsights_sitenote_category":0,"_jetpack_memberships_contains_paid_content":false,"footnotes":"","jetpack_publicize_message":"","jetpack_publicize_feature_enabled":true,"jetpack_social_post_already_shared":true,"jetpack_social_options":{"image_generator_settings":{"template":"highway","default_image_id":0,"font":"","enabled":false},"version":2}},"categories":[1,7],"tags":[],"class_list":["post-39480","post","type-post","status-publish","format-standard","hentry","category-noticias","category-saude"],"acf":[],"jetpack_publicize_connections":[],"jetpack_featured_media_url":"","jetpack_sharing_enabled":true,"publishpress_future_workflow_manual_trigger":{"enabledWorkflows":[]},"_links":{"self":[{"href":"https:\/\/blogdoeloiltoncajuhy.com.br\/site\/wp-json\/wp\/v2\/posts\/39480","targetHints":{"allow":["GET"]}}],"collection":[{"href":"https:\/\/blogdoeloiltoncajuhy.com.br\/site\/wp-json\/wp\/v2\/posts"}],"about":[{"href":"https:\/\/blogdoeloiltoncajuhy.com.br\/site\/wp-json\/wp\/v2\/types\/post"}],"author":[{"embeddable":true,"href":"https:\/\/blogdoeloiltoncajuhy.com.br\/site\/wp-json\/wp\/v2\/users\/2"}],"replies":[{"embeddable":true,"href":"https:\/\/blogdoeloiltoncajuhy.com.br\/site\/wp-json\/wp\/v2\/comments?post=39480"}],"version-history":[{"count":1,"href":"https:\/\/blogdoeloiltoncajuhy.com.br\/site\/wp-json\/wp\/v2\/posts\/39480\/revisions"}],"predecessor-version":[{"id":39481,"href":"https:\/\/blogdoeloiltoncajuhy.com.br\/site\/wp-json\/wp\/v2\/posts\/39480\/revisions\/39481"}],"wp:attachment":[{"href":"https:\/\/blogdoeloiltoncajuhy.com.br\/site\/wp-json\/wp\/v2\/media?parent=39480"}],"wp:term":[{"taxonomy":"category","embeddable":true,"href":"https:\/\/blogdoeloiltoncajuhy.com.br\/site\/wp-json\/wp\/v2\/categories?post=39480"},{"taxonomy":"post_tag","embeddable":true,"href":"https:\/\/blogdoeloiltoncajuhy.com.br\/site\/wp-json\/wp\/v2\/tags?post=39480"}],"curies":[{"name":"wp","href":"https:\/\/api.w.org\/{rel}","templated":true}]}}