{"id":39474,"date":"2019-12-10T07:03:45","date_gmt":"2019-12-10T10:03:45","guid":{"rendered":"http:\/\/blogdoeloiltoncajuhy.com.br\/site\/?p=39474"},"modified":"2019-12-10T07:03:51","modified_gmt":"2019-12-10T10:03:51","slug":"operacao-detalhes-apos-decisao-do-stf-sobre-coaf-acao-contra-deputado-roberto-carlos-volta-a-tramitar-no-tj-ba","status":"publish","type":"post","link":"https:\/\/blogdoeloiltoncajuhy.com.br\/site\/operacao-detalhes-apos-decisao-do-stf-sobre-coaf-acao-contra-deputado-roberto-carlos-volta-a-tramitar-no-tj-ba\/","title":{"rendered":"Opera\u00e7\u00e3o Detalhes: Ap\u00f3s decis\u00e3o do STF sobre Coaf, a\u00e7\u00e3o contra Deputado Roberto Carlos volta a tramitar no TJ-BA"},"content":{"rendered":"\n<p><strong>Bahia Not\u00edcias<\/strong><\/p>\n\n\n\n<div class=\"wp-block-image\"><figure class=\"aligncenter size-large is-resized\"><img data-recalc-dims=\"1\" fetchpriority=\"high\" decoding=\"async\" src=\"https:\/\/i0.wp.com\/blogdoeloiltoncajuhy.com.br\/site\/wp-content\/uploads\/2019\/12\/DeputadoRobertoCarlos_0918.jpg?resize=475%2C350\" alt=\"\" class=\"wp-image-39475\" width=\"475\" height=\"350\" srcset=\"https:\/\/i0.wp.com\/blogdoeloiltoncajuhy.com.br\/site\/wp-content\/uploads\/2019\/12\/DeputadoRobertoCarlos_0918.jpg?w=380&amp;ssl=1 380w, https:\/\/i0.wp.com\/blogdoeloiltoncajuhy.com.br\/site\/wp-content\/uploads\/2019\/12\/DeputadoRobertoCarlos_0918.jpg?resize=300%2C221&amp;ssl=1 300w, https:\/\/i0.wp.com\/blogdoeloiltoncajuhy.com.br\/site\/wp-content\/uploads\/2019\/12\/DeputadoRobertoCarlos_0918.jpg?resize=250%2C184&amp;ssl=1 250w\" sizes=\"(max-width: 475px) 100vw, 475px\" \/><figcaption><em>Foto: Jefferson Peixoto\/ Ag. Haack\/ BN<\/em><\/figcaption><\/figure><\/div>\n\n\n\n<p>O processo contra o deputado estadual Roberto Carlos (PDT-BA), deflagrado na Opera\u00e7\u00e3o Detalhes, ser\u00e1 retomado pelo Tribunal de Justi\u00e7a da Bahia (TJ-BA), ap\u00f3s decis\u00e3o do Supremo Tribunal Federal (STF) sobre compartilhamento de informa\u00e7\u00f5es de movimenta\u00e7\u00f5es financeiras com o Minist\u00e9rio P\u00fablico. O processo havia sido suspenso pelo relator do caso, desembargador J\u00falio Travessa, a partir de uma decis\u00e3o do ministro Dias Toffoli, presidente do Supremo (<strong><a rel=\"noreferrer noopener\" href=\"https:\/\/www.bahianoticias.com.br\/justica\/noticia\/61006-tj-ba-suspende-acao-penal-contra-roberto-carlos-por-ser-baseada-em-relatorio-do-coaf.html\" target=\"_blank\">relembre<\/a><\/strong>).<\/p>\n\n\n\n<p>Com a revoga\u00e7\u00e3o da suspens\u00e3o, o processo deve voltar a tramitar normalmente, com determina\u00e7\u00e3o de colheita probat\u00f3ria pelo  juiz respons\u00e1vel pela instru\u00e7\u00e3o da a\u00e7\u00e3o penal. O deputado \u00e9 acusado de contratar funcion\u00e1rios fantasmas na Assembleia Legislativa da Bahia (AL-BA). A a\u00e7\u00e3o penal contra Roberto Carlos foi proposta pelo Minist\u00e9rio P\u00fablico da Bahia (MP-BA) e aceita em uma vota\u00e7\u00e3o apertada no plen\u00e1rio do TJ-BA, ap\u00f3s descoberta de um erro na apura\u00e7\u00e3o dos votos (<strong><a href=\"https:\/\/www.bahianoticias.com.br\/justica\/noticia\/60315-reviravolta-tj-corrige-erro-e-recebe-denuncia-contra-deputado-da-operacao-detalhes.html\">veja aqui<\/a><\/strong>). A Corte ficou dividida se as provas colhidas no curso da investiga\u00e7\u00e3o n\u00e3o estariam <em>&#8220;envenenadas&#8221;<\/em>, por terem sido obtidas sem pr\u00e9via autoriza\u00e7\u00e3o judicial.<\/p>\n\n\n\n<p>O parlamentar foi investigado na Opera\u00e7\u00e3o Detalhes em 2012, com realiza\u00e7\u00e3o de mandados de busca e apreens\u00e3o na AL-BA, em Juazeiro, Uau\u00e1 e Petrolina. O relat\u00f3rio do Coaf apontou que o deputado supostamente mantinha oito funcion\u00e1rios fantasmas, que receberiam entre R$ 3 mil e R$ 8 mil (<strong><a href=\"https:\/\/www.bahianoticias.com.br\/justica\/noticia\/58650-detalhes-voto-vista-pede-arquivamento-e-rejeicao-de-denuncia-contra-roberto-carlos.html\">saiba mais<\/a><\/strong>). De acordo com a den\u00fancia, foram registrados dep\u00f3sitos em dinheiro que totalizavam R$ 203,5 mil.<\/p>\n\n\n\n<p>A defesa do parlamentar fez um pedido em junho deste ano para que o caso n\u00e3o fosse julgado pelo Pleno do TJ-BA e sim na Se\u00e7\u00e3o Criminal, composta por um qu\u00f3rum menor de desembargadores. Ainda pediu o reconhecimento da nulidade da decis\u00e3o que afastou os sigilos banc\u00e1rios e fiscal do acusado, declarando, posteriormente, a <em>\u201cilicitude das provas produzidas a partir dela, bem como de todas as outras derivadas das il\u00edcitas, seja em raz\u00e3o da aus\u00eancia de fundamenta\u00e7\u00e3o da decis\u00e3o ou mesmo por conta da incompet\u00eancia da Justi\u00e7a Federal para apreciar o pedido formulado pela Autoridade Policial\u201d<\/em>.<\/p>\n\n\n\n<p>Quando o processo foi suspenso, a Procuradoria-Geral de Justi\u00e7a apresentou um recurso declarando que o relat\u00f3rio de intelig\u00eancia do antigo Coaf, atual Unidade de Intelig\u00eancia Financeira (UIF), utilizado no caso, n\u00e3o foi detalhado. A defesa do parlamentar, por sua vez, declarou que o antigo Coaf n\u00e3o se limitou a <em>\u201cinformar os montantes globais e titulares das transa\u00e7\u00f5es banc\u00e1rias supostamente il\u00edcitas\u201d<\/em>.<\/p>\n\n\n\n<p>O desembargador, no despacho, afirma que o processo deve voltar a tramitar normalmente, pois <em>\u201cn\u00e3o mais subsiste controv\u00e9rsia acerca da legitimidade do relat\u00f3rio de intelig\u00eancia que deu base ao in\u00edcio deste processo\u201d<\/em>. Travessa, ao negar um embargo declarat\u00f3rio, afirmou ainda que <em>\u201cn\u00e3o se mostra prudente manter estagnado um feito de alta complexidade, que, exatamente por isso, j\u00e1 tramita de forma mais lenta, quando este encontra-se, em tese, pronto para instru\u00e7\u00e3o, sobretudo diante da exist\u00eancia de norma na Constitui\u00e7\u00e3o da Rep\u00fablica que estatui a necessidade de respeito \u00e0 dura\u00e7\u00e3o razo\u00e1vel do processo\u201d<\/em>.<\/p>\n","protected":false},"excerpt":{"rendered":"<p>Bahia Not\u00edcias O processo contra o deputado estadual Roberto Carlos (PDT-BA), deflagrado na Opera\u00e7\u00e3o Detalhes, ser\u00e1 retomado pelo Tribunal de Justi\u00e7a da Bahia (TJ-BA), ap\u00f3s decis\u00e3o do Supremo Tribunal Federal (STF) sobre compartilhamento de informa\u00e7\u00f5es de movimenta\u00e7\u00f5es financeiras com o Minist\u00e9rio P\u00fablico. O processo havia sido suspenso pelo relator do caso, desembargador J\u00falio Travessa, a [&hellip;]<\/p>\n","protected":false},"author":2,"featured_media":39475,"comment_status":"open","ping_status":"open","sticky":false,"template":"","format":"standard","meta":{"_acf_changed":false,"_monsterinsights_skip_tracking":false,"_monsterinsights_sitenote_active":false,"_monsterinsights_sitenote_note":"","_monsterinsights_sitenote_category":0,"_jetpack_memberships_contains_paid_content":false,"footnotes":"","jetpack_publicize_message":"","jetpack_publicize_feature_enabled":true,"jetpack_social_post_already_shared":true,"jetpack_social_options":{"image_generator_settings":{"template":"highway","default_image_id":0,"font":"","enabled":false},"version":2}},"categories":[1,3],"tags":[],"class_list":["post-39474","post","type-post","status-publish","format-standard","has-post-thumbnail","hentry","category-noticias","category-politica"],"acf":[],"jetpack_publicize_connections":[],"jetpack_featured_media_url":"https:\/\/i0.wp.com\/blogdoeloiltoncajuhy.com.br\/site\/wp-content\/uploads\/2019\/12\/DeputadoRobertoCarlos_0918.jpg?fit=380%2C280&ssl=1","jetpack_sharing_enabled":true,"publishpress_future_workflow_manual_trigger":{"enabledWorkflows":[]},"_links":{"self":[{"href":"https:\/\/blogdoeloiltoncajuhy.com.br\/site\/wp-json\/wp\/v2\/posts\/39474","targetHints":{"allow":["GET"]}}],"collection":[{"href":"https:\/\/blogdoeloiltoncajuhy.com.br\/site\/wp-json\/wp\/v2\/posts"}],"about":[{"href":"https:\/\/blogdoeloiltoncajuhy.com.br\/site\/wp-json\/wp\/v2\/types\/post"}],"author":[{"embeddable":true,"href":"https:\/\/blogdoeloiltoncajuhy.com.br\/site\/wp-json\/wp\/v2\/users\/2"}],"replies":[{"embeddable":true,"href":"https:\/\/blogdoeloiltoncajuhy.com.br\/site\/wp-json\/wp\/v2\/comments?post=39474"}],"version-history":[{"count":1,"href":"https:\/\/blogdoeloiltoncajuhy.com.br\/site\/wp-json\/wp\/v2\/posts\/39474\/revisions"}],"predecessor-version":[{"id":39476,"href":"https:\/\/blogdoeloiltoncajuhy.com.br\/site\/wp-json\/wp\/v2\/posts\/39474\/revisions\/39476"}],"wp:featuredmedia":[{"embeddable":true,"href":"https:\/\/blogdoeloiltoncajuhy.com.br\/site\/wp-json\/wp\/v2\/media\/39475"}],"wp:attachment":[{"href":"https:\/\/blogdoeloiltoncajuhy.com.br\/site\/wp-json\/wp\/v2\/media?parent=39474"}],"wp:term":[{"taxonomy":"category","embeddable":true,"href":"https:\/\/blogdoeloiltoncajuhy.com.br\/site\/wp-json\/wp\/v2\/categories?post=39474"},{"taxonomy":"post_tag","embeddable":true,"href":"https:\/\/blogdoeloiltoncajuhy.com.br\/site\/wp-json\/wp\/v2\/tags?post=39474"}],"curies":[{"name":"wp","href":"https:\/\/api.w.org\/{rel}","templated":true}]}}