{"id":39471,"date":"2019-12-10T06:44:40","date_gmt":"2019-12-10T09:44:40","guid":{"rendered":"http:\/\/blogdoeloiltoncajuhy.com.br\/site\/?p=39471"},"modified":"2019-12-10T06:44:46","modified_gmt":"2019-12-10T09:44:46","slug":"bahia-registra-75-casos-de-feminicidio-de-janeiro-a-setembro-10-deles-foram-em-salvador","status":"publish","type":"post","link":"https:\/\/blogdoeloiltoncajuhy.com.br\/site\/bahia-registra-75-casos-de-feminicidio-de-janeiro-a-setembro-10-deles-foram-em-salvador\/","title":{"rendered":"Bahia registra 75 casos de feminic\u00eddio de janeiro a setembro; 10 deles foram em Salvador"},"content":{"rendered":"\n<h5 class=\"has-text-align-center wp-block-heading\"><em>Informa\u00e7\u00f5es foram divulgadas pela Secretaria de Seguran\u00e7a P\u00fablica da Bahia (SSP-BA)<\/em><\/h5>\n\n\n\n<p><strong>Por TV Bahia e G1 BA<\/strong><\/p>\n\n\n\n<div class=\"wp-block-image\"><figure class=\"aligncenter size-large\"><img data-recalc-dims=\"1\" fetchpriority=\"high\" decoding=\"async\" width=\"709\" height=\"399\" src=\"https:\/\/i0.wp.com\/blogdoeloiltoncajuhy.com.br\/site\/wp-content\/uploads\/2019\/12\/Feminicidio.jpg?resize=709%2C399\" alt=\"\" class=\"wp-image-39472\" srcset=\"https:\/\/i0.wp.com\/blogdoeloiltoncajuhy.com.br\/site\/wp-content\/uploads\/2019\/12\/Feminicidio.jpg?w=709&amp;ssl=1 709w, https:\/\/i0.wp.com\/blogdoeloiltoncajuhy.com.br\/site\/wp-content\/uploads\/2019\/12\/Feminicidio.jpg?resize=300%2C169&amp;ssl=1 300w, https:\/\/i0.wp.com\/blogdoeloiltoncajuhy.com.br\/site\/wp-content\/uploads\/2019\/12\/Feminicidio.jpg?resize=250%2C141&amp;ssl=1 250w\" sizes=\"(max-width: 709px) 100vw, 709px\" \/><\/figure><\/div>\n\n\n\n<p> A Bahia registrou 75 casos de feminic\u00eddio de janeiro at\u00e9 setembro deste ano, segundo informa\u00e7\u00f5es da Secretaria de Seguran\u00e7a P\u00fablica da Bahia (SSP-BA). Um\u00a0<a href=\"https:\/\/g1.globo.com\/ba\/bahia\/noticia\/2018\/12\/27\/numero-de-feminicidios-cresce-6-na-bahia-em-2018-crimes-violentos-tem-reducao-de-115.ghtml\">caso a menos que todo o ano de 2018<\/a>.<\/p>\n\n\n\n<p>De acordo com a SSP, do total de casos, 10 aconteceram na capital baiana e 3 na regi\u00e3o metropolitana de Salvador. A secretaria ainda n\u00e3o tem o n\u00famero atualizado entre outubro e dezembro. Nesse per\u00edodo, a reportagem da TV Bahia e o G1 j\u00e1 noticiaram cerca de seis casos. <strong><em>[Veja abaixo]<\/em><\/strong><\/p>\n\n\n\n<p>Este ano, a Delegacia de Atendimento \u00e0 Mulher (Deam) do bairro de Brotas j\u00e1 registrou mais de 6 mil den\u00fancias de agress\u00e3o contra mulher. Os agressores geralmente s\u00e3o homens que n\u00e3o aceitam o fim do relacionamento ou a tentativa da mulher ter uma vida diferente.<\/p>\n\n\n\n<p class=\"has-medium-font-size\"><strong>Veja casos:<\/strong><\/p>\n\n\n\n<p>No dia 20 de outubro, a v\u00edtima Suse Bonfim Oliveira, de 50 anos, foi morta a facadas no bairro de Paripe. O suspeito \u00e9 o ex-marido, Jos\u00e9 Rocha, que foi preso dois dias ap\u00f3s o crime.<\/p>\n\n\n\n<p>Cerca de um m\u00eas depois, a estudante Elit\u00e2nia da Hora, de 25 anos, foi morta a tiros na cidade de Cachoeira, no rec\u00f4ncavo baiano. O suspeito \u00e9 o ex-namorado dela, Jos\u00e9 Alexandre Silva, que j\u00e1 foi preso.<\/p>\n\n\n\n<p>Ainda no m\u00eas de novembro, a estudante Rafaela Gomes, de 27 anos, foi encontrada morta em um lix\u00e3o desativado da cidade de Irec\u00ea. Segundo a pol\u00edcia, ela foi assassinada a mando do fisioterapeuta Alfredo Victor de Oliveira Mattos, com o qual ela tinha um relacionamento.<\/p>\n\n\n\n<p>No dia 3 de novembro, em Dias D&#8217; \u00c1vila, na regi\u00e3o metropolitana de Salvador, a cabeleireira Ana Cristina Santos, de 31 anos, foi morta a tiros pelo ex-namorado, que era PM e cometeu suic\u00eddio ap\u00f3s o crime.<\/p>\n\n\n\n<p>Tamb\u00e9m em 30 de novembro, a v\u00edtima Edna Alves de Souza foi morta a facadas, em Cama\u00e7ari, na regi\u00e3o metropolitana de Salvador. O suspeito \u00e9 o ex-namorado que chegou a ser preso, mas ap\u00f3s passar por audi\u00eancia de cust\u00f3dia, responde em liberdade.<\/p>\n\n\n\n<p>Na madrugada desta segunda-feira (9), a v\u00edtima Nara Silva Assis foi morta a tiros pelo companheiro Manuel Santos Silva, no bairro de Itapu\u00e3. Segundo informa\u00e7\u00f5es iniciais, o suspeito teria se matado logo ap\u00f3s o crime.<\/p>\n","protected":false},"excerpt":{"rendered":"<p>Informa\u00e7\u00f5es foram divulgadas pela Secretaria de Seguran\u00e7a P\u00fablica da Bahia (SSP-BA) Por TV Bahia e G1 BA A Bahia registrou 75 casos de feminic\u00eddio de janeiro at\u00e9 setembro deste ano, segundo informa\u00e7\u00f5es da Secretaria de Seguran\u00e7a P\u00fablica da Bahia (SSP-BA). Um\u00a0caso a menos que todo o ano de 2018. De acordo com a SSP, do [&hellip;]<\/p>\n","protected":false},"author":2,"featured_media":39472,"comment_status":"open","ping_status":"open","sticky":false,"template":"","format":"standard","meta":{"_acf_changed":false,"_monsterinsights_skip_tracking":false,"_monsterinsights_sitenote_active":false,"_monsterinsights_sitenote_note":"","_monsterinsights_sitenote_category":0,"_jetpack_memberships_contains_paid_content":false,"footnotes":"","jetpack_publicize_message":"","jetpack_publicize_feature_enabled":true,"jetpack_social_post_already_shared":true,"jetpack_social_options":{"image_generator_settings":{"template":"highway","default_image_id":0,"font":"","enabled":false},"version":2}},"categories":[5,1],"tags":[],"class_list":["post-39471","post","type-post","status-publish","format-standard","has-post-thumbnail","hentry","category-cotidiano","category-noticias"],"acf":[],"jetpack_publicize_connections":[],"jetpack_featured_media_url":"https:\/\/i0.wp.com\/blogdoeloiltoncajuhy.com.br\/site\/wp-content\/uploads\/2019\/12\/Feminicidio.jpg?fit=709%2C399&ssl=1","jetpack_sharing_enabled":true,"publishpress_future_workflow_manual_trigger":{"enabledWorkflows":[]},"_links":{"self":[{"href":"https:\/\/blogdoeloiltoncajuhy.com.br\/site\/wp-json\/wp\/v2\/posts\/39471","targetHints":{"allow":["GET"]}}],"collection":[{"href":"https:\/\/blogdoeloiltoncajuhy.com.br\/site\/wp-json\/wp\/v2\/posts"}],"about":[{"href":"https:\/\/blogdoeloiltoncajuhy.com.br\/site\/wp-json\/wp\/v2\/types\/post"}],"author":[{"embeddable":true,"href":"https:\/\/blogdoeloiltoncajuhy.com.br\/site\/wp-json\/wp\/v2\/users\/2"}],"replies":[{"embeddable":true,"href":"https:\/\/blogdoeloiltoncajuhy.com.br\/site\/wp-json\/wp\/v2\/comments?post=39471"}],"version-history":[{"count":1,"href":"https:\/\/blogdoeloiltoncajuhy.com.br\/site\/wp-json\/wp\/v2\/posts\/39471\/revisions"}],"predecessor-version":[{"id":39473,"href":"https:\/\/blogdoeloiltoncajuhy.com.br\/site\/wp-json\/wp\/v2\/posts\/39471\/revisions\/39473"}],"wp:featuredmedia":[{"embeddable":true,"href":"https:\/\/blogdoeloiltoncajuhy.com.br\/site\/wp-json\/wp\/v2\/media\/39472"}],"wp:attachment":[{"href":"https:\/\/blogdoeloiltoncajuhy.com.br\/site\/wp-json\/wp\/v2\/media?parent=39471"}],"wp:term":[{"taxonomy":"category","embeddable":true,"href":"https:\/\/blogdoeloiltoncajuhy.com.br\/site\/wp-json\/wp\/v2\/categories?post=39471"},{"taxonomy":"post_tag","embeddable":true,"href":"https:\/\/blogdoeloiltoncajuhy.com.br\/site\/wp-json\/wp\/v2\/tags?post=39471"}],"curies":[{"name":"wp","href":"https:\/\/api.w.org\/{rel}","templated":true}]}}