{"id":39456,"date":"2019-12-09T19:25:49","date_gmt":"2019-12-09T22:25:49","guid":{"rendered":"http:\/\/blogdoeloiltoncajuhy.com.br\/site\/?p=39456"},"modified":"2019-12-09T19:25:55","modified_gmt":"2019-12-09T22:25:55","slug":"rui-costa-e-presidente-do-stf-assinam-termo-para-criacao-de-escritorio-social","status":"publish","type":"post","link":"https:\/\/blogdoeloiltoncajuhy.com.br\/site\/rui-costa-e-presidente-do-stf-assinam-termo-para-criacao-de-escritorio-social\/","title":{"rendered":"Rui Costa e presidente do STF assinam termo para cria\u00e7\u00e3o de Escrit\u00f3rio Social"},"content":{"rendered":"\n<p><strong>Secom-BA<\/strong><\/p>\n\n\n\n<div class=\"wp-block-image\"><figure class=\"aligncenter size-large\"><img data-recalc-dims=\"1\" fetchpriority=\"high\" decoding=\"async\" width=\"800\" height=\"534\" src=\"https:\/\/i0.wp.com\/blogdoeloiltoncajuhy.com.br\/site\/wp-content\/uploads\/2019\/12\/EscritorioSocial-01.jpg?resize=800%2C534\" alt=\"\" class=\"wp-image-39457\" srcset=\"https:\/\/i0.wp.com\/blogdoeloiltoncajuhy.com.br\/site\/wp-content\/uploads\/2019\/12\/EscritorioSocial-01.jpg?w=1000&amp;ssl=1 1000w, https:\/\/i0.wp.com\/blogdoeloiltoncajuhy.com.br\/site\/wp-content\/uploads\/2019\/12\/EscritorioSocial-01.jpg?resize=300%2C200&amp;ssl=1 300w, https:\/\/i0.wp.com\/blogdoeloiltoncajuhy.com.br\/site\/wp-content\/uploads\/2019\/12\/EscritorioSocial-01.jpg?resize=768%2C512&amp;ssl=1 768w, https:\/\/i0.wp.com\/blogdoeloiltoncajuhy.com.br\/site\/wp-content\/uploads\/2019\/12\/EscritorioSocial-01.jpg?resize=250%2C167&amp;ssl=1 250w\" sizes=\"(max-width: 800px) 100vw, 800px\" \/><figcaption> <em>Assinatura do termo de coopera\u00e7\u00e3o t\u00e9cnica para implementa\u00e7\u00e3o do escrit\u00f3rio social (Foto: Alberto Coutinho\/GOVBA)<\/em> <\/figcaption><\/figure><\/div>\n\n\n\n<p>O governador Rui Costa assinou, nesta segunda-feira (9), o termo de coopera\u00e7\u00e3o t\u00e9cnica para implementa\u00e7\u00e3o do Escrit\u00f3rio Social na Bahia. O acordo, firmado entre Governo do Estado, Tribunal de Justi\u00e7a da Bahia (TJBA) e Conselho Nacional de Justi\u00e7a (CNJ), prev\u00ea a articula\u00e7\u00e3o entre Executivo, Judici\u00e1rio e sociedade civil para qualificar o retorno de egressos do sistema prisional \u00e0 sociedade. <\/p>\n\n\n\n<p>O presidente do Supremo Tribunal Federal (STF), ministro Dias Toffoli, e o presidente em exerc\u00edcio do TJBA, desembargador Augusto Bispo, participaram do ato, realizado no gabinete do governador, no Centro Administrativo da Bahia (CAB), em Salvador.  <\/p>\n\n\n\n<p><em>\u201cA ideia \u00e9 instalar [o escrit\u00f3rio] em Salvador, mas atendendo o estado inteiro. Hoje, a Bahia tem algo singular em rela\u00e7\u00e3o ao Brasil. N\u00f3s temos escrit\u00f3rios que fazem o monitoramento de presos que s\u00e3o condenados, mas n\u00e3o s\u00e3o encarcerados. \u00c9 um investimento que vale muito a pena. Se eles [detentos] n\u00e3o voltarem a reincidir, significa que a sociedade vai viver em paz. \u00c9 uma orienta\u00e7\u00e3o do CNJ que n\u00f3s estamos aderindo. N\u00f3s vamos implantar e repercutir isso nas 17 regi\u00f5es onde n\u00f3s temos esses n\u00facleos\u201d<\/em>, explicou Rui.<\/p>\n\n\n\n<div class=\"wp-block-image\"><figure class=\"aligncenter size-large\"><img data-recalc-dims=\"1\" decoding=\"async\" width=\"800\" height=\"534\" src=\"https:\/\/i0.wp.com\/blogdoeloiltoncajuhy.com.br\/site\/wp-content\/uploads\/2019\/12\/EscritorioSocial-02.jpg?resize=800%2C534\" alt=\"\" class=\"wp-image-39458\" srcset=\"https:\/\/i0.wp.com\/blogdoeloiltoncajuhy.com.br\/site\/wp-content\/uploads\/2019\/12\/EscritorioSocial-02.jpg?w=1000&amp;ssl=1 1000w, https:\/\/i0.wp.com\/blogdoeloiltoncajuhy.com.br\/site\/wp-content\/uploads\/2019\/12\/EscritorioSocial-02.jpg?resize=300%2C200&amp;ssl=1 300w, https:\/\/i0.wp.com\/blogdoeloiltoncajuhy.com.br\/site\/wp-content\/uploads\/2019\/12\/EscritorioSocial-02.jpg?resize=768%2C512&amp;ssl=1 768w, https:\/\/i0.wp.com\/blogdoeloiltoncajuhy.com.br\/site\/wp-content\/uploads\/2019\/12\/EscritorioSocial-02.jpg?resize=250%2C167&amp;ssl=1 250w\" sizes=\"(max-width: 800px) 100vw, 800px\" \/><figcaption><em>Assinatura do termo de coopera\u00e7\u00e3o t\u00e9cnica para implementa\u00e7\u00e3o do escrit\u00f3rio social (Foto: Alberto Coutinho\/GOVBA)<\/em><\/figcaption><\/figure><\/div>\n\n\n\n<p>J\u00e1 Toffoli destacou que o projeto \u00e9 voltado \u00e0 realoca\u00e7\u00e3o de egressos do sistema prisional, <em>&#8220;seja em trabalho, com educa\u00e7\u00e3o ou com aspectos relativos \u00e0 cultura, lazer e aprendizado. O Estado tem que trabalhar para isso em conjunto com a sociedade civil. \u00c9 um trabalho que tamb\u00e9m repercute para diminuir a viol\u00eancia, porque se evita que a pessoa volte a cometer delitos\u201d<\/em>.<\/p>\n\n\n\n<p>O Escrit\u00f3rio Social, equipamento fomentado desde 2016 pelo CNJ, chegar\u00e1 a 12 estados at\u00e9 o fim do ano. A expans\u00e3o e a melhoria de fluxos do Escrit\u00f3rio Social \u00e9 uma das a\u00e7\u00f5es do programa Justi\u00e7a Presente, parceria entre o CNJ, o Programa das Na\u00e7\u00f5es Unidas para o Desenvolvimento (PNUD) e o Minist\u00e9rio da Justi\u00e7a e Seguran\u00e7a P\u00fablica para enfrentar problemas estruturais do sistema prisional brasileiro. <\/p>\n\n\n\n<p>De acordo com o secret\u00e1rio de Administra\u00e7\u00e3o Penitenci\u00e1ria e Ressocializa\u00e7\u00e3o, Nestor Duarte, a Bahia j\u00e1 realiza a\u00e7\u00f5es de ressocializa\u00e7\u00e3o. <em>\u201cN\u00f3s temos 7 mil internos do sistema prisional estudando, trabalhando e muitos sendo remunerados\u201d<\/em>, afirmou.<\/p>\n\n\n\n<div class=\"wp-block-image\"><figure class=\"aligncenter size-large\"><img data-recalc-dims=\"1\" decoding=\"async\" width=\"800\" height=\"534\" src=\"https:\/\/i0.wp.com\/blogdoeloiltoncajuhy.com.br\/site\/wp-content\/uploads\/2019\/12\/EscritorioSocial-03.jpg?resize=800%2C534\" alt=\"\" class=\"wp-image-39459\" srcset=\"https:\/\/i0.wp.com\/blogdoeloiltoncajuhy.com.br\/site\/wp-content\/uploads\/2019\/12\/EscritorioSocial-03.jpg?w=1000&amp;ssl=1 1000w, https:\/\/i0.wp.com\/blogdoeloiltoncajuhy.com.br\/site\/wp-content\/uploads\/2019\/12\/EscritorioSocial-03.jpg?resize=300%2C200&amp;ssl=1 300w, https:\/\/i0.wp.com\/blogdoeloiltoncajuhy.com.br\/site\/wp-content\/uploads\/2019\/12\/EscritorioSocial-03.jpg?resize=768%2C512&amp;ssl=1 768w, https:\/\/i0.wp.com\/blogdoeloiltoncajuhy.com.br\/site\/wp-content\/uploads\/2019\/12\/EscritorioSocial-03.jpg?resize=250%2C167&amp;ssl=1 250w\" sizes=\"(max-width: 800px) 100vw, 800px\" \/><figcaption>  <em>Assinatura do termo de coopera\u00e7\u00e3o t\u00e9cnica para implementa\u00e7\u00e3o do escrit\u00f3rio social (Foto: Alberto Coutinho\/GOVBA)<\/em><\/figcaption><\/figure><\/div>\n","protected":false},"excerpt":{"rendered":"<p>Secom-BA O governador Rui Costa assinou, nesta segunda-feira (9), o termo de coopera\u00e7\u00e3o t\u00e9cnica para implementa\u00e7\u00e3o do Escrit\u00f3rio Social na Bahia. O acordo, firmado entre Governo do Estado, Tribunal de Justi\u00e7a da Bahia (TJBA) e Conselho Nacional de Justi\u00e7a (CNJ), prev\u00ea a articula\u00e7\u00e3o entre Executivo, Judici\u00e1rio e sociedade civil para qualificar o retorno de egressos [&hellip;]<\/p>\n","protected":false},"author":2,"featured_media":39459,"comment_status":"open","ping_status":"open","sticky":false,"template":"","format":"standard","meta":{"_acf_changed":false,"_monsterinsights_skip_tracking":false,"_monsterinsights_sitenote_active":false,"_monsterinsights_sitenote_note":"","_monsterinsights_sitenote_category":0,"_jetpack_memberships_contains_paid_content":false,"footnotes":"","jetpack_publicize_message":"","jetpack_publicize_feature_enabled":true,"jetpack_social_post_already_shared":true,"jetpack_social_options":{"image_generator_settings":{"template":"highway","default_image_id":0,"font":"","enabled":false},"version":2}},"categories":[1,3],"tags":[],"class_list":["post-39456","post","type-post","status-publish","format-standard","has-post-thumbnail","hentry","category-noticias","category-politica"],"acf":[],"jetpack_publicize_connections":[],"jetpack_featured_media_url":"https:\/\/i0.wp.com\/blogdoeloiltoncajuhy.com.br\/site\/wp-content\/uploads\/2019\/12\/EscritorioSocial-03.jpg?fit=1000%2C667&ssl=1","jetpack_sharing_enabled":true,"publishpress_future_workflow_manual_trigger":{"enabledWorkflows":[]},"_links":{"self":[{"href":"https:\/\/blogdoeloiltoncajuhy.com.br\/site\/wp-json\/wp\/v2\/posts\/39456","targetHints":{"allow":["GET"]}}],"collection":[{"href":"https:\/\/blogdoeloiltoncajuhy.com.br\/site\/wp-json\/wp\/v2\/posts"}],"about":[{"href":"https:\/\/blogdoeloiltoncajuhy.com.br\/site\/wp-json\/wp\/v2\/types\/post"}],"author":[{"embeddable":true,"href":"https:\/\/blogdoeloiltoncajuhy.com.br\/site\/wp-json\/wp\/v2\/users\/2"}],"replies":[{"embeddable":true,"href":"https:\/\/blogdoeloiltoncajuhy.com.br\/site\/wp-json\/wp\/v2\/comments?post=39456"}],"version-history":[{"count":1,"href":"https:\/\/blogdoeloiltoncajuhy.com.br\/site\/wp-json\/wp\/v2\/posts\/39456\/revisions"}],"predecessor-version":[{"id":39460,"href":"https:\/\/blogdoeloiltoncajuhy.com.br\/site\/wp-json\/wp\/v2\/posts\/39456\/revisions\/39460"}],"wp:featuredmedia":[{"embeddable":true,"href":"https:\/\/blogdoeloiltoncajuhy.com.br\/site\/wp-json\/wp\/v2\/media\/39459"}],"wp:attachment":[{"href":"https:\/\/blogdoeloiltoncajuhy.com.br\/site\/wp-json\/wp\/v2\/media?parent=39456"}],"wp:term":[{"taxonomy":"category","embeddable":true,"href":"https:\/\/blogdoeloiltoncajuhy.com.br\/site\/wp-json\/wp\/v2\/categories?post=39456"},{"taxonomy":"post_tag","embeddable":true,"href":"https:\/\/blogdoeloiltoncajuhy.com.br\/site\/wp-json\/wp\/v2\/tags?post=39456"}],"curies":[{"name":"wp","href":"https:\/\/api.w.org\/{rel}","templated":true}]}}