{"id":39453,"date":"2019-12-09T15:26:29","date_gmt":"2019-12-09T18:26:29","guid":{"rendered":"http:\/\/blogdoeloiltoncajuhy.com.br\/site\/?p=39453"},"modified":"2019-12-09T15:26:35","modified_gmt":"2019-12-09T18:26:35","slug":"prefeitura-de-jaguarari-lanca-nesta-terca-feira-o-projeto-verao-saude","status":"publish","type":"post","link":"https:\/\/blogdoeloiltoncajuhy.com.br\/site\/prefeitura-de-jaguarari-lanca-nesta-terca-feira-o-projeto-verao-saude\/","title":{"rendered":"Prefeitura de Jaguarari lan\u00e7a nesta ter\u00e7a-feira o Projeto Ver\u00e3o Sa\u00fade"},"content":{"rendered":"\n<p><strong>ASCOM \u2013 Prefeitura de Jaguarari-BA<\/strong><\/p>\n\n\n\n<div class=\"wp-block-image\"><figure class=\"aligncenter size-large is-resized\"><img fetchpriority=\"high\" decoding=\"async\" src=\"https:\/\/i0.wp.com\/blogdoeloiltoncajuhy.com.br\/site\/wp-content\/uploads\/2019\/12\/PMJ_ProjetoVer\u00e3o-2019.jpg?fit=590%2C590\" alt=\"\" class=\"wp-image-39454\" width=\"348\" height=\"348\" srcset=\"https:\/\/i0.wp.com\/blogdoeloiltoncajuhy.com.br\/site\/wp-content\/uploads\/2019\/12\/PMJ_ProjetoVer%C3%A3o-2019.jpg?w=1280&amp;ssl=1 1280w, https:\/\/i0.wp.com\/blogdoeloiltoncajuhy.com.br\/site\/wp-content\/uploads\/2019\/12\/PMJ_ProjetoVer%C3%A3o-2019.jpg?resize=300%2C300&amp;ssl=1 300w, https:\/\/i0.wp.com\/blogdoeloiltoncajuhy.com.br\/site\/wp-content\/uploads\/2019\/12\/PMJ_ProjetoVer%C3%A3o-2019.jpg?resize=1024%2C1024&amp;ssl=1 1024w, https:\/\/i0.wp.com\/blogdoeloiltoncajuhy.com.br\/site\/wp-content\/uploads\/2019\/12\/PMJ_ProjetoVer%C3%A3o-2019.jpg?resize=150%2C150&amp;ssl=1 150w, https:\/\/i0.wp.com\/blogdoeloiltoncajuhy.com.br\/site\/wp-content\/uploads\/2019\/12\/PMJ_ProjetoVer%C3%A3o-2019.jpg?resize=768%2C768&amp;ssl=1 768w, https:\/\/i0.wp.com\/blogdoeloiltoncajuhy.com.br\/site\/wp-content\/uploads\/2019\/12\/PMJ_ProjetoVer%C3%A3o-2019.jpg?resize=250%2C250&amp;ssl=1 250w, https:\/\/i0.wp.com\/blogdoeloiltoncajuhy.com.br\/site\/wp-content\/uploads\/2019\/12\/PMJ_ProjetoVer%C3%A3o-2019.jpg?resize=48%2C48&amp;ssl=1 48w\" sizes=\"(max-width: 348px) 100vw, 348px\" \/><\/figure><\/div>\n\n\n\n<p>Acontece nesta ter\u00e7a-feira (10) o lan\u00e7amento do Projeto <strong><em>\u201cVer\u00e3o Sa\u00fade\u201d<\/em><\/strong>, \u00e0s 16h, na Pra\u00e7a de Conviv\u00eancia.<\/p>\n\n\n\n<p class=\"has-medium-font-size\"><strong>Ser\u00e3o disponibilizados os seguintes servi\u00e7os:<\/strong><\/p>\n\n\n\n<ul class=\"wp-block-list\"><li>Avalia\u00e7\u00e3o Nutricional com c\u00e1lculo do IMC e encaminhamento para tratamento se necess\u00e1rio;<\/li><\/ul>\n\n\n\n<ul class=\"wp-block-list\"><li>Atendimento com Cl\u00ednico Geral;<\/li><\/ul>\n\n\n\n<ul class=\"wp-block-list\"><li>Atendimento individualizado com Fisioterapeutas e Educadores F\u00edsicos.<\/li><\/ul>\n\n\n\n<p class=\"has-medium-font-size\"><strong>Aten\u00e7\u00e3o ao Cronograma:<\/strong><\/p>\n\n\n\n<ul class=\"wp-block-list\"><li>Segundas e sextas-feiras &#8211; ritmos;<\/li><\/ul>\n\n\n\n<ul class=\"wp-block-list\"><li>Ter\u00e7as, quartas e quintas-feiras &#8211; aulas de aer\u00f3bica, gin\u00e1stica localizada e step.<\/li><\/ul>\n\n\n\n<p>Informamos que o inicio das atividades ser\u00e1 sempre \u00e0s 17h30.<\/p>\n","protected":false},"excerpt":{"rendered":"<p>ASCOM \u2013 Prefeitura de Jaguarari-BA Acontece nesta ter\u00e7a-feira (10) o lan\u00e7amento do Projeto \u201cVer\u00e3o Sa\u00fade\u201d, \u00e0s 16h, na Pra\u00e7a de Conviv\u00eancia. Ser\u00e3o disponibilizados os seguintes servi\u00e7os: Avalia\u00e7\u00e3o Nutricional com c\u00e1lculo do IMC e encaminhamento para tratamento se necess\u00e1rio; Atendimento com Cl\u00ednico Geral; Atendimento individualizado com Fisioterapeutas e Educadores F\u00edsicos. Aten\u00e7\u00e3o ao Cronograma: Segundas e sextas-feiras [&hellip;]<\/p>\n","protected":false},"author":2,"featured_media":39454,"comment_status":"open","ping_status":"open","sticky":false,"template":"","format":"standard","meta":{"_acf_changed":false,"_monsterinsights_skip_tracking":false,"_monsterinsights_sitenote_active":false,"_monsterinsights_sitenote_note":"","_monsterinsights_sitenote_category":0,"_jetpack_memberships_contains_paid_content":false,"footnotes":"","jetpack_publicize_message":"","jetpack_publicize_feature_enabled":true,"jetpack_social_post_already_shared":true,"jetpack_social_options":{"image_generator_settings":{"template":"highway","default_image_id":0,"font":"","enabled":false},"version":2}},"categories":[1,11,7],"tags":[],"class_list":["post-39453","post","type-post","status-publish","format-standard","has-post-thumbnail","hentry","category-noticias","category-regional","category-saude"],"acf":[],"jetpack_publicize_connections":[],"jetpack_featured_media_url":"https:\/\/i0.wp.com\/blogdoeloiltoncajuhy.com.br\/site\/wp-content\/uploads\/2019\/12\/PMJ_ProjetoVer%C3%A3o-2019.jpg?fit=1280%2C1280&ssl=1","jetpack_sharing_enabled":true,"publishpress_future_workflow_manual_trigger":{"enabledWorkflows":[]},"_links":{"self":[{"href":"https:\/\/blogdoeloiltoncajuhy.com.br\/site\/wp-json\/wp\/v2\/posts\/39453","targetHints":{"allow":["GET"]}}],"collection":[{"href":"https:\/\/blogdoeloiltoncajuhy.com.br\/site\/wp-json\/wp\/v2\/posts"}],"about":[{"href":"https:\/\/blogdoeloiltoncajuhy.com.br\/site\/wp-json\/wp\/v2\/types\/post"}],"author":[{"embeddable":true,"href":"https:\/\/blogdoeloiltoncajuhy.com.br\/site\/wp-json\/wp\/v2\/users\/2"}],"replies":[{"embeddable":true,"href":"https:\/\/blogdoeloiltoncajuhy.com.br\/site\/wp-json\/wp\/v2\/comments?post=39453"}],"version-history":[{"count":1,"href":"https:\/\/blogdoeloiltoncajuhy.com.br\/site\/wp-json\/wp\/v2\/posts\/39453\/revisions"}],"predecessor-version":[{"id":39455,"href":"https:\/\/blogdoeloiltoncajuhy.com.br\/site\/wp-json\/wp\/v2\/posts\/39453\/revisions\/39455"}],"wp:featuredmedia":[{"embeddable":true,"href":"https:\/\/blogdoeloiltoncajuhy.com.br\/site\/wp-json\/wp\/v2\/media\/39454"}],"wp:attachment":[{"href":"https:\/\/blogdoeloiltoncajuhy.com.br\/site\/wp-json\/wp\/v2\/media?parent=39453"}],"wp:term":[{"taxonomy":"category","embeddable":true,"href":"https:\/\/blogdoeloiltoncajuhy.com.br\/site\/wp-json\/wp\/v2\/categories?post=39453"},{"taxonomy":"post_tag","embeddable":true,"href":"https:\/\/blogdoeloiltoncajuhy.com.br\/site\/wp-json\/wp\/v2\/tags?post=39453"}],"curies":[{"name":"wp","href":"https:\/\/api.w.org\/{rel}","templated":true}]}}