{"id":39440,"date":"2019-12-09T10:13:16","date_gmt":"2019-12-09T13:13:16","guid":{"rendered":"http:\/\/blogdoeloiltoncajuhy.com.br\/site\/?p=39440"},"modified":"2019-12-09T10:13:21","modified_gmt":"2019-12-09T13:13:21","slug":"primeiro-bonfim-moto-fest-anima-a-cidade-de-senhor-do-bonfim","status":"publish","type":"post","link":"https:\/\/blogdoeloiltoncajuhy.com.br\/site\/primeiro-bonfim-moto-fest-anima-a-cidade-de-senhor-do-bonfim\/","title":{"rendered":"Primeiro Bonfim Moto Fest anima a cidade de Senhor do Bonfim"},"content":{"rendered":"\n<p> <strong>ASCOM \u2013 P\u00e1gina as Melhores Coisas em Bonfim<\/strong> <\/p>\n\n\n\n<div class=\"wp-block-image\"><figure class=\"aligncenter size-large\"><img fetchpriority=\"high\" decoding=\"async\" width=\"1280\" height=\"853\" src=\"https:\/\/i1.wp.com\/blogdoeloiltoncajuhy.com.br\/site\/wp-content\/uploads\/2019\/12\/MotoClubFest-2019_02.jpg?fit=590%2C393\" alt=\"\" class=\"wp-image-39441\" srcset=\"https:\/\/i0.wp.com\/blogdoeloiltoncajuhy.com.br\/site\/wp-content\/uploads\/2019\/12\/MotoClubFest-2019_02.jpg?w=1280&amp;ssl=1 1280w, https:\/\/i0.wp.com\/blogdoeloiltoncajuhy.com.br\/site\/wp-content\/uploads\/2019\/12\/MotoClubFest-2019_02.jpg?resize=300%2C200&amp;ssl=1 300w, https:\/\/i0.wp.com\/blogdoeloiltoncajuhy.com.br\/site\/wp-content\/uploads\/2019\/12\/MotoClubFest-2019_02.jpg?resize=1024%2C682&amp;ssl=1 1024w, https:\/\/i0.wp.com\/blogdoeloiltoncajuhy.com.br\/site\/wp-content\/uploads\/2019\/12\/MotoClubFest-2019_02.jpg?resize=768%2C512&amp;ssl=1 768w, https:\/\/i0.wp.com\/blogdoeloiltoncajuhy.com.br\/site\/wp-content\/uploads\/2019\/12\/MotoClubFest-2019_02.jpg?resize=250%2C167&amp;ssl=1 250w\" sizes=\"(max-width: 800px) 100vw, 800px\" \/><\/figure><\/div>\n\n\n\n<p>De sexta-feira (06) at\u00e9 domingo (08), aconteceu na Pra\u00e7a Nova do Congresso, a primeira edi\u00e7\u00e3o do Bonfim Moto Fest 2019. O evento, promovido pelo Moto Clube Lobos Solit\u00e1rios, proporcionou um encontro de motociclistas de v\u00e1rias cidades, fomentou o desenvolvimento econ\u00f4mico local e agradou bastante tamb\u00e9m ao p\u00fablico bonfinense.<\/p>\n\n\n\n<p>Foram 3 dias de muito rock&#8217;n roll, com apresenta\u00e7\u00f5es de bandas locais e da capital baiana, em clima de descontra\u00e7\u00e3o e integra\u00e7\u00e3o, os quais o p\u00fablico p\u00f4de conferir de perto v\u00e1rios estandes, conhecer um encontro de motociclistas, trocar experi\u00eancias e conhecer melhor a cidade.<\/p>\n\n\n\n<p>O evento atraiu motociclistas de toda a Bahia e outros estados, como o Motociclista Rubens de Carvalho, que veio de S\u00e3o Lu\u00eds no Maranh\u00e3o prestigiar o evento.<\/p>\n\n\n\n<p><em>&#8220;Foi indescrit\u00edvel esse primeiro Bonfim Moto Fest. Agradecemos aos nossos irm\u00e3os motociclistas e ao nosso p\u00fablico bonfinense por terem participado de forma \u00fanica. Estamos extasiados at\u00e9 agora!&#8221;<\/em>, destaca a comiss\u00e3o organizadora do evento: Denis Alberto, Alexandre Borges, Igor Fabiano, \u00c9der,  Evanilton e Gilmar Mendes.<\/p>\n\n\n\n<div class=\"wp-block-image\"><figure class=\"aligncenter size-large\"><img decoding=\"async\" width=\"1280\" height=\"853\" src=\"https:\/\/i0.wp.com\/blogdoeloiltoncajuhy.com.br\/site\/wp-content\/uploads\/2019\/12\/MotoClubFest-2019_01.jpg?fit=590%2C393\" alt=\"\" class=\"wp-image-39442\" srcset=\"https:\/\/i0.wp.com\/blogdoeloiltoncajuhy.com.br\/site\/wp-content\/uploads\/2019\/12\/MotoClubFest-2019_01.jpg?w=1280&amp;ssl=1 1280w, https:\/\/i0.wp.com\/blogdoeloiltoncajuhy.com.br\/site\/wp-content\/uploads\/2019\/12\/MotoClubFest-2019_01.jpg?resize=300%2C200&amp;ssl=1 300w, https:\/\/i0.wp.com\/blogdoeloiltoncajuhy.com.br\/site\/wp-content\/uploads\/2019\/12\/MotoClubFest-2019_01.jpg?resize=1024%2C682&amp;ssl=1 1024w, https:\/\/i0.wp.com\/blogdoeloiltoncajuhy.com.br\/site\/wp-content\/uploads\/2019\/12\/MotoClubFest-2019_01.jpg?resize=768%2C512&amp;ssl=1 768w, https:\/\/i0.wp.com\/blogdoeloiltoncajuhy.com.br\/site\/wp-content\/uploads\/2019\/12\/MotoClubFest-2019_01.jpg?resize=250%2C167&amp;ssl=1 250w\" sizes=\"(max-width: 800px) 100vw, 800px\" \/><\/figure><\/div>\n","protected":false},"excerpt":{"rendered":"<p>ASCOM \u2013 P\u00e1gina as Melhores Coisas em Bonfim De sexta-feira (06) at\u00e9 domingo (08), aconteceu na Pra\u00e7a Nova do Congresso, a primeira edi\u00e7\u00e3o do Bonfim Moto Fest 2019. O evento, promovido pelo Moto Clube Lobos Solit\u00e1rios, proporcionou um encontro de motociclistas de v\u00e1rias cidades, fomentou o desenvolvimento econ\u00f4mico local e agradou bastante tamb\u00e9m ao p\u00fablico [&hellip;]<\/p>\n","protected":false},"author":2,"featured_media":39442,"comment_status":"open","ping_status":"open","sticky":false,"template":"","format":"standard","meta":{"_acf_changed":false,"_monsterinsights_skip_tracking":false,"_monsterinsights_sitenote_active":false,"_monsterinsights_sitenote_note":"","_monsterinsights_sitenote_category":0,"_jetpack_memberships_contains_paid_content":false,"footnotes":"","jetpack_publicize_message":"","jetpack_publicize_feature_enabled":true,"jetpack_social_post_already_shared":true,"jetpack_social_options":{"image_generator_settings":{"template":"highway","default_image_id":0,"font":"","enabled":false},"version":2}},"categories":[1,4],"tags":[],"class_list":["post-39440","post","type-post","status-publish","format-standard","has-post-thumbnail","hentry","category-noticias","category-local"],"acf":[],"jetpack_publicize_connections":[],"jetpack_featured_media_url":"https:\/\/i0.wp.com\/blogdoeloiltoncajuhy.com.br\/site\/wp-content\/uploads\/2019\/12\/MotoClubFest-2019_01.jpg?fit=1280%2C853&ssl=1","jetpack_sharing_enabled":true,"publishpress_future_workflow_manual_trigger":{"enabledWorkflows":[]},"_links":{"self":[{"href":"https:\/\/blogdoeloiltoncajuhy.com.br\/site\/wp-json\/wp\/v2\/posts\/39440","targetHints":{"allow":["GET"]}}],"collection":[{"href":"https:\/\/blogdoeloiltoncajuhy.com.br\/site\/wp-json\/wp\/v2\/posts"}],"about":[{"href":"https:\/\/blogdoeloiltoncajuhy.com.br\/site\/wp-json\/wp\/v2\/types\/post"}],"author":[{"embeddable":true,"href":"https:\/\/blogdoeloiltoncajuhy.com.br\/site\/wp-json\/wp\/v2\/users\/2"}],"replies":[{"embeddable":true,"href":"https:\/\/blogdoeloiltoncajuhy.com.br\/site\/wp-json\/wp\/v2\/comments?post=39440"}],"version-history":[{"count":1,"href":"https:\/\/blogdoeloiltoncajuhy.com.br\/site\/wp-json\/wp\/v2\/posts\/39440\/revisions"}],"predecessor-version":[{"id":39443,"href":"https:\/\/blogdoeloiltoncajuhy.com.br\/site\/wp-json\/wp\/v2\/posts\/39440\/revisions\/39443"}],"wp:featuredmedia":[{"embeddable":true,"href":"https:\/\/blogdoeloiltoncajuhy.com.br\/site\/wp-json\/wp\/v2\/media\/39442"}],"wp:attachment":[{"href":"https:\/\/blogdoeloiltoncajuhy.com.br\/site\/wp-json\/wp\/v2\/media?parent=39440"}],"wp:term":[{"taxonomy":"category","embeddable":true,"href":"https:\/\/blogdoeloiltoncajuhy.com.br\/site\/wp-json\/wp\/v2\/categories?post=39440"},{"taxonomy":"post_tag","embeddable":true,"href":"https:\/\/blogdoeloiltoncajuhy.com.br\/site\/wp-json\/wp\/v2\/tags?post=39440"}],"curies":[{"name":"wp","href":"https:\/\/api.w.org\/{rel}","templated":true}]}}