{"id":39437,"date":"2019-12-09T10:04:28","date_gmt":"2019-12-09T13:04:28","guid":{"rendered":"http:\/\/blogdoeloiltoncajuhy.com.br\/site\/?p=39437"},"modified":"2019-12-09T10:04:36","modified_gmt":"2019-12-09T13:04:36","slug":"relatorio-do-pnud-divulgado-nesta-segunda-feira-09-aponta-inicio-de-nova-geracao-de-desigualdades","status":"publish","type":"post","link":"https:\/\/blogdoeloiltoncajuhy.com.br\/site\/relatorio-do-pnud-divulgado-nesta-segunda-feira-09-aponta-inicio-de-nova-geracao-de-desigualdades\/","title":{"rendered":"Relat\u00f3rio do PNUD divulgado nesta segunda-feira (09) aponta in\u00edcio de nova gera\u00e7\u00e3o de desigualdades"},"content":{"rendered":"\n<h5 class=\"has-text-align-center wp-block-heading\"><em>Relat\u00f3rio Desenvolvimento Humano em 2019 aponta que Brasil manteve posi\u00e7\u00e3o de 79\u00aa ranking global de crescimento<\/em><\/h5>\n\n\n\n<p><strong>Can\u00e7\u00e3o Nova<\/strong><\/p>\n\n\n\n<div class=\"wp-block-image\"><figure class=\"aligncenter size-large\"><img data-recalc-dims=\"1\" fetchpriority=\"high\" decoding=\"async\" width=\"768\" height=\"432\" src=\"https:\/\/i0.wp.com\/blogdoeloiltoncajuhy.com.br\/site\/wp-content\/uploads\/2019\/12\/relatorio-desenvolvimento-humano-PNUDBrasil.jpg?resize=768%2C432\" alt=\"\" class=\"wp-image-39438\" srcset=\"https:\/\/i0.wp.com\/blogdoeloiltoncajuhy.com.br\/site\/wp-content\/uploads\/2019\/12\/relatorio-desenvolvimento-humano-PNUDBrasil.jpg?w=768&amp;ssl=1 768w, https:\/\/i0.wp.com\/blogdoeloiltoncajuhy.com.br\/site\/wp-content\/uploads\/2019\/12\/relatorio-desenvolvimento-humano-PNUDBrasil.jpg?resize=300%2C169&amp;ssl=1 300w, https:\/\/i0.wp.com\/blogdoeloiltoncajuhy.com.br\/site\/wp-content\/uploads\/2019\/12\/relatorio-desenvolvimento-humano-PNUDBrasil.jpg?resize=250%2C141&amp;ssl=1 250w\" sizes=\"(max-width: 768px) 100vw, 768px\" \/><figcaption><em>Relat\u00f3rio do PNUD analisa a desigualdade em tr\u00eas aspectos: al\u00e9m da renda, al\u00e9m das m\u00e9dias e al\u00e9m do hoje, propondo diversas recomenda\u00e7\u00f5es de pol\u00edticas p\u00fablicas para super\u00e1-la (Foto: Luiz Gon\u00e7alves Martins \/ PNUD Brasil)<\/em><\/figcaption><\/figure><\/div>\n\n\n\n<p>O mundo alcan\u00e7ou ganhos substanciais nos n\u00edveis b\u00e1sicos de sa\u00fade, educa\u00e7\u00e3o e padr\u00e3o de vida. No entanto, as necessidades de muitas pessoas permanecem n\u00e3o atendidas e, paralelamente, uma pr\u00f3xima gera\u00e7\u00e3o de desigualdades se inicia, colocando os ricos \u00e0 frente no desenvolvimento.<\/p>\n\n\n\n<p>\u00c9 o que aponta o Relat\u00f3rio de Desenvolvimento Humano de 2019, divulgado nesta segunda-feira, 9, pelo Programa das Na\u00e7\u00f5es Unidas para o Desenvolvimento (PNUD), com o t\u00edtulo: \u201cAl\u00e9m da renda, al\u00e9m das m\u00e9dias, al\u00e9m do hoje: desigualdades no desenvolvimento humano no s\u00e9culo XXI\u201d.<\/p>\n\n\n\n<p>O relat\u00f3rio analisa a desigualdade em tr\u00eas aspectos: al\u00e9m da renda, al\u00e9m das m\u00e9dias e al\u00e9m do hoje, propondo diversas recomenda\u00e7\u00f5es de pol\u00edticas p\u00fablicas para super\u00e1-la.<\/p>\n\n\n\n<p><em>\u201cPropomos que as pol\u00edticas de combate \u00e0 desigualdade devem ir al\u00e9m da renda, focalizando tamb\u00e9m em interven\u00e7\u00f5es ao longo da vida, em esferas como sa\u00fade e educa\u00e7\u00e3o, e come\u00e7ando antes mesmo do nascimento\u201d<\/em>, declara a Representante Residente do PNUD no Brasil, Katyna Argueta.<\/p>\n\n\n\n<p>Para o PNUD, as desigualdades entre os grupos populacionais, em diferentes locais e ao longo do tempo, tamb\u00e9m devem ser observadas. As desigualdades atuais e as novas dever\u00e3o interagir no futuro com as principais for\u00e7as sociais, econ\u00f4micas e ambientais para determinar a vida dos jovens de hoje e das futuras gera\u00e7\u00f5es.<\/p>\n\n\n\n<p class=\"has-medium-font-size\"><strong>Nova gera\u00e7\u00e3o de desigualdades<\/strong><\/p>\n\n\n\n<p>Segundo o relat\u00f3rio, as condi\u00e7\u00f5es de partida podem determinar os avan\u00e7os que uma pessoa consegue alcan\u00e7ar ao longo de sua vida. As desigualdades nas capacidades b\u00e1sicas \u2013 ligadas \u00e0s priva\u00e7\u00f5es mais extremas \u2013 est\u00e3o diminuindo. Ao mesmo tempo, as desigualdades est\u00e3o aumentando em capacidades avan\u00e7adas \u2013 refletindo aspectos da vida que provavelmente se tornar\u00e3o mais importantes no futuro, porque ser\u00e3o mais empoderadores. As pessoas empoderadas hoje parecem mais preparadas para avan\u00e7ar ainda mais amanh\u00e3.<\/p>\n\n\n\n<p>A propor\u00e7\u00e3o da popula\u00e7\u00e3o adulta com ensino superior, por exemplo, est\u00e1 crescendo seis vezes mais r\u00e1pido em pa\u00edses com desenvolvimento humano muito alto que em pa\u00edses com baixo desenvolvimento humano. As assinaturas de banda larga fixa est\u00e3o crescendo 15 vezes mais r\u00e1pido nos pa\u00edses de desenvolvimento humano muito alto, enquanto para os pa\u00edses de baixo desenvolvimento este servi\u00e7o n\u00e3o chega a atender 1% da popula\u00e7\u00e3o.<\/p>\n\n\n\n<p>Os desafios da mudan\u00e7a do clima e das transforma\u00e7\u00f5es tecnol\u00f3gicas s\u00e3o duas for\u00e7as que moldar\u00e3o o desenvolvimento humano no pr\u00f3ximo s\u00e9culo. Os mais pobres est\u00e3o mais vulner\u00e1veis aos impactos da mudan\u00e7a do clima e ter\u00e3o mais dificuldades para super\u00e1-los. Ao mesmo tempo, os avan\u00e7os tecnol\u00f3gicos n\u00e3o est\u00e3o favorecendo a sociedade igualitariamente. Pessoas com capacidades avan\u00e7adas se beneficiam mais dos progressos tecnol\u00f3gicos, e isso pode lan\u00e7ar os ricos ainda mais \u00e0 frente no futuro.<\/p>\n\n\n\n<p>No acesso \u00e0 tecnologia, por exemplo, os pa\u00edses em desenvolvimento possuem 67 assinaturas de telefonia m\u00f3vel por 100 habitantes, metade do n\u00famero em pa\u00edses de desenvolvimento humano muito alto.<\/p>\n\n\n\n<p>Investimentos em pesquisa e tecnologia t\u00eam elevado impacto na produtividade e no crescimento econ\u00f4mico. Segundo o relat\u00f3rio, o Brasil possui bons resultados neste ponto: dirigiu cerca de 1,3% do PIB a investimentos nessas duas \u00e0reas nos \u00faltimos anos, equiparando-se a pa\u00edses desenvolvidos como a Irlanda (3\u00ba melhor IDH do mundo), It\u00e1lia, Portugal, Nova Zel\u00e2ndia e Canad\u00e1, com gastos entre 1,2% e 1,5% do PIB. Esse resultado tamb\u00e9m coloca o Brasil \u00e0 frente de todos os pa\u00edses da Am\u00e9rica Latina.<\/p>\n\n\n\n<p class=\"has-medium-font-size\"><strong>IDH do Brasil mant\u00e9m tend\u00eancia de avan\u00e7o<\/strong><\/p>\n\n\n\n<p>Entre 1990 e 2018, o pa\u00eds apresenta aumento consistente do seu \u00cdndice de Desenvolvimento Humano (IDH), um crescimento de 24%.<\/p>\n\n\n\n<p>Em rela\u00e7\u00e3o a 2017, o Brasil apresentou leve crescimento de 0,001 no seu IDH, passando de 0,760 para 0,761. Esse resultado mant\u00e9m o Brasil no grupo de pa\u00edses com Alto Desenvolvimento Humano. Sua posi\u00e7\u00e3o no ranking de 189 pa\u00edses \u00e9 a 79\u00aa, juntamente com a Col\u00f4mbia.<\/p>\n\n\n\n<p>Na Am\u00e9rica do Sul, o Brasil \u00e9 o 4\u00ba pa\u00eds com maior IDH. Chile, Argentina e Uruguai aparecem na frente. Teve o quinto maior crescimento no IDH na regi\u00e3o entre 2010 e 2018.<\/p>\n\n\n\n<p>No entanto, quando o valor do IDH do Brasil tem descontada a desigualdade, ele apresenta uma perda de 24,5%. A parcela dos 10% mais ricos do Brasil concentram cerca de 42% da renda total do pa\u00eds.<\/p>\n\n\n\n<p class=\"has-medium-font-size\"><strong>Possibilidades de a\u00e7\u00e3o<\/strong><\/p>\n\n\n\n<p>O Relat\u00f3rio de Desenvolvimento Humano de 2019 faz um chamado para a a\u00e7\u00e3o e recomenda pol\u00edticas p\u00fablicas que podem apoiar os governos de todo o mundo no combate \u00e0s novas e variadas formas de desigualdade, que v\u00e3o para al\u00e9m da renda, das m\u00e9dias e do hoje.<\/p>\n\n\n\n<p>Pol\u00edticas antitruste, por exemplo, auxiliam os pa\u00edses a progredir em equidade e efici\u00eancia ao mesmo tempo. Elas restringem a capacidade das empresas, nivelando o campo de atua\u00e7\u00e3o e aumentando a efici\u00eancia, e levam a resultados mais equitativos, reduzindo a concentra\u00e7\u00e3o da renda. O caminho \u00e9 fortalecer o arcabou\u00e7o regulat\u00f3rio, garantindo o funcionamento do mercado concorrencial. Tais medidas contribuem para a redu\u00e7\u00e3o da pobreza e para impulsionar o crescimento e a produtividade.<\/p>\n\n\n\n<p>A promo\u00e7\u00e3o do desenvolvimento na primeira inf\u00e2ncia tem papel importante para garantir boas condi\u00e7\u00f5es de partida, logo nos primeiros anos de vida das pessoas. Instalar uma estrutura pol\u00edtica abrangente com diretrizes, ferramentas e padr\u00f5es nacionais, envolvendo os principais atores (pais, fam\u00edlias e institui\u00e7\u00f5es educacionais) na tomada de decis\u00e3o, \u00e9 uma das recomenda\u00e7\u00f5es do relat\u00f3rio.<\/p>\n\n\n\n<p>O \u00cdndice de Desenvolvimento Humano \u00e9 um indicador que vai de zero a um. Quanto mais pr\u00f3ximo de um, maior o desenvolvimento humano. O \u00edndice mede o progresso de uma na\u00e7\u00e3o a partir de tr\u00eas dimens\u00f5es: renda, sa\u00fade e educa\u00e7\u00e3o.<\/p>\n","protected":false},"excerpt":{"rendered":"<p>Relat\u00f3rio Desenvolvimento Humano em 2019 aponta que Brasil manteve posi\u00e7\u00e3o de 79\u00aa ranking global de crescimento Can\u00e7\u00e3o Nova O mundo alcan\u00e7ou ganhos substanciais nos n\u00edveis b\u00e1sicos de sa\u00fade, educa\u00e7\u00e3o e padr\u00e3o de vida. No entanto, as necessidades de muitas pessoas permanecem n\u00e3o atendidas e, paralelamente, uma pr\u00f3xima gera\u00e7\u00e3o de desigualdades se inicia, colocando os ricos [&hellip;]<\/p>\n","protected":false},"author":2,"featured_media":39438,"comment_status":"open","ping_status":"open","sticky":false,"template":"","format":"standard","meta":{"_acf_changed":false,"_monsterinsights_skip_tracking":false,"_monsterinsights_sitenote_active":false,"_monsterinsights_sitenote_note":"","_monsterinsights_sitenote_category":0,"_jetpack_memberships_contains_paid_content":false,"footnotes":"","jetpack_publicize_message":"","jetpack_publicize_feature_enabled":true,"jetpack_social_post_already_shared":true,"jetpack_social_options":{"image_generator_settings":{"template":"highway","default_image_id":0,"font":"","enabled":false},"version":2}},"categories":[5,1],"tags":[],"class_list":["post-39437","post","type-post","status-publish","format-standard","has-post-thumbnail","hentry","category-cotidiano","category-noticias"],"acf":[],"jetpack_publicize_connections":[],"jetpack_featured_media_url":"https:\/\/i0.wp.com\/blogdoeloiltoncajuhy.com.br\/site\/wp-content\/uploads\/2019\/12\/relatorio-desenvolvimento-humano-PNUDBrasil.jpg?fit=768%2C432&ssl=1","jetpack_sharing_enabled":true,"publishpress_future_workflow_manual_trigger":{"enabledWorkflows":[]},"_links":{"self":[{"href":"https:\/\/blogdoeloiltoncajuhy.com.br\/site\/wp-json\/wp\/v2\/posts\/39437","targetHints":{"allow":["GET"]}}],"collection":[{"href":"https:\/\/blogdoeloiltoncajuhy.com.br\/site\/wp-json\/wp\/v2\/posts"}],"about":[{"href":"https:\/\/blogdoeloiltoncajuhy.com.br\/site\/wp-json\/wp\/v2\/types\/post"}],"author":[{"embeddable":true,"href":"https:\/\/blogdoeloiltoncajuhy.com.br\/site\/wp-json\/wp\/v2\/users\/2"}],"replies":[{"embeddable":true,"href":"https:\/\/blogdoeloiltoncajuhy.com.br\/site\/wp-json\/wp\/v2\/comments?post=39437"}],"version-history":[{"count":1,"href":"https:\/\/blogdoeloiltoncajuhy.com.br\/site\/wp-json\/wp\/v2\/posts\/39437\/revisions"}],"predecessor-version":[{"id":39439,"href":"https:\/\/blogdoeloiltoncajuhy.com.br\/site\/wp-json\/wp\/v2\/posts\/39437\/revisions\/39439"}],"wp:featuredmedia":[{"embeddable":true,"href":"https:\/\/blogdoeloiltoncajuhy.com.br\/site\/wp-json\/wp\/v2\/media\/39438"}],"wp:attachment":[{"href":"https:\/\/blogdoeloiltoncajuhy.com.br\/site\/wp-json\/wp\/v2\/media?parent=39437"}],"wp:term":[{"taxonomy":"category","embeddable":true,"href":"https:\/\/blogdoeloiltoncajuhy.com.br\/site\/wp-json\/wp\/v2\/categories?post=39437"},{"taxonomy":"post_tag","embeddable":true,"href":"https:\/\/blogdoeloiltoncajuhy.com.br\/site\/wp-json\/wp\/v2\/tags?post=39437"}],"curies":[{"name":"wp","href":"https:\/\/api.w.org\/{rel}","templated":true}]}}